{"id":999,"date":"2017-01-31T10:06:00","date_gmt":"2017-01-31T12:06:00","guid":{"rendered":"http:\/\/www.brasal.com.br\/veiculos\/blog\/?p=999"},"modified":"2017-01-31T10:06:00","modified_gmt":"2017-01-31T12:06:00","slug":"cc-volkswagen","status":"publish","type":"post","link":"https:\/\/www.brasal.com.br\/veiculos\/blog\/2017\/01\/31\/cc-volkswagen\/","title":{"rendered":"CC: O respeito que o design imp\u00f5e, o motor exige"},"content":{"rendered":"<div style=\"width: 618px;\" class=\"wp-video\"><!--[if lt IE 9]><script>document.createElement('video');<\/script><![endif]-->\n<video class=\"wp-video-shortcode\" id=\"video-999-1\" width=\"618\" height=\"348\" preload=\"metadata\" controls=\"controls\"><source type=\"video\/mp4\" src=\"http:\/\/www.brasal.com.br\/veiculos\/blog\/wp-content\/uploads\/2017\/01\/CC_Design_VWBrasil.mp4?_=1\" \/><a href=\"http:\/\/www.brasal.com.br\/veiculos\/blog\/wp-content\/uploads\/2017\/01\/CC_Design_VWBrasil.mp4\">http:\/\/www.brasal.com.br\/veiculos\/blog\/wp-content\/uploads\/2017\/01\/CC_Design_VWBrasil.mp4<\/a><\/video><\/div>\n<table class=\"vwd4_table3col\" border=\"0\" cellspacing=\"0\" cellpadding=\"0\">\n<tbody>\n<tr class=\"vwd4_first\">\n<td class=\"vwd4_key\">Destaques<\/td>\n<td class=\"vwd4_space\"><\/td>\n<td class=\"vwd4_value\">\n<ul>\n<li>Far\u00f3is bixen\u00f4nio (opcional)<\/li>\n<li>Ar-condicionado digital de duas zonas &#8220;Climatronic&#8221;<\/li>\n<li>Couro &#8220;Nappa&#8221; Preto<\/li>\n<li>Rodas de liga leve 8J x 18<\/li>\n<li><a class=\"7674d921428809a3a530a419deae5955 vwd4_m1xx_feature_flyout_link\" rel=\"7674d921428809a3a530a419deae5955\">Transmiss\u00e3o DSG<\/a><\/li>\n<li>Volante multifuncional com comandos do sistema de som, computador de bordo, controle aut. de veloc. e shift paddles<\/li>\n<li>Bancos dianteiros com aquecimento<\/li>\n<li>Assistente de partida em subida &#8220;Auto Hold&#8221;<\/li>\n<li>&#8220;Park Pilot&#8221; &#8211; sensores de estacionamento dianteiros e traseiros<\/li>\n<li>Kessy (acesso ao ve\u00edculo sem o uso da chave e bot\u00e3o para partida do motor) + &#8220;Easy Open&#8221; (opcional)<\/li>\n<li>Sistema infotainment &#8220;Discover Media&#8221; com CD-Player, tela touchscreen 6,3&#8243;, bluetooth, SD-Card, USB e navega\u00e7\u00e3o (opcional)<\/li>\n<\/ul>\n<\/td>\n<\/tr>\n<tr>\n<td class=\"vwd4_key\">Motores<\/td>\n<td class=\"vwd4_space\"><\/td>\n<td class=\"vwd4_value\">\n<div class=\"vwd4_m437_engines vwd4_first\"><strong>Gasolina:<\/strong><\/p>\n<ul class=\"vwd4_clear\">\n<li><a class=\"vwd4_m437_linkFlyout\" href=\"http:\/\/www.vw.com.br\/pt\/carros\/cc\/versoes.s9_trimlevel_detail.suffix.html\/cc~2F2-0-tsi.html#flyout\">Motor 2.0l TSI<\/a><\/li>\n<\/ul>\n<\/div>\n<\/td>\n<\/tr>\n<tr>\n<td class=\"vwd4_key\">Transmiss\u00e3o<\/td>\n<td class=\"vwd4_space\"><\/td>\n<td class=\"vwd4_value\">Transmiss\u00e3o autom\u00e1tica DSG de 6 velocidades com fun\u00e7\u00e3o Tiptronic<\/td>\n<\/tr>\n<tr class=\"vwd4_last\">\n<td class=\"vwd4_key\">Portas<\/td>\n<td class=\"vwd4_space\"><\/td>\n<td class=\"vwd4_value\">4<\/td>\n<\/tr>\n<\/tbody>\n<\/table>\n<table class=\"vwd4_table3col\" border=\"0\" cellspacing=\"0\" cellpadding=\"0\">\n<tbody>\n<tr class=\"vwd4_first\">\n<td class=\"vwd4_key\">Itens de s\u00e9rie<\/td>\n<td class=\"vwd4_space\"><\/td>\n<td class=\"vwd4_value\">\n<ul>\n<li>&#8220;ABS&#8221; com &#8220;EBD&#8221;, Controle eletr\u00f4nico de Estabilidade &#8220;ESC&#8221; e Controle de tra\u00e7\u00e3o &#8220;ASR&#8221;<\/li>\n<li>2 Porta-copos dianteiros com cobertura<\/li>\n<li>4 alto-falantes e 4 tweeters<\/li>\n<li>6 airbags (2 frontais com desativa\u00e7\u00e3o do lado do passageiro, 2 laterais nos bancos dianteiros e 2 de cortina)<\/li>\n<li>Alerta de perda de press\u00e3o dos pneus<\/li>\n<li>Ar-condicionado digital de duas zonas &#8220;Climatronic&#8221;<\/li>\n<li>Assistente de partida em subida &#8220;Auto Hold&#8221;<\/li>\n<li>Banco traseiro com 3 apoios de cabe\u00e7a<\/li>\n<li>Bancos dianteiros com ajuste el\u00e9trico (lado do motorista com mem\u00f3ria)<\/li>\n<li>Bancos dianteiros com aquecimento<\/li>\n<li>Bloqueio eletr\u00f4nico do diferencial &#8220;EDS e XDS&#8221;<\/li>\n<li>Descanso de bra\u00e7o dianteiro central com porta-objetos e regulagem longitudinal e de altura<\/li>\n<li>Dire\u00e7\u00e3o Servotronic<\/li>\n<li>Espelho retrovisor interno antiofuscante autom\u00e1tico (eletrocr\u00f4mico)<\/li>\n<li>Espelhos retrovisores ext. eletricamente ajust\u00e1veis e rebat\u00edveis, aquec\u00edveis, com &#8220;Side Blinker&#8221; e fun\u00e7\u00e3o &#8220;Tilt Down&#8221;<\/li>\n<li>Far\u00f3is com sensor crepuscular e fun\u00e7\u00e3o &#8220;Coming &amp; Leaving Home&#8221;<\/li>\n<li>Far\u00f3is de neblina inteligentes com frisos cromados<\/li>\n<li>Freio de estacionamento eletr\u00f4nico<\/li>\n<li>Lanterna traseira com ilumina\u00e7\u00e3o em LED<\/li>\n<li>Sensor de chuva<\/li>\n<li>Sistema de alarme com comando remoto &#8220;Keyless&#8221;<\/li>\n<li>Volante multifuncional com comandos do sistema de som, computador de bordo, controle autom. de veloc. e shift paddle<\/li>\n<\/ul>\n<\/td>\n<\/tr>\n<tr>\n<td class=\"vwd4_key\">Kits<\/td>\n<td class=\"vwd4_space\"><\/td>\n<td class=\"vwd4_value\">\n<ul>\n<li>Item t\u00e9cnico<\/li>\n<\/ul>\n<\/td>\n<\/tr>\n<tr>\n<td class=\"vwd4_key\">Conforto<\/td>\n<td class=\"vwd4_space\"><\/td>\n<td class=\"vwd4_value\">\n<ul>\n<li>&#8220;Park Pilot&#8221; &#8211; sensores de estacionamento dianteiros e traseiros<\/li>\n<li>Computador de bordo com display multifuncional<\/li>\n<li>Controle autom\u00e1tico de velocidade &#8220;Piloto Autom\u00e1tico&#8221; com limitador de velocidade &#8220;Speed Limiter&#8221;<\/li>\n<li>Rel\u00f3gio anal\u00f3gico no painel de instrumentos<\/li>\n<\/ul>\n<\/td>\n<\/tr>\n<tr>\n<td class=\"vwd4_key\">Exterior<\/td>\n<td class=\"vwd4_space\"><\/td>\n<td class=\"vwd4_value\">\n<ul>\n<li>Rodas de liga leve Aro 18&#8243; &#8211; &#8220;Interlagos&#8221; com pneus 235\/40 R18 ContiSeal (autosselantes)<\/li>\n<li>Soleiras das portas em a\u00e7o inoxid\u00e1vel com logotipo &#8220;CC&#8221;<\/li>\n<\/ul>\n<\/td>\n<\/tr>\n<tr>\n<td class=\"vwd4_key\">Interior<\/td>\n<td class=\"vwd4_space\"><\/td>\n<td class=\"vwd4_value\">\n<ul>\n<li>Banco traseiro com encosto bipartido e rebat\u00edvel (1\/3 e 2\/3)<\/li>\n<li>Bancos dianteiros com apoios de cabe\u00e7a com regulagem longitudinal e de altura<\/li>\n<li>Tapetes dianteiros e traseiros em tecido<\/li>\n<\/ul>\n<\/td>\n<\/tr>\n<tr>\n<td class=\"vwd4_key\">Entretenimento<\/td>\n<td class=\"vwd4_space\"><\/td>\n<td class=\"vwd4_value\">\n<ul>\n<li>Sistema infotainment &#8220;Composition Media&#8221; com r\u00e1dio CD-Player, tela touchscreen, bluetooth, SD-Card e App-Connect<\/li>\n<\/ul>\n<\/td>\n<\/tr>\n<tr>\n<td class=\"vwd4_key\">Seguran\u00e7a<\/td>\n<td class=\"vwd4_space\"><\/td>\n<td class=\"vwd4_value\">\n<ul>\n<li>Detector de fadiga<\/li>\n<li>Far\u00f3is bixen\u00f4nio (opcional)<\/li>\n<li>Fixa\u00e7\u00e3o da cadeirinha de crian\u00e7a com sistema ISOFIX\u00ae<\/li>\n<li>Regulagem din\u00e2mica do facho do farol<\/li>\n<\/ul>\n<\/td>\n<\/tr>\n<tr class=\"vwd4_last\">\n<td class=\"vwd4_key\">Uncategorized<\/td>\n<td class=\"vwd4_space\"><\/td>\n<td class=\"vwd4_value\">\n<ul>\n<li>Pacote Standard<\/li>\n<\/ul>\n<\/td>\n<\/tr>\n<\/tbody>\n<\/table>\n<table class=\"vwd4_table3col\" border=\"0\" cellspacing=\"0\" cellpadding=\"0\">\n<tbody>\n<tr class=\"vwd4_first\">\n<td class=\"vwd4_key\">Cores<\/td>\n<td class=\"vwd4_space\"><\/td>\n<td class=\"vwd4_value\">\n<ul>\n<li>Azul Harvard<\/li>\n<li>Azul Night<\/li>\n<li>Marrom Oak<\/li>\n<li>Prata Sargas<\/li>\n<li>Prata Tungst\u00eanio<\/li>\n<li>Preto Mystic<\/li>\n<li>Branco Puro<\/li>\n<li>Cinza Urano<\/li>\n<\/ul>\n<\/td>\n<\/tr>\n<tr>\n<td class=\"vwd4_key\">Itens de s\u00e9rie<\/td>\n<td class=\"vwd4_space\"><\/td>\n<td class=\"vwd4_value\">\n<ul>\n<li>Kessy (acesso ao ve\u00edculo sem o uso da chave e bot\u00e3o para partida do motor) + &#8220;Easy Open&#8221; (opcional)<\/li>\n<\/ul>\n<\/td>\n<\/tr>\n<tr>\n<td class=\"vwd4_key\">Acabamento interno<\/td>\n<td class=\"vwd4_space\"><\/td>\n<td class=\"vwd4_value\">\n<ul>\n<li>Couro &#8220;Nappa&#8221; Bege<\/li>\n<li>Couro &#8220;Nappa&#8221; Marrom<\/li>\n<li>Couro &#8220;Nappa&#8221; Preto<\/li>\n<\/ul>\n<\/td>\n<\/tr>\n<tr>\n<td class=\"vwd4_key\">Apar\u00eancia<\/td>\n<td class=\"vwd4_space\"><\/td>\n<td class=\"vwd4_value\">\n<ul>\n<li><a class=\"vwd4_ajaxLayer vwd4_ajaxLayer_feature {'ajaxurl':'http:\/\/www.vw.com.br\/pt\/carros\/cc\/versoes.s7_layer.suffix.html\/features~2F35~2Faparencia~2Fgphkphk.html'} 9927a5277e6be5dce9aa84740b7ec5ea\" href=\"http:\/\/www.vw.com.br\/pt\/carros\/cc\/versoes.m437_tabcontent.fallback.s7_layer.suffix.html\/cc~2F2-0-tsi\/features~2F35~2Faparencia~2Fgphkphk\/tab=FEATURES_OPTIONAL.html\" rel=\"9927a5277e6be5dce9aa84740b7ec5ea\">Teto de vidro com abertura angular<\/a><\/li>\n<\/ul>\n<\/td>\n<\/tr>\n<tr>\n<td class=\"vwd4_key\">Kits<\/td>\n<td class=\"vwd4_space\"><\/td>\n<td class=\"vwd4_value\">\n<ul>\n<li>C\u00e2mera traseira (opcional)<\/li>\n<\/ul>\n<\/td>\n<\/tr>\n<tr class=\"vwd4_last\">\n<td class=\"vwd4_key\">Tecnol\u00f3gicos<\/td>\n<td class=\"vwd4_space\"><\/td>\n<td class=\"vwd4_value\">\n<ul>\n<li>Sistema de som Dynaudio<\/li>\n<\/ul>\n<\/td>\n<\/tr>\n<\/tbody>\n<\/table>\n","protected":false},"excerpt":{"rendered":"<p>Destaques Far\u00f3is bixen\u00f4nio (opcional) Ar-condicionado digital de duas zonas &#8220;Climatronic&#8221; Couro &#8220;Nappa&#8221; Preto Rodas de liga leve 8J x 18 Transmiss\u00e3o DSG Volante multifuncional com comandos do sistema de som, computador de bordo, controle aut. de veloc. e shift paddles Bancos dianteiros com aquecimento Assistente de partida em subida &#8220;Auto Hold&#8221; &#8220;Park Pilot&#8221; &#8211; sensores &hellip;<\/p>\n","protected":false},"author":4,"featured_media":1001,"comment_status":"open","ping_status":"open","sticky":false,"template":"","format":"standard","meta":[],"categories":[3],"tags":[74,168,171,192,191,99],"_links":{"self":[{"href":"https:\/\/www.brasal.com.br\/veiculos\/blog\/wp-json\/wp\/v2\/posts\/999"}],"collection":[{"href":"https:\/\/www.brasal.com.br\/veiculos\/blog\/wp-json\/wp\/v2\/posts"}],"about":[{"href":"https:\/\/www.brasal.com.br\/veiculos\/blog\/wp-json\/wp\/v2\/types\/post"}],"author":[{"embeddable":true,"href":"https:\/\/www.brasal.com.br\/veiculos\/blog\/wp-json\/wp\/v2\/users\/4"}],"replies":[{"embeddable":true,"href":"https:\/\/www.brasal.com.br\/veiculos\/blog\/wp-json\/wp\/v2\/comments?post=999"}],"version-history":[{"count":1,"href":"https:\/\/www.brasal.com.br\/veiculos\/blog\/wp-json\/wp\/v2\/posts\/999\/revisions"}],"predecessor-version":[{"id":1002,"href":"https:\/\/www.brasal.com.br\/veiculos\/blog\/wp-json\/wp\/v2\/posts\/999\/revisions\/1002"}],"wp:featuredmedia":[{"embeddable":true,"href":"https:\/\/www.brasal.com.br\/veiculos\/blog\/wp-json\/wp\/v2\/media\/1001"}],"wp:attachment":[{"href":"https:\/\/www.brasal.com.br\/veiculos\/blog\/wp-json\/wp\/v2\/media?parent=999"}],"wp:term":[{"taxonomy":"category","embeddable":true,"href":"https:\/\/www.brasal.com.br\/veiculos\/blog\/wp-json\/wp\/v2\/categories?post=999"},{"taxonomy":"post_tag","embeddable":true,"href":"https:\/\/www.brasal.com.br\/veiculos\/blog\/wp-json\/wp\/v2\/tags?post=999"}],"curies":[{"name":"wp","href":"https:\/\/api.w.org\/{rel}","templated":true}]}}