{"id":982,"date":"2017-01-30T16:52:39","date_gmt":"2017-01-30T18:52:39","guid":{"rendered":"http:\/\/www.brasal.com.br\/veiculos\/blog\/?p=982"},"modified":"2017-01-30T16:52:39","modified_gmt":"2017-01-30T18:52:39","slug":"touareg-sofisticacao-em-qualquer-terreno","status":"publish","type":"post","link":"https:\/\/www.brasal.com.br\/veiculos\/blog\/2017\/01\/30\/touareg-sofisticacao-em-qualquer-terreno\/","title":{"rendered":"Touareg: Sofistica\u00e7\u00e3o em qualquer terreno"},"content":{"rendered":"<div style=\"width: 618px;\" class=\"wp-video\"><!--[if lt IE 9]><script>document.createElement('video');<\/script><![endif]-->\n<video class=\"wp-video-shortcode\" id=\"video-982-1\" width=\"618\" height=\"348\" preload=\"metadata\" controls=\"controls\"><source type=\"video\/mp4\" src=\"http:\/\/www.brasal.com.br\/veiculos\/blog\/wp-content\/uploads\/2017\/01\/Touareg_R_Line_Mais_Tecnologia_e_Design_VWBrasil.mp4?_=1\" \/><a href=\"http:\/\/www.brasal.com.br\/veiculos\/blog\/wp-content\/uploads\/2017\/01\/Touareg_R_Line_Mais_Tecnologia_e_Design_VWBrasil.mp4\">http:\/\/www.brasal.com.br\/veiculos\/blog\/wp-content\/uploads\/2017\/01\/Touareg_R_Line_Mais_Tecnologia_e_Design_VWBrasil.mp4<\/a><\/video><\/div>\n<table class=\"vwd4_table3col\" border=\"0\" cellspacing=\"0\" cellpadding=\"0\">\n<tbody>\n<tr class=\"vwd4_first\">\n<td class=\"vwd4_key\">Destaques<\/td>\n<td class=\"vwd4_space\"><\/td>\n<td class=\"vwd4_value\">\n<ul>\n<li><a class=\"bd231e14c6b30f44fc6297af49fe5fb1 vwd4_m1xx_feature_flyout_link\" rel=\"bd231e14c6b30f44fc6297af49fe5fb1\">Tra\u00e7\u00e3o integral &#8220;4MOTION&#8221;<\/a><\/li>\n<li>Suspens\u00e3o pneum\u00e1tica<\/li>\n<li><a class=\"0f72dca661e8518ca0bb435012c0067f vwd4_m1xx_feature_flyout_link\" rel=\"0f72dca661e8518ca0bb435012c0067f\">Rodas de liga leve 20&#8243; &#8211; &#8220;Tarragona&#8221; com pneus 275\/45 R20<\/a><\/li>\n<li>Ar-condicionado digital de quatro zonas &#8220;Climatronic&#8221;<\/li>\n<li>Bancos dianteiros esportivos<\/li>\n<li>6 airbags (2 frontais com desativa\u00e7\u00e3o do lado do passageiro, 2 laterais nos bancos dianteiros e 2 de cortina)<\/li>\n<li>C\u00e2mera traseira<\/li>\n<li>Far\u00f3is bixen\u00f4nio com luz de condu\u00e7\u00e3o diurna em LED, regulagem din\u00e2mica de altura e luz de convers\u00e3o din\u00e2mica<\/li>\n<li>ABS com EBD, MSR, Controle eletr\u00f4nico de Estabilidade ESC, Bloqueio eletr\u00f4nico do diferencial EDS e Controle de tra\u00e7\u00e3o ASR<\/li>\n<li><a class=\"56ebf82e65477bd60b133dac7cf34f74 vwd4_m1xx_feature_flyout_link\" rel=\"56ebf82e65477bd60b133dac7cf34f74\">Motor V8 FSI<\/a><\/li>\n<li><a class=\"c731c81690ecc60e6080f5296156321c vwd4_m1xx_feature_flyout_link\" rel=\"c731c81690ecc60e6080f5296156321c\">Suspens\u00e3o a ar<\/a><\/li>\n<li>R\u00e1dio RNS 850 com sistema de navega\u00e7\u00e3o integrado<\/li>\n<li>&#8220;Kessy&#8221; &#8211; sistema de acesso ao ve\u00edculo sem o uso da chave e bot\u00e3o para partida do motor<\/li>\n<li>Bancos dianteiros com aquecimento<\/li>\n<li>Freio de estacionamento eletr\u00f4nico com fun\u00e7\u00e3o &#8220;Auto-Hold&#8221;<\/li>\n<li>Volante multifuncional com comandos do sist. de som,comp. de bordo, controle autom. de velocidade e shift paddles<\/li>\n<\/ul>\n<\/td>\n<\/tr>\n<tr>\n<td class=\"vwd4_key\">Motores<\/td>\n<td class=\"vwd4_space\"><\/td>\n<td class=\"vwd4_value\">\n<div class=\"vwd4_m437_engines vwd4_first\"><strong>-:<\/strong><\/p>\n<ul class=\"vwd4_clear\">\n<li><a class=\"vwd4_m437_linkFlyout\" href=\"http:\/\/www.vw.com.br\/pt\/carros\/Touareg\/versoes.s9_trimlevel_detail.suffix.html\/touareg-v8-r-line~2Fv8-fsi-r-line.html#flyout\">Motor V8 FSI<\/a><\/li>\n<\/ul>\n<\/div>\n<\/td>\n<\/tr>\n<tr>\n<td class=\"vwd4_key\">Transmiss\u00e3o<\/td>\n<td class=\"vwd4_space\"><\/td>\n<td class=\"vwd4_value\">Transmiss\u00e3o autom\u00e1tica de 8 velocidades com fun\u00e7\u00e3o Tiptronic<\/td>\n<\/tr>\n<tr class=\"vwd4_last\">\n<td class=\"vwd4_key\">Portas<\/td>\n<td class=\"vwd4_space\"><\/td>\n<td class=\"vwd4_value\">4<\/td>\n<\/tr>\n<\/tbody>\n<\/table>\n<div class=\"vwd4_module3col vwd4_m437\">\n<div class=\"vwd4_m129\">\n<div class=\"vwd4_tabContent vwd4_clear bbc20fafc32740dc9c858daa9386e591\">\n<div class=\"vwd4_module3col vwd4_m120 vwd4_m437_2\">\n<table class=\"vwd4_table3col\" border=\"0\" cellspacing=\"0\" cellpadding=\"0\">\n<tbody>\n<tr class=\"vwd4_first\">\n<td class=\"vwd4_key\">Itens de s\u00e9rie<\/td>\n<td class=\"vwd4_space\"><\/td>\n<td class=\"vwd4_value\">\n<ul>\n<li>&#8220;Keyless&#8221; &#8211; sistema de alarme com comando remoto<\/li>\n<li>&#8220;Park Pilot&#8221; &#8211; sensores de estacionamento dianteiros e traseiros<\/li>\n<li>&#8220;Piloto autom\u00e1tico&#8221; &#8211; controle autom\u00e1tico de velocidade<\/li>\n<li>2 Porta-copos dianteiros<\/li>\n<li>6 airbags (2 frontais com desativa\u00e7\u00e3o do lado do passageiro, 2 laterais nos bancos dianteiros e 2 de cortina)<\/li>\n<li>8 alto-falantes<\/li>\n<li>ABS com EBD, MSR, Controle eletr\u00f4nico de Estabilidade ESC, Bloqueio eletr\u00f4nico do diferencial EDS e Controle de tra\u00e7\u00e3o ASR<\/li>\n<li>Alerta de n\u00e3o utiliza\u00e7\u00e3o do cinto de seguran\u00e7a<\/li>\n<li>Apoios de cabe\u00e7a dianteiros com ajuste longitudinal e de altura<\/li>\n<li>Apoios lombares dianteiros eletricamente ajust\u00e1veis<\/li>\n<li>Bancos dianteiros com ajustes el\u00e9tricos e com mem\u00f3ria para o motorista<\/li>\n<li>Bancos dianteiros com aquecimento<\/li>\n<li>Bancos dianteiros esportivos<\/li>\n<li>Cintos de seguran\u00e7a dianteiros com ajuste de altura e pr\u00e9-tensionador<\/li>\n<li>Cintos de seguran\u00e7a traseiros de 3 pontos com retorno autom\u00e1tico<\/li>\n<li>Coluna de dire\u00e7\u00e3o com ajuste de altura e profundidade<\/li>\n<li>Descanso de bra\u00e7o dianteiro central com porta-objetos e regulagem longitudinal e de altura<\/li>\n<li>Descanso de bra\u00e7o traseiro central<\/li>\n<li>Detector de fadiga<\/li>\n<li>Dire\u00e7\u00e3o Servotronic<\/li>\n<li>Display multifuncional &#8220;Premium&#8221; colorido<\/li>\n<li>Encosto do banco traseiro rebat\u00edvel atrav\u00e9s do destravamento por controle remoto e bi-partido<\/li>\n<li>Espelho retrovisor interno antiofuscante (eletrocr\u00f4mico)<\/li>\n<li>Espelhos retrovisores externos eletricamente ajust\u00e1veis, rebat\u00edveis, aquec\u00edveis e antiofuscamento autom\u00e1tico<\/li>\n<li>Far\u00f3is de neblina<\/li>\n<li>Freio de estacionamento eletr\u00f4nico com fun\u00e7\u00e3o &#8220;Auto-Hold&#8221;<\/li>\n<li>Indicador de perda de press\u00e3o dos pneus<\/li>\n<li>Porta-objetos dianteiro com cobertura<\/li>\n<li>Sensores de chuva e crepuscular com fun\u00e7\u00e3o &#8220;Coming &amp; Leaving Home&#8221; dos far\u00f3is<\/li>\n<li>Tomada 12V no console central na parte dianteira e traseira e no compartimento de bagagens<\/li>\n<li>Volante multifuncional aquec\u00edvel com &#8220;shift paddles&#8221; e logo &#8220;R-Line&#8221;<\/li>\n<\/ul>\n<\/td>\n<\/tr>\n<tr>\n<td class=\"vwd4_key\">Motores e transmiss\u00f5es<\/td>\n<td class=\"vwd4_space\"><\/td>\n<td class=\"vwd4_value\">\n<ul>\n<li><a class=\"bd231e14c6b30f44fc6297af49fe5fb1 vwd4_m1xx_feature_flyout_link\" rel=\"bd231e14c6b30f44fc6297af49fe5fb1\">Tra\u00e7\u00e3o integral &#8220;4MOTION&#8221;<\/a><\/li>\n<\/ul>\n<\/td>\n<\/tr>\n<tr>\n<td class=\"vwd4_key\">Apar\u00eancia<\/td>\n<td class=\"vwd4_space\"><\/td>\n<td class=\"vwd4_value\">\n<ul>\n<li>Pacote R-Line<\/li>\n<li>Pedais em a\u00e7o inoxid\u00e1vel &#8220;R-Line&#8221;<\/li>\n<\/ul>\n<\/td>\n<\/tr>\n<tr>\n<td class=\"vwd4_key\">Tecnol\u00f3gicos<\/td>\n<td class=\"vwd4_space\"><\/td>\n<td class=\"vwd4_value\">\n<ul>\n<li>C\u00e2mera traseira<\/li>\n<\/ul>\n<\/td>\n<\/tr>\n<tr>\n<td class=\"vwd4_key\">Interior<\/td>\n<td class=\"vwd4_space\"><\/td>\n<td class=\"vwd4_value\">\n<ul>\n<li>Banco traseiro com encosto bi-partido, rebat\u00edvel e com descanso de bra\u00e7o central<\/li>\n<li>Revestimentos dos bancos em couro<\/li>\n<li>Tapetes adicionais em carpete<\/li>\n<\/ul>\n<\/td>\n<\/tr>\n<tr>\n<td class=\"vwd4_key\">Entretenimento<\/td>\n<td class=\"vwd4_space\"><\/td>\n<td class=\"vwd4_value\">\n<ul>\n<li>R\u00e1dio RNS 850 com sistema de navega\u00e7\u00e3o integrado<\/li>\n<\/ul>\n<\/td>\n<\/tr>\n<tr>\n<td class=\"vwd4_key\">Exterior<\/td>\n<td class=\"vwd4_space\"><\/td>\n<td class=\"vwd4_value\">\n<ul>\n<li>Racks de teto longitudinais na cor prata<\/li>\n<li><a class=\"0f72dca661e8518ca0bb435012c0067f vwd4_m1xx_feature_flyout_link\" rel=\"0f72dca661e8518ca0bb435012c0067f\">Rodas de liga leve 20&#8243; &#8211; &#8220;Tarragona&#8221; com pneus 275\/45 R20<\/a><\/li>\n<\/ul>\n<\/td>\n<\/tr>\n<tr>\n<td class=\"vwd4_key\">Seguran\u00e7a<\/td>\n<td class=\"vwd4_space\"><\/td>\n<td class=\"vwd4_value\">\n<ul>\n<li>&#8220;Dynamic Light Assist&#8221; &#8211; regulagem din\u00e2mica da luz alta<\/li>\n<li>Far\u00f3is bixen\u00f4nio com luz de condu\u00e7\u00e3o diurna em LED, regulagem din\u00e2mica de altura e luz de convers\u00e3o din\u00e2mica<\/li>\n<li>Ilumina\u00e7\u00e3o da placa de licen\u00e7a em LED<\/li>\n<li>Lanterna de neblina<\/li>\n<li>Lanternas traseiras em LED<\/li>\n<\/ul>\n<\/td>\n<\/tr>\n<tr>\n<td class=\"vwd4_key\">Conforto<\/td>\n<td class=\"vwd4_space\"><\/td>\n<td class=\"vwd4_value\">\n<ul>\n<li>&#8220;Kessy&#8221; &#8211; sistema de acesso ao ve\u00edculo sem o uso da chave e bot\u00e3o para partida do motor<\/li>\n<li>Ar-condicionado digital de quatro zonas &#8220;Climatronic&#8221;<\/li>\n<li>Bot\u00e3o de aux\u00edlio para fechamento da tampa do compartimento de bagagens<\/li>\n<li>Ilumina\u00e7\u00e3o ambiente<\/li>\n<li>Para-s\u00f3is com espelhos e ilumina\u00e7\u00e3o<\/li>\n<\/ul>\n<\/td>\n<\/tr>\n<tr>\n<td class=\"vwd4_key\">Motoriza\u00e7\u00e3o<\/td>\n<td class=\"vwd4_space\"><\/td>\n<td class=\"vwd4_value\">\n<ul>\n<li>Suspens\u00e3o pneum\u00e1tica<\/li>\n<\/ul>\n<\/td>\n<\/tr>\n<tr class=\"vwd4_last\">\n<td class=\"vwd4_key\">Uncategorized<\/td>\n<td class=\"vwd4_space\"><\/td>\n<td class=\"vwd4_value\">\n<ul>\n<li>Pacote far\u00f3is bixen\u00f4nio<br \/>\n<table class=\"vwd4_table3col\" border=\"0\" cellspacing=\"0\" cellpadding=\"0\">\n<tbody>\n<tr class=\"vwd4_first\">\n<td class=\"vwd4_key\">Cores<\/td>\n<td class=\"vwd4_space\"><\/td>\n<td class=\"vwd4_value\">\n<ul>\n<li>Azul Reef<\/li>\n<li>Cinza Canyon<\/li>\n<li>Prata Sargas<\/li>\n<li>Azul Moonlight<\/li>\n<li>Branco Oryx<\/li>\n<li>Preto Mystic<\/li>\n<li>Branco Puro<\/li>\n<\/ul>\n<\/td>\n<\/tr>\n<tr>\n<td class=\"vwd4_key\">Acabamento interno<\/td>\n<td class=\"vwd4_space\"><\/td>\n<td class=\"vwd4_value\">\n<ul>\n<li>Couro &#8220;Viena&#8221; Preto \/ Cinza<\/li>\n<\/ul>\n<\/td>\n<\/tr>\n<tr>\n<td class=\"vwd4_key\">Apar\u00eancia<\/td>\n<td class=\"vwd4_space\"><\/td>\n<td class=\"vwd4_value\">\n<ul>\n<li><a class=\"vwd4_ajaxLayer vwd4_ajaxLayer_feature {'ajaxurl':'http:\/\/www.vw.com.br\/pt\/carros\/Touareg\/versoes.s7_layer.suffix.html\/features~2F7P~2Faparencia~2Fmdei3fu.html'} 0cf4dde9b7f0e2443e23c0c3f5bd5552\" href=\"http:\/\/www.vw.com.br\/pt\/carros\/Touareg\/versoes.m437_tabcontent.fallback.s7_layer.suffix.html\/features~2F7P~2Faparencia~2Fmdei3fu\/touareg-v8-r-line~2Fv8-fsi-r-line\/tab=FEATURES_OPTIONAL.html\" rel=\"0cf4dde9b7f0e2443e23c0c3f5bd5552\">Teto solar panor\u00e2mico<\/a><\/li>\n<\/ul>\n<\/td>\n<\/tr>\n<tr>\n<td class=\"vwd4_key\">Tecnol\u00f3gicos<\/td>\n<td class=\"vwd4_space\"><\/td>\n<td class=\"vwd4_value\">\n<ul>\n<li><a class=\"vwd4_ajaxLayer vwd4_ajaxLayer_feature {'ajaxurl':'http:\/\/www.vw.com.br\/pt\/carros\/Touareg\/versoes.s7_layer.suffix.html\/features~2F7P~2Ftecnologicos~2Fmksuka6.html'} c16884c415f92c49fd32e5d8b410c3d2\" href=\"http:\/\/www.vw.com.br\/pt\/carros\/Touareg\/versoes.m437_tabcontent.fallback.s7_layer.suffix.html\/features~2F7P~2Ftecnologicos~2Fmksuka6\/touareg-v8-r-line~2Fv8-fsi-r-line\/tab=FEATURES_OPTIONAL.html\" rel=\"c16884c415f92c49fd32e5d8b410c3d2\">Area view (conjunto com 4 c\u00e2meras)<\/a><\/li>\n<li><a class=\"vwd4_ajaxLayer vwd4_ajaxLayer_feature {'ajaxurl':'http:\/\/www.vw.com.br\/pt\/carros\/Touareg\/versoes.s7_layer.suffix.html\/features~2F7P~2Ftecnologicos~2Fmlse9ve.html'} 9e3cf6f7c13ea3150ac984d99346e6f2\" href=\"http:\/\/www.vw.com.br\/pt\/carros\/Touareg\/versoes.m437_tabcontent.fallback.s7_layer.suffix.html\/features~2F7P~2Ftecnologicos~2Fmlse9ve\/touareg-v8-r-line~2Fv8-fsi-r-line\/tab=FEATURES_OPTIONAL.html\" rel=\"9e3cf6f7c13ea3150ac984d99346e6f2\">Sistema de som premium &#8211; Dynaudio<\/a><\/li>\n<\/ul>\n<\/td>\n<\/tr>\n<tr class=\"vwd4_last\">\n<td class=\"vwd4_key\">Seguran\u00e7a<\/td>\n<td class=\"vwd4_space\"><\/td>\n<td class=\"vwd4_value\">\n<ul>\n<li>&#8220;ACC&#8221; &#8211; Controle adaptativo de dist\u00e2ncia e velocidade com fun\u00e7\u00e3o de frenagem de emerg\u00eancia e monitoramento frontal<\/li>\n<\/ul>\n<\/td>\n<\/tr>\n<\/tbody>\n<\/table>\n<\/li>\n<\/ul>\n<\/td>\n<\/tr>\n<\/tbody>\n<\/table>\n<\/div>\n<\/div>\n<\/div>\n<\/div>\n","protected":false},"excerpt":{"rendered":"<p>Destaques Tra\u00e7\u00e3o integral &#8220;4MOTION&#8221; Suspens\u00e3o pneum\u00e1tica Rodas de liga leve 20&#8243; &#8211; &#8220;Tarragona&#8221; com pneus 275\/45 R20 Ar-condicionado digital de quatro zonas &#8220;Climatronic&#8221; Bancos dianteiros esportivos 6 airbags (2 frontais com desativa\u00e7\u00e3o do lado do passageiro, 2 laterais nos bancos dianteiros e 2 de cortina) C\u00e2mera traseira Far\u00f3is bixen\u00f4nio com luz de condu\u00e7\u00e3o diurna em &hellip;<\/p>\n","protected":false},"author":4,"featured_media":984,"comment_status":"open","ping_status":"open","sticky":false,"template":"","format":"standard","meta":[],"categories":[37],"tags":[74,168,171,43,182,99],"_links":{"self":[{"href":"https:\/\/www.brasal.com.br\/veiculos\/blog\/wp-json\/wp\/v2\/posts\/982"}],"collection":[{"href":"https:\/\/www.brasal.com.br\/veiculos\/blog\/wp-json\/wp\/v2\/posts"}],"about":[{"href":"https:\/\/www.brasal.com.br\/veiculos\/blog\/wp-json\/wp\/v2\/types\/post"}],"author":[{"embeddable":true,"href":"https:\/\/www.brasal.com.br\/veiculos\/blog\/wp-json\/wp\/v2\/users\/4"}],"replies":[{"embeddable":true,"href":"https:\/\/www.brasal.com.br\/veiculos\/blog\/wp-json\/wp\/v2\/comments?post=982"}],"version-history":[{"count":1,"href":"https:\/\/www.brasal.com.br\/veiculos\/blog\/wp-json\/wp\/v2\/posts\/982\/revisions"}],"predecessor-version":[{"id":985,"href":"https:\/\/www.brasal.com.br\/veiculos\/blog\/wp-json\/wp\/v2\/posts\/982\/revisions\/985"}],"wp:featuredmedia":[{"embeddable":true,"href":"https:\/\/www.brasal.com.br\/veiculos\/blog\/wp-json\/wp\/v2\/media\/984"}],"wp:attachment":[{"href":"https:\/\/www.brasal.com.br\/veiculos\/blog\/wp-json\/wp\/v2\/media?parent=982"}],"wp:term":[{"taxonomy":"category","embeddable":true,"href":"https:\/\/www.brasal.com.br\/veiculos\/blog\/wp-json\/wp\/v2\/categories?post=982"},{"taxonomy":"post_tag","embeddable":true,"href":"https:\/\/www.brasal.com.br\/veiculos\/blog\/wp-json\/wp\/v2\/tags?post=982"}],"curies":[{"name":"wp","href":"https:\/\/api.w.org\/{rel}","templated":true}]}}