{"id":959,"date":"2017-01-30T15:03:15","date_gmt":"2017-01-30T17:03:15","guid":{"rendered":"http:\/\/www.brasal.com.br\/veiculos\/blog\/?p=959"},"modified":"2017-01-30T15:03:15","modified_gmt":"2017-01-30T17:03:15","slug":"golf","status":"publish","type":"post","link":"https:\/\/www.brasal.com.br\/veiculos\/blog\/2017\/01\/30\/golf\/","title":{"rendered":"Golf: N\u00e3o \u00e9 s\u00f3 um carro. \u00c9 o Golf."},"content":{"rendered":"<div style=\"width: 618px;\" class=\"wp-video\"><!--[if lt IE 9]><script>document.createElement('video');<\/script><![endif]-->\n<video class=\"wp-video-shortcode\" id=\"video-959-1\" width=\"618\" height=\"348\" preload=\"metadata\" controls=\"controls\"><source type=\"video\/mp4\" src=\"http:\/\/www.brasal.com.br\/veiculos\/blog\/wp-content\/uploads\/2017\/01\/Letras_Golf_TSI_VWBrasil.mp4?_=1\" \/><a href=\"http:\/\/www.brasal.com.br\/veiculos\/blog\/wp-content\/uploads\/2017\/01\/Letras_Golf_TSI_VWBrasil.mp4\">http:\/\/www.brasal.com.br\/veiculos\/blog\/wp-content\/uploads\/2017\/01\/Letras_Golf_TSI_VWBrasil.mp4<\/a><\/video><\/div>\n<table class=\"vwd4_table3col\" border=\"0\" cellspacing=\"0\" cellpadding=\"0\">\n<tbody>\n<tr class=\"vwd4_first\">\n<td class=\"vwd4_key\">Destaques<\/td>\n<td class=\"vwd4_space\"><\/td>\n<td class=\"vwd4_value\">\n<ul>\n<li>7 airbags (2 frontais com desativa\u00e7\u00e3o do passageiro, 2 laterais, 2 de cortina e 1 de joelho para o motorista)<\/li>\n<li>&#8220;ESC&#8221; &#8211; controle eletr\u00f4nico de estabilidade e &#8220;ASR&#8221; &#8211; controle de tra\u00e7\u00e3o<\/li>\n<li>&#8220;ABS&#8221; &#8211; freios com sistema antitravamento e &#8220;EBD&#8221; &#8211; distribui\u00e7\u00e3o eletr\u00f4nica de frenagem<\/li>\n<li>Transmiss\u00e3o autom\u00e1tica de 6 velocidades<\/li>\n<li>Dire\u00e7\u00e3o el\u00e9trica<\/li>\n<li>Ar-condicionado com regulagem mec\u00e2nica &#8220;Climatic&#8221; e filtro de poeira e p\u00f3len<\/li>\n<li>Rodas de liga leve aro 16&#8243; &#8211; &#8220;Dover&#8221; com pneus 205\/55 R16<\/li>\n<li>&#8220;Park Pilot&#8221; &#8211; sensores de estacionamento dianteiros e traseiros<\/li>\n<li>Sistema infotainment &#8220;Composition Media&#8221; com tela touchscreen de 6,5&#8243;, sensor de aproxima\u00e7\u00e3o e Bluetooth<\/li>\n<li>Volante com revestimento em couro<\/li>\n<li>Motor 1.6l MSI<\/li>\n<\/ul>\n<\/td>\n<\/tr>\n<tr>\n<td class=\"vwd4_key\">Motores<\/td>\n<td class=\"vwd4_space\"><\/td>\n<td class=\"vwd4_value\">\n<div class=\"vwd4_m437_engines vwd4_first\"><strong>-:<\/strong><\/p>\n<ul class=\"vwd4_clear\">\n<li><a class=\"vwd4_m437_linkFlyout\" href=\"http:\/\/www.vw.com.br\/pt\/carros\/novo_golf\/versoes_.s9_trimlevel_detail.suffix.html\/golf-comfortline~2Fcomfortline-1-6-msi.html#flyout\">Motor 1.6l MSI<\/a><\/li>\n<\/ul>\n<\/div>\n<\/td>\n<\/tr>\n<tr>\n<td class=\"vwd4_key\">Transmiss\u00e3o<\/td>\n<td class=\"vwd4_space\"><\/td>\n<td class=\"vwd4_value\">Transmiss\u00e3o manual de 5 velocidades<\/td>\n<\/tr>\n<tr class=\"vwd4_last\">\n<td class=\"vwd4_key\">Portas<\/td>\n<td class=\"vwd4_space\"><\/td>\n<td class=\"vwd4_value\">4<\/td>\n<\/tr>\n<\/tbody>\n<\/table>\n<table class=\"vwd4_table3col\" border=\"0\" cellspacing=\"0\" cellpadding=\"0\">\n<tbody>\n<tr class=\"vwd4_first\">\n<td class=\"vwd4_key\">Uncategorized<\/td>\n<td class=\"vwd4_space\"><\/td>\n<td class=\"vwd4_value\">\n<ul>\n<li>&#8220;ABS&#8221; &#8211; freios com sistema antitravamento e &#8220;EBD&#8221; &#8211; distribui\u00e7\u00e3o eletr\u00f4nica de frenagem<\/li>\n<li>Bloqueio eletr\u00f4nico do diferencial &#8220;EDS e XDS&#8221;<\/li>\n<li>Freios com sistema &#8220;Multicollision Brake&#8221;<\/li>\n<\/ul>\n<\/td>\n<\/tr>\n<tr>\n<td class=\"vwd4_key\">Seguran\u00e7a<\/td>\n<td class=\"vwd4_space\"><\/td>\n<td class=\"vwd4_value\">\n<ul>\n<li>&#8220;ESC&#8221; &#8211; controle eletr\u00f4nico de estabilidade e &#8220;ASR&#8221; &#8211; controle de tra\u00e7\u00e3o<\/li>\n<li>&#8220;Keyless&#8221; &#8211; sistema de alarme com comando remoto e chave tipo canivete<\/li>\n<li>7 airbags (2 frontais com desativa\u00e7\u00e3o do passageiro, 2 laterais, 2 de cortina e 1 de joelho para o motorista)<\/li>\n<li>Cintos de seguran\u00e7a dianteiros com ajuste de altura, pr\u00e9-tensionador e limitador de carga<\/li>\n<li>Cintos de seguran\u00e7a traseiros autom\u00e1ticos de 3 pontos (inclusive o central)<\/li>\n<li>Espelhos retrovisores externos eletricamente ajust\u00e1veis, aquec\u00edveis, com &#8220;Side Blinker&#8221; e fun\u00e7\u00e3o &#8220;Tilt Down&#8221;<\/li>\n<li>Far\u00f3is de neblina com luz de convers\u00e3o est\u00e1tica<\/li>\n<li>Fixa\u00e7\u00e3o da cadeirinha de crian\u00e7a com sistema ISOFIX\u00ae \/ Top tether<\/li>\n<li>Lanterna de neblina<\/li>\n<li>Limpador do para-brisa com temporizador<\/li>\n<li>Retrorrefletores nas portas<\/li>\n<\/ul>\n<\/td>\n<\/tr>\n<tr>\n<td class=\"vwd4_key\">Conforto<\/td>\n<td class=\"vwd4_space\"><\/td>\n<td class=\"vwd4_value\">\n<ul>\n<li>&#8220;Park Pilot&#8221; &#8211; sensores de estacionamento dianteiros e traseiros<\/li>\n<li>Acendedor de cigarros e cinzeiro<\/li>\n<li>Alerta de perda de press\u00e3o dos pneus<\/li>\n<li>Ar-condicionado com regulagem mec\u00e2nica &#8220;Climatic&#8221; e filtro de poeira e p\u00f3len<\/li>\n<li>Compartimento de bagagens com ilumina\u00e7\u00e3o e tomada 12V<\/li>\n<li>Descanso de bra\u00e7o dianteiro central com porta-objetos e regulagem longitudinal e de altura<\/li>\n<li>Display multifuncional com computador de bordo<\/li>\n<li>Lavador e limpador do vidro traseiro com temporizador<\/li>\n<li>Luzes de leitura dianteiras e traseiras<\/li>\n<li>Travamento el\u00e9trico central com comando remoto<\/li>\n<li>Vidros dianteiros e traseiros el\u00e9tricos com fun\u00e7\u00e3o &#8220;one touch&#8221;<\/li>\n<\/ul>\n<\/td>\n<\/tr>\n<tr>\n<td class=\"vwd4_key\">Entretenimento<\/td>\n<td class=\"vwd4_space\"><\/td>\n<td class=\"vwd4_value\">\n<ul>\n<li>4 alto-falantes e 4 tweeters<\/li>\n<li>Conex\u00e3o USB e Aux-In<\/li>\n<li>Sistema infotainment &#8220;Composition Media&#8221; com tela touchscreen de 6,5&#8243;, sensor de aproxima\u00e7\u00e3o e Bluetooth<\/li>\n<\/ul>\n<\/td>\n<\/tr>\n<tr>\n<td class=\"vwd4_key\">Exterior<\/td>\n<td class=\"vwd4_space\"><\/td>\n<td class=\"vwd4_value\">\n<ul>\n<li>4 portas<\/li>\n<li>Rodas de liga leve aro 16&#8243; &#8211; &#8220;Dover&#8221; com pneus 205\/55 R16<\/li>\n<\/ul>\n<\/td>\n<\/tr>\n<tr class=\"vwd4_last\">\n<td class=\"vwd4_key\">Interior<\/td>\n<td class=\"vwd4_space\"><\/td>\n<td class=\"vwd4_value\">\n<ul>\n<li>Banco traseiro com 3 apoios de cabe\u00e7a<\/li>\n<li>Banco traseiro com encosto rebat\u00edvel, bipartido (1\/3 e 2\/3) e descansa bra\u00e7o com porta-copos e acesso ao porta-malas<\/li>\n<li>Bancos dianteiros com ajuste de altura milim\u00e9trico (motorista e passageiro)<\/li>\n<li>Bancos dianteiros com ajuste do apoio lombar (motorista e passageiro)<\/li>\n<li>Bancos dianteiros conforto &#8220;Comfortline&#8221;<\/li>\n<li>Coluna de dire\u00e7\u00e3o com ajuste de altura e profundidade<\/li>\n<li>Dire\u00e7\u00e3o el\u00e9trica<\/li>\n<li>Gaveta sob o banco do motorista<\/li>\n<li>Porta-luvas iluminado, refrigerado e com fechadura<\/li>\n<li>Porta-revistas nos encostos dos bancos dianteiros<\/li>\n<li>Revestimento em tecido &#8220;Zoom&#8221;<\/li>\n<li>Sobretapetes dianteiros e traseiros em carpete<\/li>\n<li>Volante com revestimento em couro<\/li>\n<\/ul>\n<\/td>\n<\/tr>\n<\/tbody>\n<\/table>\n<table class=\"vwd4_table3col\" border=\"0\" cellspacing=\"0\" cellpadding=\"0\">\n<tbody>\n<tr class=\"vwd4_first\">\n<td class=\"vwd4_key\">Uncategorized<\/td>\n<td class=\"vwd4_space\"><\/td>\n<td class=\"vwd4_value\">\n<ul>\n<li>Pacote Comfort<\/li>\n<li>Pacote Elegance<\/li>\n<\/ul>\n<\/td>\n<\/tr>\n<tr>\n<td class=\"vwd4_key\">Cores<\/td>\n<td class=\"vwd4_space\"><\/td>\n<td class=\"vwd4_value\">\n<ul>\n<li>Azul Night<\/li>\n<li>Azul Silk<\/li>\n<li>Cinza Platinum<\/li>\n<li>Prata Sargas<\/li>\n<li>Prata Tungst\u00eanio<\/li>\n<li>Preto Mystic<\/li>\n<li>Branco Puro<\/li>\n<li>Preto Ninja<\/li>\n<li>Vermelho Tornado<\/li>\n<\/ul>\n<\/td>\n<\/tr>\n<tr>\n<td class=\"vwd4_key\">Acabamento interno<\/td>\n<td class=\"vwd4_space\"><\/td>\n<td class=\"vwd4_value\">\n<ul>\n<li>Acabamento interno escuro<\/li>\n<\/ul>\n<\/td>\n<\/tr>\n<tr class=\"vwd4_last\">\n<td class=\"vwd4_key\">Pacotes<\/td>\n<td class=\"vwd4_space\"><\/td>\n<td class=\"vwd4_value\">\n<ul>\n<li>Pacote Exclusive<\/li>\n<\/ul>\n<\/td>\n<\/tr>\n<\/tbody>\n<\/table>\n","protected":false},"excerpt":{"rendered":"<p>Destaques 7 airbags (2 frontais com desativa\u00e7\u00e3o do passageiro, 2 laterais, 2 de cortina e 1 de joelho para o motorista) &#8220;ESC&#8221; &#8211; controle eletr\u00f4nico de estabilidade e &#8220;ASR&#8221; &#8211; controle de tra\u00e7\u00e3o &#8220;ABS&#8221; &#8211; freios com sistema antitravamento e &#8220;EBD&#8221; &#8211; distribui\u00e7\u00e3o eletr\u00f4nica de frenagem Transmiss\u00e3o autom\u00e1tica de 6 velocidades Dire\u00e7\u00e3o el\u00e9trica Ar-condicionado com &hellip;<\/p>\n","protected":false},"author":4,"featured_media":961,"comment_status":"open","ping_status":"open","sticky":false,"template":"","format":"standard","meta":[],"categories":[7],"tags":[166,74,168,171,165,173,46,99],"_links":{"self":[{"href":"https:\/\/www.brasal.com.br\/veiculos\/blog\/wp-json\/wp\/v2\/posts\/959"}],"collection":[{"href":"https:\/\/www.brasal.com.br\/veiculos\/blog\/wp-json\/wp\/v2\/posts"}],"about":[{"href":"https:\/\/www.brasal.com.br\/veiculos\/blog\/wp-json\/wp\/v2\/types\/post"}],"author":[{"embeddable":true,"href":"https:\/\/www.brasal.com.br\/veiculos\/blog\/wp-json\/wp\/v2\/users\/4"}],"replies":[{"embeddable":true,"href":"https:\/\/www.brasal.com.br\/veiculos\/blog\/wp-json\/wp\/v2\/comments?post=959"}],"version-history":[{"count":1,"href":"https:\/\/www.brasal.com.br\/veiculos\/blog\/wp-json\/wp\/v2\/posts\/959\/revisions"}],"predecessor-version":[{"id":962,"href":"https:\/\/www.brasal.com.br\/veiculos\/blog\/wp-json\/wp\/v2\/posts\/959\/revisions\/962"}],"wp:featuredmedia":[{"embeddable":true,"href":"https:\/\/www.brasal.com.br\/veiculos\/blog\/wp-json\/wp\/v2\/media\/961"}],"wp:attachment":[{"href":"https:\/\/www.brasal.com.br\/veiculos\/blog\/wp-json\/wp\/v2\/media?parent=959"}],"wp:term":[{"taxonomy":"category","embeddable":true,"href":"https:\/\/www.brasal.com.br\/veiculos\/blog\/wp-json\/wp\/v2\/categories?post=959"},{"taxonomy":"post_tag","embeddable":true,"href":"https:\/\/www.brasal.com.br\/veiculos\/blog\/wp-json\/wp\/v2\/tags?post=959"}],"curies":[{"name":"wp","href":"https:\/\/api.w.org\/{rel}","templated":true}]}}