{"id":953,"date":"2017-01-30T14:51:13","date_gmt":"2017-01-30T16:51:13","guid":{"rendered":"http:\/\/www.brasal.com.br\/veiculos\/blog\/?p=953"},"modified":"2017-01-30T14:51:13","modified_gmt":"2017-01-30T16:51:13","slug":"nova-saveiro","status":"publish","type":"post","link":"https:\/\/www.brasal.com.br\/veiculos\/blog\/2017\/01\/30\/nova-saveiro\/","title":{"rendered":"Nova Saveiro: Pronta pra tudo"},"content":{"rendered":"<div style=\"width: 618px;\" class=\"wp-video\"><!--[if lt IE 9]><script>document.createElement('video');<\/script><![endif]-->\n<video class=\"wp-video-shortcode\" id=\"video-953-1\" width=\"618\" height=\"348\" preload=\"metadata\" controls=\"controls\"><source type=\"video\/mp4\" src=\"http:\/\/www.brasal.com.br\/veiculos\/blog\/wp-content\/uploads\/2017\/01\/NOVA_SAVEIRO_VWBrasil.mp4?_=1\" \/><a href=\"http:\/\/www.brasal.com.br\/veiculos\/blog\/wp-content\/uploads\/2017\/01\/NOVA_SAVEIRO_VWBrasil.mp4\">http:\/\/www.brasal.com.br\/veiculos\/blog\/wp-content\/uploads\/2017\/01\/NOVA_SAVEIRO_VWBrasil.mp4<\/a><\/video><\/div>\n<div class=\"vwd4_m562_headline\">\n<h3><\/h3>\n<table class=\"vwd4_table3col\" border=\"0\" cellspacing=\"0\" cellpadding=\"0\">\n<tbody>\n<tr class=\"vwd4_first\">\n<td class=\"vwd4_key\">Destaques<\/td>\n<td class=\"vwd4_space\"><\/td>\n<td class=\"vwd4_value\">\n<ul>\n<li>Rodas de liga leve aro 15&#8243; &#8220;Cherte&#8221;<\/li>\n<li>Volante multifuncional revestido de couro com comandos do sistema de som e &#8220;I-System&#8221;<\/li>\n<li>Lanternas traseiras escurecidas<\/li>\n<li>Sistema infotainment &#8220;Composition Touch&#8221; com MirrorLink<\/li>\n<li>Far\u00f3is auxiliares com tripla fun\u00e7\u00e3o: neblina, longo alcance e convers\u00e3o est\u00e1tica<\/li>\n<li>Espelhos retrovisores externos eletricamente ajust\u00e1veis com fun\u00e7\u00e3o tilt-down no lado do passageiro<\/li>\n<li>Capota mar\u00edtima e ganchos deslizantes na ca\u00e7amba<\/li>\n<li>Ar-condicionado com filtro de poeira e p\u00f3len<\/li>\n<li>&#8220;Park Pilot&#8221; &#8211; sensor de estacionamento traseiro (opcional)<\/li>\n<li>&#8220;Keyless&#8221; &#8211; sistema de alarme com comando remoto (opcional)<\/li>\n<li>&#8220;HHC&#8221; &#8211; assistente para partida em subida<\/li>\n<li>&#8220;ABS&#8221; com fun\u00e7\u00e3o &#8220;off-road&#8221;, controle eletr\u00f4nico de estabilidade &#8220;ESC&#8221; e distribui\u00e7\u00e3o eletr\u00f4nica de frenagem EBD<\/li>\n<li>&#8220;ESS&#8221; &#8211; alerta de frenagem de emerg\u00eancia<\/li>\n<\/ul>\n<\/td>\n<\/tr>\n<tr>\n<td class=\"vwd4_key\">Motores<\/td>\n<td class=\"vwd4_space\"><\/td>\n<td class=\"vwd4_value\">\n<div class=\"vwd4_m437_engines vwd4_first\"><strong>-:<\/strong><\/p>\n<ul class=\"vwd4_clear\">\n<li><a class=\"vwd4_m437_linkFlyout\" href=\"http:\/\/www.vw.com.br\/pt\/carros\/novasaveiro\/versoes_.s9_trimlevel_detail.suffix.html\/nova-saveiro-cross~2Fcross-ce.html#flyout\">Motor 1.6l<\/a><\/li>\n<\/ul>\n<\/div>\n<\/td>\n<\/tr>\n<tr>\n<td class=\"vwd4_key\">Transmiss\u00e3o<\/td>\n<td class=\"vwd4_space\"><\/td>\n<td class=\"vwd4_value\">Transmiss\u00e3o manual de 5 velocidades<\/td>\n<\/tr>\n<tr class=\"vwd4_last\">\n<td class=\"vwd4_key\">Portas<\/td>\n<td class=\"vwd4_space\"><\/td>\n<td class=\"vwd4_value\">2<\/td>\n<\/tr>\n<\/tbody>\n<\/table>\n<div class=\"vwd4_m562_headline\">\n<div class=\"vwd4_m562_headline\">\n<div class=\"vwd4_m562_headline\">\n<div class=\"vwd4_m562_headline\">\n<div class=\"vwd4_m562_headline\">\n<table class=\"vwd4_table3col\" border=\"0\" cellspacing=\"0\" cellpadding=\"0\">\n<tbody>\n<tr class=\"vwd4_first\">\n<td class=\"vwd4_key\">Itens de s\u00e9rie<\/td>\n<td class=\"vwd4_space\"><\/td>\n<td class=\"vwd4_value\">\n<ul>\n<li>&#8220;Aerowischer&#8221; &#8211; palhetas do limpador de para-brisa com melhor performance<\/li>\n<li>&#8220;I-System com Eco-Comfort&#8221; &#8211; computador de bordo<\/li>\n<li>&#8220;Keyless&#8221; &#8211; sistema de alarme com comando remoto (opcional)<\/li>\n<li>&#8220;Park Pilot&#8221; &#8211; sensor de estacionamento traseiro (opcional)<\/li>\n<li>2 airbags (passageiro e motorista)<\/li>\n<li>2 portas<\/li>\n<li>4 alto-falantes e 2 tweeters<\/li>\n<li>Al\u00e7a de seguran\u00e7a no teto para o passageiro<\/li>\n<li>Ar-condicionado com filtro de poeira e p\u00f3len<\/li>\n<li>Banco do motorista com ajuste de altura<\/li>\n<li>Chave tipo &#8220;canivete&#8221; com comando remoto<\/li>\n<li>Cintos de seguran\u00e7a dianteiros com pr\u00e9-tensionador, limitador de carga e regulagem de altura<\/li>\n<li>Coluna de dire\u00e7\u00e3o com ajuste de altura e profundidade<\/li>\n<li>Console central com porta-copos<\/li>\n<li>Dire\u00e7\u00e3o hidr\u00e1ulica<\/li>\n<li>Espelhos retrovisores externos eletricamente ajust\u00e1veis com fun\u00e7\u00e3o tilt-down no lado do passageiro<\/li>\n<li>Espelhos retrovisores externos com luzes indicadoras de dire\u00e7\u00e3o integradas<\/li>\n<li>Far\u00f3is com fun\u00e7\u00e3o &#8220;Coming &amp; Leaving home&#8221;<\/li>\n<li>Ganchos para amarra\u00e7\u00e3o de carga e capota mar\u00edtima<\/li>\n<li>Ilumina\u00e7\u00e3o da ca\u00e7amba<\/li>\n<li>Janelas traseiras corredi\u00e7as<\/li>\n<li>Lanterna de neblina<\/li>\n<li>Lanternas traseiras escurecidas<\/li>\n<li>Limpador do para-brisa com temporizador<\/li>\n<li>Luzes de leitura dianteiras<\/li>\n<li>Moldura lateral &#8220;Cross&#8221;<\/li>\n<li>Moldura nas caixas de roda e soleiras<\/li>\n<li>Para-sol com espelho iluminado para motorista<\/li>\n<li>Para-sol com espelho iluminado para passageiro<\/li>\n<li>Pedaleiras esportivas<\/li>\n<li>Porta-revistas nos encostos dos bancos dianteiros<\/li>\n<li>Rede de reten\u00e7\u00e3o para carga<\/li>\n<li>Tomada 12 volts no console central e na parte traseira &#8211; lado direito<\/li>\n<li>Travamento el\u00e9trico das portas<\/li>\n<li>Vidros el\u00e9tricos<\/li>\n<\/ul>\n<\/td>\n<\/tr>\n<tr>\n<td class=\"vwd4_key\">Rodas, pneus e calotas<\/td>\n<td class=\"vwd4_space\"><\/td>\n<td class=\"vwd4_value\">\n<ul>\n<li>Pneus 205\/60 R15<\/li>\n<\/ul>\n<\/td>\n<\/tr>\n<tr>\n<td class=\"vwd4_key\">Apar\u00eancia<\/td>\n<td class=\"vwd4_space\"><\/td>\n<td class=\"vwd4_value\">\n<ul>\n<li>Grade protetora da janela traseira<\/li>\n<\/ul>\n<\/td>\n<\/tr>\n<tr>\n<td class=\"vwd4_key\">Tecnol\u00f3gicos<\/td>\n<td class=\"vwd4_space\"><\/td>\n<td class=\"vwd4_value\">\n<ul>\n<li>&#8220;HDC&#8221; &#8211; assistente de controle em descid a<\/li>\n<li>&#8220;HSA&#8221; &#8211; sistema de assist\u00eancia a frenage m<\/li>\n<\/ul>\n<\/td>\n<\/tr>\n<tr>\n<td class=\"vwd4_key\">Exterior<\/td>\n<td class=\"vwd4_space\"><\/td>\n<td class=\"vwd4_value\">\n<ul>\n<li>Bagageiro longitudinal no teto<\/li>\n<li>Barra de apoio para carga no teto<\/li>\n<li>Coluna central externa com aplique preto<\/li>\n<li>Retrorrefletores no para-choque traseiro<\/li>\n<li>Rodas de liga leve aro 15&#8243; &#8220;Cherte&#8221;<\/li>\n<li>Tampa da ca\u00e7amba com amortecedor e chave<\/li>\n<\/ul>\n<\/td>\n<\/tr>\n<tr>\n<td class=\"vwd4_key\">Interior<\/td>\n<td class=\"vwd4_space\"><\/td>\n<td class=\"vwd4_value\">\n<ul>\n<li>Volante multifuncional revestido de couro com comandos do sistema de som e &#8220;I-System&#8221;<\/li>\n<\/ul>\n<\/td>\n<\/tr>\n<tr>\n<td class=\"vwd4_key\">Conforto<\/td>\n<td class=\"vwd4_space\"><\/td>\n<td class=\"vwd4_value\">\n<ul>\n<li>&#8220;E-Flex&#8221; &#8211; sistema de partida a frio sem reservat\u00f3rio adicional de gasolina<\/li>\n<li>&#8220;Easy trunk&#8221; &#8211; sistema de abertura el\u00e9tr ica da tampa traseira pelo logotipo (&#8220;Sc hwenkemblem&#8221;)<\/li>\n<li>&#8220;HHC&#8221; &#8211; assistente para partida em subida<\/li>\n<li>Apoio lateral para acesso a ca\u00e7amba<\/li>\n<\/ul>\n<\/td>\n<\/tr>\n<tr>\n<td class=\"vwd4_key\">Seguran\u00e7a<\/td>\n<td class=\"vwd4_space\"><\/td>\n<td class=\"vwd4_value\">\n<ul>\n<li>&#8220;ABS&#8221; com fun\u00e7\u00e3o &#8220;off-road&#8221;, controle eletr\u00f4nico de estabilidade &#8220;ESC&#8221; e distribui\u00e7\u00e3o eletr\u00f4nica de frenagem EBD<\/li>\n<li>&#8220;ESS&#8221; &#8211; alerta de frenagem de emerg\u00eancia<\/li>\n<li>Far\u00f3is auxiliares com tripla fun\u00e7\u00e3o: neblina, longo alcance e convers\u00e3o est\u00e1tica<\/li>\n<li>Luz de freio elevada (brake light)<\/li>\n<\/ul>\n<\/td>\n<\/tr>\n<tr>\n<td class=\"vwd4_key\">Entretenimento<\/td>\n<td class=\"vwd4_space\"><\/td>\n<td class=\"vwd4_value\">\n<ul>\n<li>Antena no teto<\/li>\n<li>Sistema infotainment &#8220;Composition Touch&#8221; com MirrorLink<\/li>\n<\/ul>\n<\/td>\n<\/tr>\n<tr class=\"vwd4_last\">\n<td class=\"vwd4_key\">Motoriza\u00e7\u00e3o<\/td>\n<td class=\"vwd4_space\"><\/td>\n<td class=\"vwd4_value\">\n<ul>\n<li>Freios a disco nas quatro rodas<\/li>\n<\/ul>\n<\/td>\n<\/tr>\n<\/tbody>\n<\/table>\n<p>&nbsp;<\/p>\n<\/div>\n<\/div>\n<\/div>\n<\/div>\n<\/div>\n<\/div>\n","protected":false},"excerpt":{"rendered":"<p>Destaques Rodas de liga leve aro 15&#8243; &#8220;Cherte&#8221; Volante multifuncional revestido de couro com comandos do sistema de som e &#8220;I-System&#8221; Lanternas traseiras escurecidas Sistema infotainment &#8220;Composition Touch&#8221; com MirrorLink Far\u00f3is auxiliares com tripla fun\u00e7\u00e3o: neblina, longo alcance e convers\u00e3o est\u00e1tica Espelhos retrovisores externos eletricamente ajust\u00e1veis com fun\u00e7\u00e3o tilt-down no lado do passageiro Capota mar\u00edtima &hellip;<\/p>\n","protected":false},"author":4,"featured_media":956,"comment_status":"open","ping_status":"open","sticky":false,"template":"","format":"standard","meta":[],"categories":[13],"tags":[74,168,171,172,165,47,46,99],"_links":{"self":[{"href":"https:\/\/www.brasal.com.br\/veiculos\/blog\/wp-json\/wp\/v2\/posts\/953"}],"collection":[{"href":"https:\/\/www.brasal.com.br\/veiculos\/blog\/wp-json\/wp\/v2\/posts"}],"about":[{"href":"https:\/\/www.brasal.com.br\/veiculos\/blog\/wp-json\/wp\/v2\/types\/post"}],"author":[{"embeddable":true,"href":"https:\/\/www.brasal.com.br\/veiculos\/blog\/wp-json\/wp\/v2\/users\/4"}],"replies":[{"embeddable":true,"href":"https:\/\/www.brasal.com.br\/veiculos\/blog\/wp-json\/wp\/v2\/comments?post=953"}],"version-history":[{"count":2,"href":"https:\/\/www.brasal.com.br\/veiculos\/blog\/wp-json\/wp\/v2\/posts\/953\/revisions"}],"predecessor-version":[{"id":958,"href":"https:\/\/www.brasal.com.br\/veiculos\/blog\/wp-json\/wp\/v2\/posts\/953\/revisions\/958"}],"wp:featuredmedia":[{"embeddable":true,"href":"https:\/\/www.brasal.com.br\/veiculos\/blog\/wp-json\/wp\/v2\/media\/956"}],"wp:attachment":[{"href":"https:\/\/www.brasal.com.br\/veiculos\/blog\/wp-json\/wp\/v2\/media?parent=953"}],"wp:term":[{"taxonomy":"category","embeddable":true,"href":"https:\/\/www.brasal.com.br\/veiculos\/blog\/wp-json\/wp\/v2\/categories?post=953"},{"taxonomy":"post_tag","embeddable":true,"href":"https:\/\/www.brasal.com.br\/veiculos\/blog\/wp-json\/wp\/v2\/tags?post=953"}],"curies":[{"name":"wp","href":"https:\/\/api.w.org\/{rel}","templated":true}]}}