{"id":948,"date":"2017-01-30T14:23:40","date_gmt":"2017-01-30T16:23:40","guid":{"rendered":"http:\/\/www.brasal.com.br\/veiculos\/blog\/?p=948"},"modified":"2017-01-30T15:19:06","modified_gmt":"2017-01-30T17:19:06","slug":"gol-track","status":"publish","type":"post","link":"https:\/\/www.brasal.com.br\/veiculos\/blog\/2017\/01\/30\/gol-track\/","title":{"rendered":"O Gol Track se destaca por desempenho e acabamento."},"content":{"rendered":"<div style=\"width: 618px;\" class=\"wp-video\"><!--[if lt IE 9]><script>document.createElement('video');<\/script><![endif]-->\n<video class=\"wp-video-shortcode\" id=\"video-948-1\" width=\"618\" height=\"348\" preload=\"metadata\" controls=\"controls\"><source type=\"video\/mp4\" src=\"http:\/\/www.brasal.com.br\/veiculos\/blog\/wp-content\/uploads\/2017\/01\/Bolsa_Novo_Gol_Track_VWBrasil.mp4?_=1\" \/><a href=\"http:\/\/www.brasal.com.br\/veiculos\/blog\/wp-content\/uploads\/2017\/01\/Bolsa_Novo_Gol_Track_VWBrasil.mp4\">http:\/\/www.brasal.com.br\/veiculos\/blog\/wp-content\/uploads\/2017\/01\/Bolsa_Novo_Gol_Track_VWBrasil.mp4<\/a><\/video><\/div>\n<table class=\"vwd4_table3col\" border=\"0\" cellspacing=\"0\" cellpadding=\"0\">\n<tbody>\n<tr class=\"vwd4_first\">\n<td class=\"vwd4_key\">Destaques<\/td>\n<td class=\"vwd4_space\"><\/td>\n<td class=\"vwd4_value\">\n<ul>\n<li>Rodas de liga leve aro 15&#8243; &#8220;Marga&#8221;<\/li>\n<li>Sistema infotainment &#8220;Media Plus&#8221; com bluetooth, MP3 e entradas USB, SD-card e AUX-IN<\/li>\n<li>Espelhos retrovisores e ma\u00e7anetas das portas na cor do ve\u00edculo<\/li>\n<li>Far\u00f3is de neblina<\/li>\n<li>Espelhos retrovisores externos com luzes indicadoras de dire\u00e7\u00e3o integradas<\/li>\n<li>Ar-condicionado com filtro de poeira e p\u00f3len<\/li>\n<li>&#8220;Keyless&#8221; &#8211; sistema de alarme com comando remoto (opcional)<\/li>\n<li>Chave tipo &#8220;canivete&#8221;<\/li>\n<li>&#8220;Park Pilot&#8221; &#8211; sensor de estacionamento traseiro (opcional)<\/li>\n<li>Sistema infotainment &#8220;Discover Media&#8221; com tela touchscreen, Bluetooth, comando de voz, navega\u00e7\u00e3o e App-Connect (opcional)<\/li>\n<li>Suporte para celular (opcional)<\/li>\n<\/ul>\n<\/td>\n<\/tr>\n<tr>\n<td class=\"vwd4_key\">Motores<\/td>\n<td class=\"vwd4_space\"><\/td>\n<td class=\"vwd4_value\">\n<div class=\"vwd4_m437_engines vwd4_first\">\n<p><strong>-:<\/strong><\/p>\n<ul class=\"vwd4_clear\">\n<li><a class=\"vwd4_m437_linkFlyout\" href=\"http:\/\/www.vw.com.br\/pt\/carros\/gol\/versoes.s9_trimlevel_detail.suffix.html\/novo-gol-track~2Ftrack.html#flyout\">Motor 1.0l<\/a><\/li>\n<\/ul>\n<\/div>\n<\/td>\n<\/tr>\n<tr>\n<td class=\"vwd4_key\">Transmiss\u00e3o<\/td>\n<td class=\"vwd4_space\"><\/td>\n<td class=\"vwd4_value\">Transmiss\u00e3o manual de 5 velocidades<\/td>\n<\/tr>\n<tr class=\"vwd4_last\">\n<td class=\"vwd4_key\">Portas<\/td>\n<td class=\"vwd4_space\"><\/td>\n<td class=\"vwd4_value\">4<\/td>\n<\/tr>\n<\/tbody>\n<\/table>\n<p>&nbsp;<\/p>\n","protected":false},"excerpt":{"rendered":"<p>Destaques Rodas de liga leve aro 15&#8243; &#8220;Marga&#8221; Sistema infotainment &#8220;Media Plus&#8221; com bluetooth, MP3 e entradas USB, SD-card e AUX-IN Espelhos retrovisores e ma\u00e7anetas das portas na cor do ve\u00edculo Far\u00f3is de neblina Espelhos retrovisores externos com luzes indicadoras de dire\u00e7\u00e3o integradas Ar-condicionado com filtro de poeira e p\u00f3len &#8220;Keyless&#8221; &#8211; sistema de alarme &hellip;<\/p>\n","protected":false},"author":4,"featured_media":963,"comment_status":"open","ping_status":"open","sticky":false,"template":"","format":"standard","meta":[],"categories":[6],"tags":[],"_links":{"self":[{"href":"https:\/\/www.brasal.com.br\/veiculos\/blog\/wp-json\/wp\/v2\/posts\/948"}],"collection":[{"href":"https:\/\/www.brasal.com.br\/veiculos\/blog\/wp-json\/wp\/v2\/posts"}],"about":[{"href":"https:\/\/www.brasal.com.br\/veiculos\/blog\/wp-json\/wp\/v2\/types\/post"}],"author":[{"embeddable":true,"href":"https:\/\/www.brasal.com.br\/veiculos\/blog\/wp-json\/wp\/v2\/users\/4"}],"replies":[{"embeddable":true,"href":"https:\/\/www.brasal.com.br\/veiculos\/blog\/wp-json\/wp\/v2\/comments?post=948"}],"version-history":[{"count":2,"href":"https:\/\/www.brasal.com.br\/veiculos\/blog\/wp-json\/wp\/v2\/posts\/948\/revisions"}],"predecessor-version":[{"id":952,"href":"https:\/\/www.brasal.com.br\/veiculos\/blog\/wp-json\/wp\/v2\/posts\/948\/revisions\/952"}],"wp:featuredmedia":[{"embeddable":true,"href":"https:\/\/www.brasal.com.br\/veiculos\/blog\/wp-json\/wp\/v2\/media\/963"}],"wp:attachment":[{"href":"https:\/\/www.brasal.com.br\/veiculos\/blog\/wp-json\/wp\/v2\/media?parent=948"}],"wp:term":[{"taxonomy":"category","embeddable":true,"href":"https:\/\/www.brasal.com.br\/veiculos\/blog\/wp-json\/wp\/v2\/categories?post=948"},{"taxonomy":"post_tag","embeddable":true,"href":"https:\/\/www.brasal.com.br\/veiculos\/blog\/wp-json\/wp\/v2\/tags?post=948"}],"curies":[{"name":"wp","href":"https:\/\/api.w.org\/{rel}","templated":true}]}}