{"id":916,"date":"2016-11-10T06:50:06","date_gmt":"2016-11-10T08:50:06","guid":{"rendered":"http:\/\/www.brasal.com.br\/veiculos\/blog\/?p=916"},"modified":"2016-11-10T09:54:34","modified_gmt":"2016-11-10T11:54:34","slug":"concurso-cultural-nproducoes-3","status":"publish","type":"post","link":"https:\/\/www.brasal.com.br\/veiculos\/blog\/2016\/11\/10\/concurso-cultural-nproducoes-3\/","title":{"rendered":"Concurso Cultural \u2013 NProdu\u00e7\u00f5es"},"content":{"rendered":"<p><img decoding=\"async\" loading=\"lazy\" class=\"aligncenter size-full wp-image-917\" src=\"http:\/\/www.brasal.com.br\/veiculos\/blog\/wp-content\/uploads\/2016\/11\/blog.png\" alt=\"blog\" width=\"639\" height=\"148\" srcset=\"https:\/\/www.brasal.com.br\/veiculos\/blog\/wp-content\/uploads\/2016\/11\/blog.png 639w, https:\/\/www.brasal.com.br\/veiculos\/blog\/wp-content\/uploads\/2016\/11\/blog-300x69.png 300w\" sizes=\"(max-width: 639px) 100vw, 639px\" \/><\/p>\n<p>A Brasal Ve\u00edculos leva voc\u00ea e um amigo para o Top 10 Empresarial da N Produ\u00e7\u00f5es. N\u00e3o fique de fora desse evento que vai alavancar sua carreira.<\/p>\n<p>Para participar <a href=\"https:\/\/www.facebook.com\/BrasalVeiculos\/photos\/p.888246454645474\/888246454645474\/?type=3&amp;theater\">clique aqui<\/a> e siga as regras. O sorteio ser\u00e1 no dia 17\/10\/16 (11h), com a divulga\u00e7\u00e3o logo na sequ\u00eancia (11:30h) em nossa p\u00e1gina no <a href=\"https:\/\/www.facebook.com\/BrasalVeiculos\/\">Facebook<\/a>. Participe!<br \/>\n#Top10 #Top10Empresarial #LuisJusto #ClaudioCohen #BrasalVe\u00edculos #ConcursoCultural #NProdu\u00e7\u00f5es #Top10Empresarial #VW #Volkswagen #Brasal<\/p>\n<p>Regulamento: REGULAMENTO CONCURSO BRASAL VE\u00cdCULOS \u2013 TOP10 EMPRESARIAL NPRODU\u00c7\u00d5ES, DIA 10 DE NOVEMBRO DE 2016.<br \/>\n10 de Novembro de 2016 \u00e0s 10h.<br \/>\nRegras: 1. Objetivo e Crit\u00e9rio de Participa\u00e7\u00e3o<br \/>\n1.1 O concurso tem por objetivo premiar vencedores, cada vencedor com um par de cortesias para as palestras do TOP10 Empresarial da NProdu\u00e7\u00f5es que acontecer\u00e1 no dia 21 de Novembro de 2016 no Centro de Conven\u00e7\u00f5es Ulysses Guimar\u00e3es. Para a participa\u00e7\u00e3o no concurso, \u00e9 obrigat\u00f3rio que curta a p\u00e1gina da Brasal Ve\u00edculos, o post referente a promo\u00e7\u00e3o e marque dois amigos nos coment\u00e1rios do post. S\u00f3 ser\u00e3o aceitos os que realizarem os tr\u00eas requisitos. O concurso \u00e9 aberto a todas as pessoas f\u00edsicas do Distrito Federal e entorno, que desejarem participar (exceto colaboradores das empresas Brasal).<br \/>\n1.2 Os vencedores ser\u00e3o escolhidos por meio de sorteio, com o aux\u00edlio do site: <a href=\"http:\/\/www.sorteador.com.br\/\" target=\"_blank\" rel=\"noreferrer\">www.sorteador.com.br<\/a>.<br \/>\n1.3 O concurso ter\u00e1 in\u00edcio no dia 10 de Novembro de 2016, a partir das 12h, hor\u00e1rio de Bras\u00edlia, e o prazo final de participa\u00e7\u00e3o ser\u00e1 no dia 17 de Novembro de 2016 at\u00e9 \u00e0s 11h. Ap\u00f3s esta data, eventuais participa\u00e7\u00f5es ser\u00e3o desconsideradas. Os vencedores ser\u00e3o contactados dia 17 de Novembro\u00a0de 2016, por meio do Bate-Papo da Fan Page oficial da Brasal Ve\u00edculos no Facebook (<a href=\"http:\/\/www.facebook.com\/brasalveiculos\" target=\"_blank\" rel=\"noreferrer\">www.facebook.com\/brasalveiculos<\/a>), logo ap\u00f3s o sorteio, com os crit\u00e9rios escritos acima.<br \/>\n1.4 A Brasal Ve\u00edculos n\u00e3o se responsabilizar\u00e1 pelas participa\u00e7\u00f5es que n\u00e3o forem realizadas por problemas na transmiss\u00e3o de dados, no servidor, nas linhas telef\u00f4nicas ou em provedores de acesso dos usu\u00e1rios, por erros na leitura dos scripts, ou ainda, por falta de energia el\u00e9trica, sem exclus\u00e3o das demais situa\u00e7\u00f5es n\u00e3o previstas neste regulamento, incluindo as decorrentes de caso fortuito ou for\u00e7a maior.<br \/>\n2. Da Entrega dos Pr\u00eamios<br \/>\n2.1. Os vencedores ser\u00e3o contactados dia 17\u00a0de Novembro de 2016, por meio do Bate-Papo da Fan Page oficial da Brasal Ve\u00edculos no Facebook (<a href=\"http:\/\/www.facebook.com\/brasalveiculos\" target=\"_blank\" rel=\"noreferrer\">www.facebook.com\/brasalveiculos<\/a>), logo ap\u00f3s o sorteio, com os crit\u00e9rios escritos acima.<br \/>\n2.2. Os sorteados poder\u00e3o retirar as suas cortesias com uma colaboradora da Brasal Ve\u00edculos at\u00e9 \u00e0s 12h do dia 21\u00a0de Novembro.<br \/>\n3. Disposi\u00e7\u00f5es Finais<br \/>\n3.1. O concurso tem toda a sua estrutura tecnol\u00f3gica baseada em sistemas de hardware e software mantidos em ambiente reservado e seguro. Ser\u00e3o automaticamente desclassificados deste concurso os participantes que tentarem desrespeitar qualquer um dos itens deste regulamento, ou ainda, utilizarem quaisquer meios il\u00edcitos para obter benef\u00edcio pr\u00f3prio ou para terceiro.<br \/>\n3.2. Os clientes, no ato de participa\u00e7\u00e3o, estar\u00e3o autorizando a divulga\u00e7\u00e3o de seu nome.<br \/>\n3.3. Tendo em vista as caracter\u00edsticas inerentes ao ambiente da Internet, a Brasal n\u00e3o tem como garantir que o acesso aos seus sites ou suas fan pages, inclusive a este concurso, esteja livre de invas\u00f5es, interrup\u00e7\u00f5es ou suspens\u00f5es, ocasionadas por casos fortuitos, internos ou externos, casos de for\u00e7a maior ou por outros casos n\u00e3o inteiramente sujeitos ao seu controle, se eximindo de qualquer responsabilidade proveniente de tais fatos e\/ou atos.<br \/>\n3.4. A Brasal poder\u00e1 suspender ou interromper definitivamente este sorteio a qualquer tempo, ao seu exclusivo crit\u00e9rio, sem que sejam devidos aos participantes ainda n\u00e3o eleito vencedor quaisquer premia\u00e7\u00f5es, bonifica\u00e7\u00f5es ou compensa\u00e7\u00f5es.<br \/>\n3.5. As quest\u00f5es n\u00e3o previstas neste regulamento ou qualquer d\u00favida que possa surgir ser\u00e3o julgadas por uma comiss\u00e3o composta por 03 (tr\u00eas) representantes da Brasal Ve\u00edculos, cujas decis\u00f5es s\u00e3o soberanas e irrecorr\u00edveis. Participar deste concurso implica na aceita\u00e7\u00e3o sem reservas deste regulamento.<br \/>\n3.6. A participa\u00e7\u00e3o neste concurso implica na aceita\u00e7\u00e3o total de todos os itens deste regulamento, que poder\u00e1 ser alterado pelos seus organizadores tantas vezes quanto necess\u00e1rio, garantida a sua divulga\u00e7\u00e3o de forma eficaz, a crit\u00e9rio, tamb\u00e9m, dos organizadores.<br \/>\n3.7. Aplica-se a este concurso, incluindo, mas sem se limitar \u00e0 sua divulga\u00e7\u00e3o, condu\u00e7\u00e3o, \u00e0s participa\u00e7\u00f5es e \u00e0s premia\u00e7\u00f5es, a legisla\u00e7\u00e3o brasileira e fica eleito o foro de Bras\u00edlia\/DF para dirimir quaisquer controv\u00e9rsias oriundas desta.<br \/>\n3.8. Este concurso \u00e9 exclusivamente recreativo, sem qualquer modalidade de pagamento pelos participantes, nem vincula\u00e7\u00e3o destes ou dos vencedores \u00e0 aquisi\u00e7\u00e3o ou uso de qualquer bem, direito ou servi\u00e7o, promovido pela Brasal de acordo com a Portaria n\u00ba 422 do MINIST\u00c9RIO DE ESTADO DA FAZENDA de 18 de julho de 2013, que regula o artigo art. 3\u00ba, inciso II, da Lei n\u00ba 5.768\/71 e art. 30 do Decreto- Lei n\u00ba 70.951\/72.<\/p>\n","protected":false},"excerpt":{"rendered":"<p>A Brasal Ve\u00edculos leva voc\u00ea e um amigo para o Top 10 Empresarial da N Produ\u00e7\u00f5es. N\u00e3o fique de fora desse evento que vai alavancar sua carreira. Para participar clique aqui e siga as regras. O sorteio ser\u00e1 no dia 17\/10\/16 (11h), com a divulga\u00e7\u00e3o logo na sequ\u00eancia (11:30h) em nossa p\u00e1gina no Facebook. Participe! &hellip;<\/p>\n","protected":false},"author":4,"featured_media":917,"comment_status":"open","ping_status":"open","sticky":false,"template":"","format":"standard","meta":[],"categories":[53],"tags":[106,110,104,105,74,111,158,160,159,162,161,99],"_links":{"self":[{"href":"https:\/\/www.brasal.com.br\/veiculos\/blog\/wp-json\/wp\/v2\/posts\/916"}],"collection":[{"href":"https:\/\/www.brasal.com.br\/veiculos\/blog\/wp-json\/wp\/v2\/posts"}],"about":[{"href":"https:\/\/www.brasal.com.br\/veiculos\/blog\/wp-json\/wp\/v2\/types\/post"}],"author":[{"embeddable":true,"href":"https:\/\/www.brasal.com.br\/veiculos\/blog\/wp-json\/wp\/v2\/users\/4"}],"replies":[{"embeddable":true,"href":"https:\/\/www.brasal.com.br\/veiculos\/blog\/wp-json\/wp\/v2\/comments?post=916"}],"version-history":[{"count":2,"href":"https:\/\/www.brasal.com.br\/veiculos\/blog\/wp-json\/wp\/v2\/posts\/916\/revisions"}],"predecessor-version":[{"id":919,"href":"https:\/\/www.brasal.com.br\/veiculos\/blog\/wp-json\/wp\/v2\/posts\/916\/revisions\/919"}],"wp:featuredmedia":[{"embeddable":true,"href":"https:\/\/www.brasal.com.br\/veiculos\/blog\/wp-json\/wp\/v2\/media\/917"}],"wp:attachment":[{"href":"https:\/\/www.brasal.com.br\/veiculos\/blog\/wp-json\/wp\/v2\/media?parent=916"}],"wp:term":[{"taxonomy":"category","embeddable":true,"href":"https:\/\/www.brasal.com.br\/veiculos\/blog\/wp-json\/wp\/v2\/categories?post=916"},{"taxonomy":"post_tag","embeddable":true,"href":"https:\/\/www.brasal.com.br\/veiculos\/blog\/wp-json\/wp\/v2\/tags?post=916"}],"curies":[{"name":"wp","href":"https:\/\/api.w.org\/{rel}","templated":true}]}}