{"id":883,"date":"2016-10-13T16:45:24","date_gmt":"2016-10-13T19:45:24","guid":{"rendered":"http:\/\/www.brasal.com.br\/veiculos\/blog\/?p=883"},"modified":"2016-10-13T17:32:05","modified_gmt":"2016-10-13T20:32:05","slug":"10-dicas-para-cuidar-melhor-do-seu-carro","status":"publish","type":"post","link":"https:\/\/www.brasal.com.br\/veiculos\/blog\/2016\/10\/13\/10-dicas-para-cuidar-melhor-do-seu-carro\/","title":{"rendered":"10 Dicas para cuidar melhor do seu carro"},"content":{"rendered":"<p>&nbsp;<\/p>\n<p><img decoding=\"async\" loading=\"lazy\" class=\"aligncenter size-full wp-image-890\" src=\"http:\/\/www.brasal.com.br\/veiculos\/blog\/wp-content\/uploads\/2016\/10\/Dicas-1.png\" alt=\"Dicas (1)\" width=\"800\" height=\"2000\" srcset=\"https:\/\/www.brasal.com.br\/veiculos\/blog\/wp-content\/uploads\/2016\/10\/Dicas-1.png 800w, https:\/\/www.brasal.com.br\/veiculos\/blog\/wp-content\/uploads\/2016\/10\/Dicas-1-120x300.png 120w, https:\/\/www.brasal.com.br\/veiculos\/blog\/wp-content\/uploads\/2016\/10\/Dicas-1-768x1920.png 768w, https:\/\/www.brasal.com.br\/veiculos\/blog\/wp-content\/uploads\/2016\/10\/Dicas-1-410x1024.png 410w\" sizes=\"(max-width: 800px) 100vw, 800px\" \/><\/p>\n<p>1. Troca de \u00f3leo.<br \/>\nDeve ser feita a cada 5 mil ou 7,5 mil km (dependendo do fabricante do autom\u00f3vel).<br \/>\nOs modelos da Volkswagen devem ser feitos de 6 meses ou 10 mil quil\u00f4metros nos modelos adquiridos antes de Outubro de 2016.<br \/>\nOs modelos adquiridos \u00e0 partir de outubro de 2016 deve ser realizada a troca com 12 meses ou 10 mil quil\u00f4metros.<\/p>\n<p>2. Filtro de \u00f3leo.<br \/>\nDeve ser substitu\u00eddo a cada troca de \u00f3leo.<\/p>\n<p>3. Alinhamento e balanceamento.<br \/>\nA cada 15 mil km, \u00e9 sugerido fazer o alinhamento e balanceamento das rodas.<\/p>\n<p>4. Ar condicionado<br \/>\nA limpeza do sistema do ar condicionado tamb\u00e9m deve ser feita a cada 30 mil km ou 18 meses, assim como a troca do filtro.<\/p>\n<p>5. Velas<br \/>\nO jogo de velas deve ser substitu\u00eddo aos 20 ou 60 mil km dependendo da motoriza\u00e7\u00e3o.<\/p>\n<p>6. Correia dentada<br \/>\nA correia dentada e o tensor da correia devem ser substitu\u00eddos a cada 90 mil km ou 120 mil km dependendo da motoriza\u00e7\u00e3o, com o risco de, se ela arrebentar, comprometer o motor definitivamente.<\/p>\n<p>7. Pneus<br \/>\nAvalie o sulco dos pneus. O novo tem 8 mm. Abaixo de 3 mm ou 2 mm \u00e9 coloque um jogo novo. Ou, ao menos, dois. Outra maneira de saber se \u00e9 hora de trocar \u00e9 observando um carocinho interno. Se estiver aparente, est\u00e3o gastos. Os pneus duram cerca de 45 mil km.<\/p>\n<p>8. Flu\u00eddo de freio<br \/>\n\u00c9 recomend\u00e1vel sempre avaliar o n\u00edvel. E, mesmo que esteja normal, substitua a cada 45 mil km ou a cada 2 anos.<\/p>\n<p>9. L\u00edquido do arrefecimento<br \/>\nO l\u00edquido de arrefecimento do radiador \u00e9 outro item que o motorista precisa ficar atento se est\u00e1 no n\u00edvel adequado. Corrija a propor\u00e7\u00e3o do aditivo e caso necess\u00e1rio fa\u00e7a a limpeza.<\/p>\n<p>10. Flu\u00eddo da dire\u00e7\u00e3o hidr\u00e1ulica<br \/>\nO flu\u00eddo da dire\u00e7\u00e3o hidr\u00e1ulica n\u00e3o precisa ser trocado, mas, por preven\u00e7\u00e3o, observe periodicamente se ele est\u00e1 vazando.<\/p>\n<p><strong>Aproveite e marque <a href=\"http:\/\/brasal.com.br\/veiculos\/servicos\" target=\"_blank\">aqui<\/a> sua revis\u00e3o na Brasal Ve\u00edculos!<\/strong><\/p>\n","protected":false},"excerpt":{"rendered":"<p>&nbsp; 1. Troca de \u00f3leo. Deve ser feita a cada 5 mil ou 7,5 mil km (dependendo do fabricante do autom\u00f3vel). Os modelos da Volkswagen devem ser feitos de 6 meses ou 10 mil quil\u00f4metros nos modelos adquiridos antes de Outubro de 2016. Os modelos adquiridos \u00e0 partir de outubro de 2016 deve ser realizada &hellip;<\/p>\n","protected":false},"author":4,"featured_media":888,"comment_status":"open","ping_status":"open","sticky":false,"template":"","format":"standard","meta":[],"categories":[150],"tags":[149,55,143,142,144,146,145,51,118,147,148,54],"_links":{"self":[{"href":"https:\/\/www.brasal.com.br\/veiculos\/blog\/wp-json\/wp\/v2\/posts\/883"}],"collection":[{"href":"https:\/\/www.brasal.com.br\/veiculos\/blog\/wp-json\/wp\/v2\/posts"}],"about":[{"href":"https:\/\/www.brasal.com.br\/veiculos\/blog\/wp-json\/wp\/v2\/types\/post"}],"author":[{"embeddable":true,"href":"https:\/\/www.brasal.com.br\/veiculos\/blog\/wp-json\/wp\/v2\/users\/4"}],"replies":[{"embeddable":true,"href":"https:\/\/www.brasal.com.br\/veiculos\/blog\/wp-json\/wp\/v2\/comments?post=883"}],"version-history":[{"count":5,"href":"https:\/\/www.brasal.com.br\/veiculos\/blog\/wp-json\/wp\/v2\/posts\/883\/revisions"}],"predecessor-version":[{"id":891,"href":"https:\/\/www.brasal.com.br\/veiculos\/blog\/wp-json\/wp\/v2\/posts\/883\/revisions\/891"}],"wp:featuredmedia":[{"embeddable":true,"href":"https:\/\/www.brasal.com.br\/veiculos\/blog\/wp-json\/wp\/v2\/media\/888"}],"wp:attachment":[{"href":"https:\/\/www.brasal.com.br\/veiculos\/blog\/wp-json\/wp\/v2\/media?parent=883"}],"wp:term":[{"taxonomy":"category","embeddable":true,"href":"https:\/\/www.brasal.com.br\/veiculos\/blog\/wp-json\/wp\/v2\/categories?post=883"},{"taxonomy":"post_tag","embeddable":true,"href":"https:\/\/www.brasal.com.br\/veiculos\/blog\/wp-json\/wp\/v2\/tags?post=883"}],"curies":[{"name":"wp","href":"https:\/\/api.w.org\/{rel}","templated":true}]}}