{"id":866,"date":"2016-09-22T16:53:08","date_gmt":"2016-09-22T19:53:08","guid":{"rendered":"http:\/\/www.brasal.com.br\/veiculos\/blog\/?p=866"},"modified":"2016-09-22T17:15:56","modified_gmt":"2016-09-22T20:15:56","slug":"campanha-de-doacao-de-racao","status":"publish","type":"post","link":"https:\/\/www.brasal.com.br\/veiculos\/blog\/2016\/09\/22\/campanha-de-doacao-de-racao\/","title":{"rendered":"Campanha de Doa\u00e7\u00e3o de Ra\u00e7\u00e3o"},"content":{"rendered":"<p><img decoding=\"async\" loading=\"lazy\" class=\"aligncenter size-full wp-image-867\" src=\"http:\/\/www.brasal.com.br\/veiculos\/blog\/wp-content\/uploads\/2016\/09\/campanha-de-doa\u00e7\u00e3o-de-ra\u00e7\u00e3o-4.png\" alt=\"campanha de doa\u00e7\u00e3o de ra\u00e7\u00e3o (4)\" width=\"800\" height=\"2000\" srcset=\"https:\/\/www.brasal.com.br\/veiculos\/blog\/wp-content\/uploads\/2016\/09\/campanha-de-doa\u00e7\u00e3o-de-ra\u00e7\u00e3o-4.png 800w, https:\/\/www.brasal.com.br\/veiculos\/blog\/wp-content\/uploads\/2016\/09\/campanha-de-doa\u00e7\u00e3o-de-ra\u00e7\u00e3o-4-120x300.png 120w, https:\/\/www.brasal.com.br\/veiculos\/blog\/wp-content\/uploads\/2016\/09\/campanha-de-doa\u00e7\u00e3o-de-ra\u00e7\u00e3o-4-768x1920.png 768w, https:\/\/www.brasal.com.br\/veiculos\/blog\/wp-content\/uploads\/2016\/09\/campanha-de-doa\u00e7\u00e3o-de-ra\u00e7\u00e3o-4-410x1024.png 410w\" sizes=\"(max-width: 800px) 100vw, 800px\" \/><\/p>\n<p>A Brasal Ve\u00edculos apoia o <a href=\"http:\/\/projetoadocaosaofrancisco.blogspot.com.br\/\" target=\"_blank\">Projeto de Ado\u00e7\u00e3o S\u00e3o Francisco<\/a>, um projeto social e volunt\u00e1rio que\u00a0trabalha em moldes bem distintos do que se conhece por resgate de animais no Brasil. N\u00e3o s\u00e3o um abrigo, mas sim um lar tempor\u00e1rio e coletivo, uma fam\u00edlia, como uma casa de passagem, carinhosamente batizada de \u2018Morada de Chiquinho\u2019. Eles prezam pelo conforto e qualidade de vida dos acolhidos, seguem\u00a0um r\u00edgido protocolo veterin\u00e1rio e s\u00f3 uma ado\u00e7\u00e3o bem sucedida abre espa\u00e7o para um novo resgate.<\/p>\n<p>O Projeto busca possibilitar uma vida de qualidade para estes animais, na maioria das vezes abandonados, atropelados, espancados e sofrendo toda esp\u00e9cie de maus tratos.\u00a0O trabalho \u00e9 intenso para manter a sa\u00fade e a alimenta\u00e7\u00e3o desses animais.<\/p>\n<p>N\u00e3o contam com nenhuma ajuda oficial, dependendo, assim, da ajuda volunt\u00e1ria de colaboradores, sempre com o intuito de suscitar o dever c\u00edvico e responsabilidade social.<\/p>\n<p>Com a crise as pessoas est\u00e3o doando muito pouco, ou quase nada, em pouco tempo os 120 resgatados poder\u00e3o estar passando fome. O\u00a0gasto mensal (s\u00f3 com ra\u00e7\u00e3o), atualmente, chega a pouco mais de R$ 2.700,00! Pensando nisso a Brasal Ve\u00edculos resolveu criar uma Campanha de Doa\u00e7\u00e3o de Ra\u00e7\u00e3o. A cada carro vendido no s\u00e1bado (24\/09\/2016), ser\u00e3o doados 10kg de ra\u00e7\u00e3o. Voc\u00ea tamb\u00e9m pode ajudar, deixando suas doa\u00e7\u00f5es em nossas lojas at\u00e9 o dia 03\/10\/2016.<\/p>\n<p><strong>Compartilhe com seus amigos para que o Projeto tenha\u00a0mais visibilidade e apoio!<\/strong><\/p>\n","protected":false},"excerpt":{"rendered":"<p>A Brasal Ve\u00edculos apoia o Projeto de Ado\u00e7\u00e3o S\u00e3o Francisco, um projeto social e volunt\u00e1rio que\u00a0trabalha em moldes bem distintos do que se conhece por resgate de animais no Brasil. N\u00e3o s\u00e3o um abrigo, mas sim um lar tempor\u00e1rio e coletivo, uma fam\u00edlia, como uma casa de passagem, carinhosamente batizada de \u2018Morada de Chiquinho\u2019. Eles &hellip;<\/p>\n","protected":false},"author":4,"featured_media":872,"comment_status":"open","ping_status":"open","sticky":false,"template":"","format":"standard","meta":[],"categories":[140],"tags":[102,133,130,135,136,137,138,74,131,127,55,83,128,132,139,129,134,75],"_links":{"self":[{"href":"https:\/\/www.brasal.com.br\/veiculos\/blog\/wp-json\/wp\/v2\/posts\/866"}],"collection":[{"href":"https:\/\/www.brasal.com.br\/veiculos\/blog\/wp-json\/wp\/v2\/posts"}],"about":[{"href":"https:\/\/www.brasal.com.br\/veiculos\/blog\/wp-json\/wp\/v2\/types\/post"}],"author":[{"embeddable":true,"href":"https:\/\/www.brasal.com.br\/veiculos\/blog\/wp-json\/wp\/v2\/users\/4"}],"replies":[{"embeddable":true,"href":"https:\/\/www.brasal.com.br\/veiculos\/blog\/wp-json\/wp\/v2\/comments?post=866"}],"version-history":[{"count":4,"href":"https:\/\/www.brasal.com.br\/veiculos\/blog\/wp-json\/wp\/v2\/posts\/866\/revisions"}],"predecessor-version":[{"id":871,"href":"https:\/\/www.brasal.com.br\/veiculos\/blog\/wp-json\/wp\/v2\/posts\/866\/revisions\/871"}],"wp:featuredmedia":[{"embeddable":true,"href":"https:\/\/www.brasal.com.br\/veiculos\/blog\/wp-json\/wp\/v2\/media\/872"}],"wp:attachment":[{"href":"https:\/\/www.brasal.com.br\/veiculos\/blog\/wp-json\/wp\/v2\/media?parent=866"}],"wp:term":[{"taxonomy":"category","embeddable":true,"href":"https:\/\/www.brasal.com.br\/veiculos\/blog\/wp-json\/wp\/v2\/categories?post=866"},{"taxonomy":"post_tag","embeddable":true,"href":"https:\/\/www.brasal.com.br\/veiculos\/blog\/wp-json\/wp\/v2\/tags?post=866"}],"curies":[{"name":"wp","href":"https:\/\/api.w.org\/{rel}","templated":true}]}}