{"id":856,"date":"2016-09-22T10:17:38","date_gmt":"2016-09-22T13:17:38","guid":{"rendered":"http:\/\/www.brasal.com.br\/veiculos\/blog\/?p=856"},"modified":"2016-09-22T15:28:22","modified_gmt":"2016-09-22T18:28:22","slug":"paznotransito","status":"publish","type":"post","link":"https:\/\/www.brasal.com.br\/veiculos\/blog\/2016\/09\/22\/paznotransito\/","title":{"rendered":"10 Dicas para a Paz no Tr\u00e2nsito"},"content":{"rendered":"<p><img decoding=\"async\" loading=\"lazy\" class=\"aligncenter size-full wp-image-859\" src=\"http:\/\/www.brasal.com.br\/veiculos\/blog\/wp-content\/uploads\/2016\/09\/PAZTR\u00c2NSITO.png\" alt=\"PAZTR\u00c2NSITO\" width=\"800\" height=\"2000\" srcset=\"https:\/\/www.brasal.com.br\/veiculos\/blog\/wp-content\/uploads\/2016\/09\/PAZTR\u00c2NSITO.png 800w, https:\/\/www.brasal.com.br\/veiculos\/blog\/wp-content\/uploads\/2016\/09\/PAZTR\u00c2NSITO-120x300.png 120w, https:\/\/www.brasal.com.br\/veiculos\/blog\/wp-content\/uploads\/2016\/09\/PAZTR\u00c2NSITO-768x1920.png 768w, https:\/\/www.brasal.com.br\/veiculos\/blog\/wp-content\/uploads\/2016\/09\/PAZTR\u00c2NSITO-410x1024.png 410w\" sizes=\"(max-width: 800px) 100vw, 800px\" \/><\/p>\n<p>Promover a Paz no tr\u00e2nsito \u00e9 muito mais do que praticar dire\u00e7\u00e3o defensiva. \u00c9 ter consci\u00eancia que ao dirigir um autom\u00f3vel, n\u00e3o estamos sozinhos.<\/p>\n<p>Devemos utilizar nossos ve\u00edculos com cautela m\u00e1xima e promover atitudes que incentivem as pessoas a fazer o mesmo.<\/p>\n<p>Confira essas 10 dicas valiosas que promovem a um tr\u00e2nsito pac\u00edfico e far\u00e3o diferen\u00e7a em momentos cruciais na vida das pessoas.<\/p>\n<p><strong>1 \u2013 Lembre-se, voc\u00ea n\u00e3o est\u00e1 em uma corrida!<\/strong><\/p>\n<p>N\u00e3o adianta andar em alta velocidades, quando h\u00e1 necessidade de parar em sem\u00e1foros e cruzamentos. O mesmo serve para estradas. Mantenha sempre dist\u00e2ncias adequadas e seguras entre os ve\u00edculos.<\/p>\n<p>A 100km\/h um ve\u00edculo est\u00e1 percorrendo 30 metros por segundo. Esse \u00e9 o tempo e espa\u00e7o para perceber um problema, identific\u00e1-lo e reagir a ele. \u00c9 pouco tempo. A solu\u00e7\u00e3o \u00e9 manter a maior dist\u00e2ncia poss\u00edvel dos outros ve\u00edculos e dos obst\u00e1culos. Vale usar a regra dos dois segundos: esse \u00e9 o tempo m\u00ednimo entre a passagem do ve\u00edculo que vai \u00e0 sua frente e a do seu ve\u00edculo por um mesmo ponto fixo \u00e0s margens da rodovia.<\/p>\n<p><strong>2 \u2013 Pedestres tem sempre prefer\u00eancia.<\/strong><\/p>\n<p>Evite situa\u00e7\u00f5es que comprometam a seguran\u00e7a e integridade f\u00edsica de pedestres. Amea\u00e7\u00e1-los com manobras perigosas pode gerar infra\u00e7\u00e3o grav\u00edssima, al\u00e9m da suspens\u00e3o do direito de dirigir.<\/p>\n<p><strong>3 \u2013 Acomode-se corretamente ao dirigir.<\/strong><\/p>\n<p>Pode n\u00e3o parecer, mas a posi\u00e7\u00e3o que voc\u00ea dirige, pode influenciar e criar situa\u00e7\u00f5es inseguras ao dirigir.<\/p>\n<p>Bra\u00e7os e pernas devem permanecer ligeiramente dobrados, corpo encostado no assento e encosto com \u00e2ngulo pr\u00f3ximo a 90 graus e encosto de cabe\u00e7a na altura dos olhos do motorista.<\/p>\n<p><strong>4 \u2013 Choveu? Triplique a aten\u00e7\u00e3o!<\/strong><\/p>\n<p>Piso molhado reduz o atrito dos pneus, diminui a ader\u00eancia nas curvas e o espa\u00e7o necess\u00e1rio para as frenagens. Al\u00e9m disso, a aquaplanagem acontece j\u00e1 a partir dos 60km\/h nos carros mais leves.<\/p>\n<p><strong>5 \u2013 Hoje n\u00e3o \u00e9 seu dia? Repense se precisa mesmo dirigir!<\/strong><\/p>\n<p>Segundo a Organiza\u00e7\u00e3o Mundial de Sa\u00fade, cerca de 90% dos acidentes de tr\u00e2nsito acontecem por falha humana, dos mais diferentes tipos.<\/p>\n<p>Nem \u00e9 necess\u00e1rio dizer que dirigir em boas condi\u00e7\u00f5es mentais e emocionais \u00e9 imprescind\u00edvel, portanto, se n\u00e3o se considerar apto para tal, n\u00e3o dirija!<\/p>\n<p>Motoristas estressados tendem \u00e0 n\u00edveis alt\u00edssimos de d\u00e9ficit de aten\u00e7\u00e3o e acidentes podem ocorrer com muito mais facilidade.\u00a0Tenha calma e seja precavido!<\/p>\n<p><strong>6 \u2013 Devemos ou n\u00e3o parar em sem\u00e1foros de madrugada?<\/strong><\/p>\n<p>A resposta \u00e9 SIM! Sabemos do grande aumento da viol\u00eancia urbana e que parar em sem\u00e1foros de madrugada pode ser uma atitude perigosa, afinal, estamos sujeitos a sequestros, assaltos e outros crimes.<\/p>\n<p>Por\u00e9m, a infra\u00e7\u00e3o dessa categoria acomete o grau grav\u00edssimo.<\/p>\n<p>O ideal \u00e9 desacelerar, levando em conta que o fluxo de carros na madrugada \u00e9 muito inferior. Al\u00e9m disso, \u00e9 extremamente importante n\u00e3o exibir itens que chamam a aten\u00e7\u00e3o de bandidos, como j\u00f3ias, rel\u00f3gios, aparelhos eletr\u00f4nicos, celulares, entre outros.<\/p>\n<p>Evite as primeiras e as \u00faltimas posi\u00e7\u00f5es no tr\u00e2nsito, e tente manter-se na faixa do meio, pois bandidos tendem a se esconder atr\u00e1s de \u00e1rvores, postes e barreiras visuais. Fique atento!<\/p>\n<p><strong>7 \u2013 As manuten\u00e7\u00f5es est\u00e3o em dia?<\/strong><\/p>\n<p>Imagina ter o carro parando no meio de uma rodovia? N\u00e3o quer passar por isso, n\u00e3o \u00e9?<\/p>\n<p>Consulte o manual do ve\u00edculo e mantenha as revis\u00f5es do seu carro em dia. N\u00e3o deixe para o m\u00eas que vem, isso pode custar muito mais caro depois. Far\u00f3is, pedais, pisca-alertas, pneus e sistemas el\u00e9tricos precisam estar funcionando de maneira excelente para evitar sustos! <a href=\"http:\/\/brasal.com.br\/veiculos\/servicos\" target=\"_blank\">Marque sua revis\u00e3o na Brasal Ve\u00edculos.<\/a><\/p>\n<p><strong>8 \u2013 Saia do Whatsapp e dirija!<\/strong><\/p>\n<p>Hoje em dia, nossos smartphones s\u00e3o nossos principais companheiros do dia a dia. L\u00e1, temos um resumo de nosso universo em poucos toques. Mas se existe um momento em que n\u00e3o podemos us\u00e1-lo, \u00e9 quando estamos dirigindo!<\/p>\n<p>Focos de distra\u00e7\u00e3o podem tirar nosso senso de espa\u00e7o e provocar grav\u00edssimos acidentes, como podemos ver a estat\u00edstica crescente desses n\u00fameros. De acordo com o seguro DPVAT, celulares no tr\u00e2nsito causam cerca de 1.3 milh\u00e3o de acidente por ano.<\/p>\n<p><strong>9 \u2013 Lugar de crian\u00e7a \u00e9 no banco traseiro!<\/strong><\/p>\n<p>Muitos pais acreditam que levar o filho no colo \u00e9 mais seguro do que uma cadeirinha, mas isso \u00e9 um dos maiores enganos que podemos cometer. Um enorme n\u00famero de acidentes fatais envolvendo crian\u00e7as se d\u00e3o \u00e0 falta de itens obrigat\u00f3rios de seguran\u00e7a.<\/p>\n<p><strong>10 \u2013 Luz baixa, mesmo durante o dia.<\/strong><\/p>\n<p>Pode parecer insignificante em ambientes bem iluminados. Mas o uso da Luz Baixa durante o dia, evita muitas situa\u00e7\u00f5es perigosas, principalmente em estradas.<\/p>\n<p>Por isso a import\u00e2ncia da manuten\u00e7\u00e3o preventiva, como dita na dica 7. Pequenos erros que podem causar grandes transtornos.<\/p>\n<p>Essas atitudes, podem prevenir situa\u00e7\u00f5es de risco e preservar vidas. Vamos fazer nossa parte e contribuir para um tr\u00e2nsito mais pac\u00edfico.<\/p>\n<p>Fonte: <a href=\"http:\/\/www.brasal.com.br\/veiculos\/blog\/pagina-exemplo\/\">Wappa<\/a><\/p>\n","protected":false},"excerpt":{"rendered":"<p>Promover a Paz no tr\u00e2nsito \u00e9 muito mais do que praticar dire\u00e7\u00e3o defensiva. \u00c9 ter consci\u00eancia que ao dirigir um autom\u00f3vel, n\u00e3o estamos sozinhos. Devemos utilizar nossos ve\u00edculos com cautela m\u00e1xima e promover atitudes que incentivem as pessoas a fazer o mesmo. Confira essas 10 dicas valiosas que promovem a um tr\u00e2nsito pac\u00edfico e far\u00e3o &hellip;<\/p>\n","protected":false},"author":4,"featured_media":862,"comment_status":"open","ping_status":"open","sticky":false,"template":"","format":"standard","meta":[],"categories":[113],"tags":[122,74,55,123,119,121,126,45,116,120,115,125,118,114,124,117,54],"_links":{"self":[{"href":"https:\/\/www.brasal.com.br\/veiculos\/blog\/wp-json\/wp\/v2\/posts\/856"}],"collection":[{"href":"https:\/\/www.brasal.com.br\/veiculos\/blog\/wp-json\/wp\/v2\/posts"}],"about":[{"href":"https:\/\/www.brasal.com.br\/veiculos\/blog\/wp-json\/wp\/v2\/types\/post"}],"author":[{"embeddable":true,"href":"https:\/\/www.brasal.com.br\/veiculos\/blog\/wp-json\/wp\/v2\/users\/4"}],"replies":[{"embeddable":true,"href":"https:\/\/www.brasal.com.br\/veiculos\/blog\/wp-json\/wp\/v2\/comments?post=856"}],"version-history":[{"count":5,"href":"https:\/\/www.brasal.com.br\/veiculos\/blog\/wp-json\/wp\/v2\/posts\/856\/revisions"}],"predecessor-version":[{"id":865,"href":"https:\/\/www.brasal.com.br\/veiculos\/blog\/wp-json\/wp\/v2\/posts\/856\/revisions\/865"}],"wp:featuredmedia":[{"embeddable":true,"href":"https:\/\/www.brasal.com.br\/veiculos\/blog\/wp-json\/wp\/v2\/media\/862"}],"wp:attachment":[{"href":"https:\/\/www.brasal.com.br\/veiculos\/blog\/wp-json\/wp\/v2\/media?parent=856"}],"wp:term":[{"taxonomy":"category","embeddable":true,"href":"https:\/\/www.brasal.com.br\/veiculos\/blog\/wp-json\/wp\/v2\/categories?post=856"},{"taxonomy":"post_tag","embeddable":true,"href":"https:\/\/www.brasal.com.br\/veiculos\/blog\/wp-json\/wp\/v2\/tags?post=856"}],"curies":[{"name":"wp","href":"https:\/\/api.w.org\/{rel}","templated":true}]}}