{"id":824,"date":"2016-09-05T16:07:37","date_gmt":"2016-09-05T19:07:37","guid":{"rendered":"http:\/\/www.brasal.com.br\/veiculos\/blog\/?p=824"},"modified":"2016-09-06T09:32:49","modified_gmt":"2016-09-06T12:32:49","slug":"capital-na-tela","status":"publish","type":"post","link":"https:\/\/www.brasal.com.br\/veiculos\/blog\/2016\/09\/05\/capital-na-tela\/","title":{"rendered":"Brasal Ve\u00edculos apoia Capital na Tela no CCBB"},"content":{"rendered":"<p>&nbsp;<\/p>\n<p><img decoding=\"async\" loading=\"lazy\" class=\"aligncenter size-full wp-image-832\" src=\"http:\/\/www.brasal.com.br\/veiculos\/blog\/wp-content\/uploads\/2016\/09\/apoi.png\" alt=\"apoi\" width=\"851\" height=\"315\" \/><\/p>\n<p>A Brasal Ve\u00edculos apoia o Capital na Tela que ocorre nos dias 01, 02, 07 e 08 de Setembro de 2016.<br \/>\nNa semana passada\u00a0foram entregues\u00a0algumas cortesias para nossos clientes de Ve\u00edculos Novos e Assist\u00eancia T\u00e9cnica.<br \/>\nDessa vez voc\u00ea tamb\u00e9m tem a oportunidade de participar desse evento que valoriza a cultura da nossa capital por nossa conta. Participe do concurso cultural na nossa p\u00e1gina no <a href=\"https:\/\/www.facebook.com\/BrasalVeiculos\/\" target=\"_blank\">Facebook <\/a>\u00a0e ganhe pares de cosrtesias para o dia 07 e 08 de Setembro de 2016. *Leia o regulamento.<\/p>\n<p><strong>Sobre o Evento<\/strong><\/p>\n<p>Com programa\u00e7\u00e3o montada pela produ\u00e7\u00e3o brasiliense em cinema e m\u00fasica, est\u00e3o sendo exibidos filmes em um grande tel\u00e3o nos jardins do CCBB, um convite para o p\u00fablico conhecer o potencial da cidade para a produ\u00e7\u00e3o cinematogr\u00e1fica e ainda curtir shows de bandas locais que rolam logo ap\u00f3s a exibi\u00e7\u00e3o dos filmes, al\u00e9m de food trucks e bikes.<\/p>\n<p><strong>Quarta-feira, 7 de setembro:<\/strong><\/p>\n<p>18h30 \u2013 19h30:<br \/>\nMostra Universit\u00e1ria Curta-Capital de filmes de alunos do Iesb: \u201cOutro Dia Comum\u201d (2015, 16min07);<br \/>\n\u201cMohamed\u201d (2015, 15min44);<br \/>\n\u201cHasta la vista\u201d (2011, 14min37);<br \/>\n\u201cCotidiano Invis\u00edvel\u201d; e \u201cAlisar pra que?\u201d V\u00eddeo Clipe de Thabata Lorena (2014, 3min46).<\/p>\n<p>19h30 \u2013 21h10: Exibi\u00e7\u00e3o do longa-metragem \u201cO \u00daltimo Cine Drive-In\u201d (2014. Drama\/Com\u00e9dia. 1h40. 12 anos. trailer).<\/p>\n<p>21h10 \u2013 0h: Bandas: Joe Silhueta e Vintage Vantage.<br \/>\nClassifica\u00e7\u00e3o et\u00e1ria: 12 anos<\/p>\n<p><strong>Quinta-feira, 8 de setembro:<\/strong><\/p>\n<p>18h30 \u2013 19h43: Exibi\u00e7\u00e3o do longa-metragem \u201cGera\u00e7\u00e3o Bar\u00e9 Cola \u2013 Usu\u00e1rios de Rock\u201d (2014, Document\u00e1rio, 1h13, 14 anos).<\/p>\n<p>20h \u2013 21h48: Exibi\u00e7\u00e3o do longa-metragem \u201cFaroeste Caboclo\u201d (2013. Drama\/Romance.1h48, 16 anos trailer);<\/p>\n<p>22h00 \u2013 0h: Bandas: Almirante Shiva e Rios Voadores.<br \/>\nClassifica\u00e7\u00e3o et\u00e1ria: 16 Anos<\/p>\n<p><strong>Como chegar<\/strong><br \/>\nCentro Cultural Banco do Brasil Bras\u00edlia<\/p>\n<p>SCES, Trecho 02, lote 22<br \/>\nCEP: 70200-002 | Bras\u00edlia (DF)<br \/>\n(61) 3108-7600<br \/>\nccbbdf@bb.com.br<\/p>\n<p>&nbsp;<\/p>\n<p>Fonte: <a href=\"http:\/\/culturabancodobrasil.com.br\/portal\/capital-na-tela\/\" target=\"_blank\">CCBB<\/a><\/p>\n<p><strong>Regulamento:<br \/>\n<\/strong>REGULAMENTO CONCURSO BRASAL VE\u00cdCULOS \u2013 CAPITAL NA TELA, DIA 05 DE SETEMBRO DE 2016.<br \/>\n05 de Setembro de 2016 \u00e0s 16h.<br \/>\nRegras:<br \/>\n<strong>1. Objetivo e Crit\u00e9rio de Participa\u00e7\u00e3o<\/strong><br \/>\n1.1 O concurso tem por objetivo premiar sete vencedores, cada vencedor com um par de cortesias para o evento Capital na Tela no CCBB para os dias 7 ou 8 de Setembro de 2016. Para a participa\u00e7\u00e3o no concurso, \u00e9 obrigat\u00f3rio que curta a p\u00e1gina da Brasal Ve\u00edculos, o post referente a promo\u00e7\u00e3o e marque um amigo nos coment\u00e1rios do post. S\u00f3 ser\u00e3o aceitos os que realizarem os tr\u00eas requisitos. O concurso \u00e9 aberto a todas as pessoas f\u00edsicas do Distrito Federal e entorno, que desejarem participar (exceto colaboradores das empresas Brasal).<br \/>\n1.2 Os vencedores ser\u00e3o escolhidos por meio de sorteio, com o aux\u00edlio do site: www.sorteador.com.br.<br \/>\n1.3 O concurso ter\u00e1 in\u00edcio no dia 05\u00a0de Setembro de 2016, a partir das 16h, hor\u00e1rio de Bras\u00edlia, e o prazo final de participa\u00e7\u00e3o ser\u00e1 no dia 06 de Setembro de 2016 at\u00e9 \u00e0s 14h. Ap\u00f3s esta data, eventuais participa\u00e7\u00f5es ser\u00e3o desconsideradas. Os vencedores ser\u00e3o contactados dia 06 de Setembro de 2016, por meio do Bate-Papo da Fan Page oficial da Brasal Ve\u00edculos no Facebook (www.facebook.com\/brasalveiculos), logo ap\u00f3s o sorteio, com os crit\u00e9rios escritos acima.<br \/>\n1.4 A Brasal Ve\u00edculos n\u00e3o se responsabilizar\u00e1 pelas participa\u00e7\u00f5es que n\u00e3o forem realizadas por problemas na transmiss\u00e3o de dados, no servidor, nas linhas telef\u00f4nicas ou em provedores de acesso dos usu\u00e1rios, por erros na leitura dos scripts, ou ainda, por falta de energia el\u00e9trica, sem exclus\u00e3o das demais situa\u00e7\u00f5es n\u00e3o previstas neste regulamento, incluindo as decorrentes de caso fortuito ou for\u00e7a maior.<br \/>\n<strong>2. Da Entrega dos Pr\u00eamios<\/strong><br \/>\n2.1. Os vencedores ser\u00e3o contactados dia 06 de Setembro de 2016, por meio do Bate-Papo da Fan Page oficial da Brasal Ve\u00edculos no Facebook (www.facebook.com\/brasalveiculos), logo ap\u00f3s o sorteio, com os crit\u00e9rios escritos acima.<br \/>\n2.2. Os sorteados poder\u00e3o retirar as suas cortesias com uma colaboradora\u00a0da Brasal Ve\u00edculos at\u00e9 \u00e0s 18h do dia 06 de Setembro.<br \/>\n<strong>3. Disposi\u00e7\u00f5es Finais<\/strong><br \/>\n3.1. O concurso tem toda a sua estrutura tecnol\u00f3gica baseada em sistemas de hardware e software mantidos em ambiente reservado e seguro. Ser\u00e3o automaticamente desclassificados deste concurso os participantes que tentarem desrespeitar qualquer um dos itens deste regulamento, ou ainda, utilizarem quaisquer meios il\u00edcitos para obter benef\u00edcio pr\u00f3prio ou para terceiro.<br \/>\n3.2. Os clientes, no ato de participa\u00e7\u00e3o, estar\u00e3o autorizando a divulga\u00e7\u00e3o de seu nome.<br \/>\n3.3. Tendo em vista as caracter\u00edsticas inerentes ao ambiente da Internet, a Brasal n\u00e3o tem como garantir que o acesso aos seus sites ou suas fan pages, inclusive a este concurso, esteja livre de invas\u00f5es, interrup\u00e7\u00f5es ou suspens\u00f5es, ocasionadas por casos fortuitos, internos ou externos, casos de for\u00e7a maior ou por outros casos n\u00e3o inteiramente sujeitos ao seu controle, se eximindo de qualquer responsabilidade proveniente de tais fatos e\/ou atos.<br \/>\n3.4. A Brasal poder\u00e1 suspender ou interromper definitivamente este sorteio a qualquer tempo, ao seu exclusivo crit\u00e9rio, sem que sejam devidos aos participantes ainda n\u00e3o eleito vencedor quaisquer premia\u00e7\u00f5es, bonifica\u00e7\u00f5es ou compensa\u00e7\u00f5es.<br \/>\n3.5. As quest\u00f5es n\u00e3o previstas neste regulamento ou qualquer d\u00favida que possa surgir ser\u00e3o julgadas por uma comiss\u00e3o composta por 03 (tr\u00eas) representantes da Brasal Ve\u00edculos, cujas decis\u00f5es s\u00e3o soberanas e irrecorr\u00edveis. Participar deste concurso implica na aceita\u00e7\u00e3o sem reservas deste regulamento.<br \/>\n3.6. A participa\u00e7\u00e3o neste concurso implica na aceita\u00e7\u00e3o total de todos os itens deste regulamento, que poder\u00e1 ser alterado pelos seus organizadores tantas vezes quanto necess\u00e1rio, garantida a sua divulga\u00e7\u00e3o de forma eficaz, a crit\u00e9rio, tamb\u00e9m, dos organizadores.<br \/>\n3.7. Aplica-se a este concurso, incluindo, mas sem se limitar \u00e0 sua divulga\u00e7\u00e3o, condu\u00e7\u00e3o, \u00e0s participa\u00e7\u00f5es e \u00e0s premia\u00e7\u00f5es, a legisla\u00e7\u00e3o brasileira e fica eleito o foro de Bras\u00edlia\/DF para dirimir quaisquer controv\u00e9rsias oriundas desta.<br \/>\n3.8. Este concurso \u00e9 exclusivamente recreativo, sem qualquer modalidade de pagamento pelos participantes, nem vincula\u00e7\u00e3o destes ou dos vencedores \u00e0 aquisi\u00e7\u00e3o ou uso de qualquer bem, direito ou servi\u00e7o, promovido pela Brasal de acordo com a Portaria n\u00ba 422 do MINIST\u00c9RIO DE ESTADO DA FAZENDA de 18 de julho de 2013, que regula o artigo art. 3\u00ba, inciso II, da Lei n\u00ba 5.768\/71 e art. 30 do Decreto- Lei n\u00ba 70.951\/72.<\/p>\n","protected":false},"excerpt":{"rendered":"<p>&nbsp; A Brasal Ve\u00edculos apoia o Capital na Tela que ocorre nos dias 01, 02, 07 e 08 de Setembro de 2016. Na semana passada\u00a0foram entregues\u00a0algumas cortesias para nossos clientes de Ve\u00edculos Novos e Assist\u00eancia T\u00e9cnica. Dessa vez voc\u00ea tamb\u00e9m tem a oportunidade de participar desse evento que valoriza a cultura da nossa capital por &hellip;<\/p>\n","protected":false},"author":4,"featured_media":832,"comment_status":"open","ping_status":"open","sticky":false,"template":"","format":"standard","meta":[],"categories":[53],"tags":[76,78,102,66,70,73,88,68,67,74,62,57,55,56,83,100,60,85,63,64,86,65,61,90,96,69,82,81,93,95,84,59,71,92,91,98,87,72,97,79,89,103,77,80,58,94,101,75,99,54],"_links":{"self":[{"href":"https:\/\/www.brasal.com.br\/veiculos\/blog\/wp-json\/wp\/v2\/posts\/824"}],"collection":[{"href":"https:\/\/www.brasal.com.br\/veiculos\/blog\/wp-json\/wp\/v2\/posts"}],"about":[{"href":"https:\/\/www.brasal.com.br\/veiculos\/blog\/wp-json\/wp\/v2\/types\/post"}],"author":[{"embeddable":true,"href":"https:\/\/www.brasal.com.br\/veiculos\/blog\/wp-json\/wp\/v2\/users\/4"}],"replies":[{"embeddable":true,"href":"https:\/\/www.brasal.com.br\/veiculos\/blog\/wp-json\/wp\/v2\/comments?post=824"}],"version-history":[{"count":15,"href":"https:\/\/www.brasal.com.br\/veiculos\/blog\/wp-json\/wp\/v2\/posts\/824\/revisions"}],"predecessor-version":[{"id":848,"href":"https:\/\/www.brasal.com.br\/veiculos\/blog\/wp-json\/wp\/v2\/posts\/824\/revisions\/848"}],"wp:featuredmedia":[{"embeddable":true,"href":"https:\/\/www.brasal.com.br\/veiculos\/blog\/wp-json\/wp\/v2\/media\/832"}],"wp:attachment":[{"href":"https:\/\/www.brasal.com.br\/veiculos\/blog\/wp-json\/wp\/v2\/media?parent=824"}],"wp:term":[{"taxonomy":"category","embeddable":true,"href":"https:\/\/www.brasal.com.br\/veiculos\/blog\/wp-json\/wp\/v2\/categories?post=824"},{"taxonomy":"post_tag","embeddable":true,"href":"https:\/\/www.brasal.com.br\/veiculos\/blog\/wp-json\/wp\/v2\/tags?post=824"}],"curies":[{"name":"wp","href":"https:\/\/api.w.org\/{rel}","templated":true}]}}