{"id":3102,"date":"2021-07-26T11:48:05","date_gmt":"2021-07-26T14:48:05","guid":{"rendered":"https:\/\/www.brasal.com.br\/veiculos\/blog\/?p=3102"},"modified":"2021-10-19T13:52:56","modified_gmt":"2021-10-19T16:52:56","slug":"se-depois-da-pandemia-voce-esta-habituado-a-deixar-o-seu-carro-mais-tempo-na-garagem-do-que-nas-ruas-leia-a-materia-ate-o-fim","status":"publish","type":"post","link":"https:\/\/www.brasal.com.br\/veiculos\/blog\/2021\/07\/26\/se-depois-da-pandemia-voce-esta-habituado-a-deixar-o-seu-carro-mais-tempo-na-garagem-do-que-nas-ruas-leia-a-materia-ate-o-fim\/","title":{"rendered":"Se depois da pandemia voc\u00ea est\u00e1 habituado a deixar o seu carro mais tempo na garagem do que nas ruas, leia a mat\u00e9ria at\u00e9 o fim!"},"content":{"rendered":"<p><img decoding=\"async\" loading=\"lazy\" class=\"alignnone size-medium wp-image-3103\" src=\"https:\/\/www.brasal.com.br\/veiculos\/blog\/wp-content\/uploads\/2021\/07\/Design-sem-nome-68-300x300.png\" alt=\"\" width=\"300\" height=\"300\" srcset=\"https:\/\/www.brasal.com.br\/veiculos\/blog\/wp-content\/uploads\/2021\/07\/Design-sem-nome-68-300x300.png 300w, https:\/\/www.brasal.com.br\/veiculos\/blog\/wp-content\/uploads\/2021\/07\/Design-sem-nome-68-150x150.png 150w, https:\/\/www.brasal.com.br\/veiculos\/blog\/wp-content\/uploads\/2021\/07\/Design-sem-nome-68-768x768.png 768w, https:\/\/www.brasal.com.br\/veiculos\/blog\/wp-content\/uploads\/2021\/07\/Design-sem-nome-68-1024x1024.png 1024w, https:\/\/www.brasal.com.br\/veiculos\/blog\/wp-content\/uploads\/2021\/07\/Design-sem-nome-68.png 1080w\" sizes=\"(max-width: 300px) 100vw, 300px\" \/><\/p>\n<p style=\"text-align: justify;\">Existem muitos tutoriais e conselhos para lidarmos com a pandemia no\u00a0mundo, mas pouco se fala sobre os carros que ficaram semanas ou meses\u00a0presos em suas garagens. \u00c9 tempo de temermos que, se as pessoas n\u00e3o\u00a0estiverem saindo com seus carros, na primeira vez que tentarem dar a\u00a0partida, haver\u00e3o muitas baterias descarregadas.\u00a0Para prevenir desventuras nada atrativas, tentar sair de casa e fazer um\u00a0passeio de carro uma vez por semana, \u00e9 uma boa ideia para trabalhar os\u00a0motores do carro.\u00a0Rodar o carro por 15 ou 20 minutos manter\u00e1 a bateria carregada, e dessa\u00a0forma, o carro estar\u00e1 pronto para uso se voc\u00ea precisar dele. Se voc\u00ea dirigir\u00a0por 15-30 minutos em velocidades moderadas uma vez por semana, isso\u00a0deve ser o suficiente para manter sua bateria em bom estado.\u00a0Outro ponto, \u00e9 que ao dirigir o carro voc\u00ea manter\u00e1 as pe\u00e7as m\u00f3veis\u00a0lubrificadas, e n\u00e3o apenas o material sob o cap\u00f4, mas at\u00e9 mesmo coisas\u00a0como a articula\u00e7\u00e3o do c\u00e2mbio e o cabo do freio de m\u00e3o.\u00a0Ao mover o carro ocasionalmente, voc\u00ea evitar\u00e1 a cria\u00e7\u00e3o de manchas\u00a0planas nos pneus que mesmo se voc\u00ea apenas mov\u00ea-lo 1 p\u00e9 em qualquer\u00a0dire\u00e7\u00e3o, voc\u00ea resolver\u00e1 isso, mas, certamente, dar um passeio uma vez por\u00a0semana resolver\u00e1 o problema.\u00a0Podemos concluir que sim, dar um passeio uma vez por semana \u00e9 bom\u00a0para sua sa\u00fade mental quando voc\u00ea est\u00e1 preso em casa, mas \u00e9 muito\u00a0melhor para o seu carro que necessita de movimentos nas quatro rodas.<\/p>\n","protected":false},"excerpt":{"rendered":"<p>Existem muitos tutoriais e conselhos para lidarmos com a pandemia no\u00a0mundo, mas pouco se fala sobre os carros que ficaram semanas ou meses\u00a0presos em suas garagens. \u00c9 tempo de temermos que, se as pessoas n\u00e3o\u00a0estiverem saindo com seus carros, na primeira vez que tentarem dar a\u00a0partida, haver\u00e3o muitas baterias descarregadas.\u00a0Para prevenir desventuras nada atrativas, tentar &hellip;<\/p>\n","protected":false},"author":6,"featured_media":0,"comment_status":"open","ping_status":"open","sticky":false,"template":"","format":"standard","meta":[],"categories":[40],"tags":[],"_links":{"self":[{"href":"https:\/\/www.brasal.com.br\/veiculos\/blog\/wp-json\/wp\/v2\/posts\/3102"}],"collection":[{"href":"https:\/\/www.brasal.com.br\/veiculos\/blog\/wp-json\/wp\/v2\/posts"}],"about":[{"href":"https:\/\/www.brasal.com.br\/veiculos\/blog\/wp-json\/wp\/v2\/types\/post"}],"author":[{"embeddable":true,"href":"https:\/\/www.brasal.com.br\/veiculos\/blog\/wp-json\/wp\/v2\/users\/6"}],"replies":[{"embeddable":true,"href":"https:\/\/www.brasal.com.br\/veiculos\/blog\/wp-json\/wp\/v2\/comments?post=3102"}],"version-history":[{"count":4,"href":"https:\/\/www.brasal.com.br\/veiculos\/blog\/wp-json\/wp\/v2\/posts\/3102\/revisions"}],"predecessor-version":[{"id":3127,"href":"https:\/\/www.brasal.com.br\/veiculos\/blog\/wp-json\/wp\/v2\/posts\/3102\/revisions\/3127"}],"wp:attachment":[{"href":"https:\/\/www.brasal.com.br\/veiculos\/blog\/wp-json\/wp\/v2\/media?parent=3102"}],"wp:term":[{"taxonomy":"category","embeddable":true,"href":"https:\/\/www.brasal.com.br\/veiculos\/blog\/wp-json\/wp\/v2\/categories?post=3102"},{"taxonomy":"post_tag","embeddable":true,"href":"https:\/\/www.brasal.com.br\/veiculos\/blog\/wp-json\/wp\/v2\/tags?post=3102"}],"curies":[{"name":"wp","href":"https:\/\/api.w.org\/{rel}","templated":true}]}}