{"id":3090,"date":"2021-06-17T16:07:45","date_gmt":"2021-06-17T19:07:45","guid":{"rendered":"http:\/\/www.brasal.com.br\/veiculos\/blog\/?p=3090"},"modified":"2021-06-17T16:08:38","modified_gmt":"2021-06-17T19:08:38","slug":"festas-junina-em-brasilia-drive-thru","status":"publish","type":"post","link":"https:\/\/www.brasal.com.br\/veiculos\/blog\/2021\/06\/17\/festas-junina-em-brasilia-drive-thru\/","title":{"rendered":"Festas Junina em Bras\u00edlia &#8211; Drive Thru"},"content":{"rendered":"<p><img decoding=\"async\" loading=\"lazy\" class=\"alignnone size-medium wp-image-3094\" src=\"https:\/\/www.brasal.com.br\/veiculos\/blog\/wp-content\/uploads\/2021\/06\/Juninas-300x213.jpg\" alt=\"\" width=\"300\" height=\"213\" srcset=\"https:\/\/www.brasal.com.br\/veiculos\/blog\/wp-content\/uploads\/2021\/06\/Juninas-300x213.jpg 300w, https:\/\/www.brasal.com.br\/veiculos\/blog\/wp-content\/uploads\/2021\/06\/Juninas-768x545.jpg 768w, https:\/\/www.brasal.com.br\/veiculos\/blog\/wp-content\/uploads\/2021\/06\/Juninas-1024x727.jpg 1024w, https:\/\/www.brasal.com.br\/veiculos\/blog\/wp-content\/uploads\/2021\/06\/Juninas.jpg 1747w\" sizes=\"(max-width: 300px) 100vw, 300px\" \/><\/p>\n<p>Para n\u00e3o deixar passar os tradicionais &#8220;arrai\u00e1s&#8221; de Bras\u00edlia e a celebra\u00e7\u00e3o dos tr\u00eas santos juninos, Santo Ant\u00f4nio, S\u00e3o Pedro e S\u00e3o Jo\u00e3o, algumas par\u00f3quias j\u00e1 confirmaram eventos adaptados \u00e0 pandemia. aqui vai uma lista de Festas Juninas com Drive-Thru e Lives que de Bsb, ent\u00e3o j\u00e1 pode aquecer os motores porque vai ter festa junina sim.<\/p>\n<p><strong>Lago Sul<\/strong><br \/>\nPar\u00f3quia S\u00e3o Pedro de Alc\u00e2ntara<br \/>\nDrive-thru e delivery<br \/>\nDia 19 de julho<br \/>\nDas 17h \u00e0s 22h<br \/>\nSt. de Habita\u00e7\u00f5es Individuais Sul EQI 7\/9 Lago Sul<\/p>\n<p><strong>Asa Norte<\/strong><br \/>\nPar\u00f3quia do Verbo Divino<br \/>\nDrive-thru<br \/>\n3 e 4 de julho<br \/>\nA partir das 19h (s\u00e1bado) e das 20h (domingo)<br \/>\nSGAN 609 M\u00f3dulo C &#8211; Asa Norte<\/p>\n<p>Par\u00f3quia Nossa Senhora da Sa\u00fade<br \/>\nDrive-thru e m\u00fasica ao vivo<br \/>\n19 e 20 de junho<br \/>\nA partir das 19h<br \/>\nSgan 702, Lote A<\/p>\n<p><strong>Taguatinga<\/strong><br \/>\nPar\u00f3quia Sagrada Fam\u00edlia<br \/>\nDrive-thru e lives<br \/>\n26 e 27 de junho, 03 e 04 de julho<br \/>\nA partir das 18h<br \/>\n\u00c1rea Especial 5 A, St. G Norte &#8211; Taguatinga<\/p>\n<p>&nbsp;<\/p>\n","protected":false},"excerpt":{"rendered":"<p>Para n\u00e3o deixar passar os tradicionais &#8220;arrai\u00e1s&#8221; de Bras\u00edlia e a celebra\u00e7\u00e3o dos tr\u00eas santos juninos, Santo Ant\u00f4nio, S\u00e3o Pedro e S\u00e3o Jo\u00e3o, algumas par\u00f3quias j\u00e1 confirmaram eventos adaptados \u00e0 pandemia. aqui vai uma lista de Festas Juninas com Drive-Thru e Lives que de Bsb, ent\u00e3o j\u00e1 pode aquecer os motores porque vai ter festa &hellip;<\/p>\n","protected":false},"author":6,"featured_media":0,"comment_status":"open","ping_status":"open","sticky":false,"template":"","format":"standard","meta":[],"categories":[40],"tags":[],"_links":{"self":[{"href":"https:\/\/www.brasal.com.br\/veiculos\/blog\/wp-json\/wp\/v2\/posts\/3090"}],"collection":[{"href":"https:\/\/www.brasal.com.br\/veiculos\/blog\/wp-json\/wp\/v2\/posts"}],"about":[{"href":"https:\/\/www.brasal.com.br\/veiculos\/blog\/wp-json\/wp\/v2\/types\/post"}],"author":[{"embeddable":true,"href":"https:\/\/www.brasal.com.br\/veiculos\/blog\/wp-json\/wp\/v2\/users\/6"}],"replies":[{"embeddable":true,"href":"https:\/\/www.brasal.com.br\/veiculos\/blog\/wp-json\/wp\/v2\/comments?post=3090"}],"version-history":[{"count":2,"href":"https:\/\/www.brasal.com.br\/veiculos\/blog\/wp-json\/wp\/v2\/posts\/3090\/revisions"}],"predecessor-version":[{"id":3096,"href":"https:\/\/www.brasal.com.br\/veiculos\/blog\/wp-json\/wp\/v2\/posts\/3090\/revisions\/3096"}],"wp:attachment":[{"href":"https:\/\/www.brasal.com.br\/veiculos\/blog\/wp-json\/wp\/v2\/media?parent=3090"}],"wp:term":[{"taxonomy":"category","embeddable":true,"href":"https:\/\/www.brasal.com.br\/veiculos\/blog\/wp-json\/wp\/v2\/categories?post=3090"},{"taxonomy":"post_tag","embeddable":true,"href":"https:\/\/www.brasal.com.br\/veiculos\/blog\/wp-json\/wp\/v2\/tags?post=3090"}],"curies":[{"name":"wp","href":"https:\/\/api.w.org\/{rel}","templated":true}]}}