{"id":3077,"date":"2020-11-10T13:54:41","date_gmt":"2020-11-10T16:54:41","guid":{"rendered":"http:\/\/www.brasal.com.br\/veiculos\/blog\/?p=3077"},"modified":"2020-11-10T13:54:41","modified_gmt":"2020-11-10T16:54:41","slug":"ibaneis-sanciona-regulamentacao-da-cnh-social-nesta-terca-feira","status":"publish","type":"post","link":"https:\/\/www.brasal.com.br\/veiculos\/blog\/2020\/11\/10\/ibaneis-sanciona-regulamentacao-da-cnh-social-nesta-terca-feira\/","title":{"rendered":"Ibaneis sanciona regulamenta\u00e7\u00e3o da CNH Social nesta ter\u00e7a-feira"},"content":{"rendered":"<p>O governador Ibaneis Rocha (MDB) assina nesta ter\u00e7a-feira (10\/11) a regulamenta\u00e7\u00e3o do projeto de lei 944\/2020, que trata da\u00a0<a href=\"https:\/\/www.correiobraziliense.com.br\/app\/noticia\/cidades\/2020\/07\/03\/interna_cidadesdf,869183\/cnh-de-graca-sera-ofertada-ate-outubro-no-df-veja-quem-tem-direito.shtml\" target=\"_blank\" rel=\"noopener noreferrer\">emiss\u00e3o gratuita da Carteira Nacional de Habilita\u00e7\u00e3o<\/a>\u00a0(CHN) para pessoas de baixa renda. A proposta dependia da defini\u00e7\u00e3o de regras e tamb\u00e9m da an\u00e1lise or\u00e7ament\u00e1ria para entrar em vigor.<\/p>\n<p class=\"texto\">A norma vai abranger maiores de 18 anos inscritos no Cadastro \u00danico (Cad-\u00danico) e que comprovem pelo menos dois anos de resid\u00eancia no DF. Os beneficiados ter\u00e3o direito a curso, treinamento e emiss\u00e3o do documento de habilita\u00e7\u00e3o profissional de condutores de ve\u00edculos automotores sem custo. Desse modo, s\u00e3o eleg\u00edveis pessoas com renda familiar mensal de at\u00e9 meio sal\u00e1rio m\u00ednimo.<\/p>\n<p class=\"texto\">Pelas regras, o governo ter\u00e1 de indicar anualmente quantos ser\u00e3o o beneficiados naquele ano, que inclui todas as categorias: carros, motos, caminh\u00f5es e \u00f4nibus. Al\u00e9m disso, a renova\u00e7\u00e3o do documento tamb\u00e9m deve ser gratuita enquanto durar a pandemia do novo coronav\u00edrus.<\/p>\n<p>A a\u00e7\u00e3o integra o Programa Habilita\u00e7\u00e3o Social. Atualmente, o custo para tirar a carteira de motorista na capital federal \u00e9 de cerca de R$ 2 mil. Os benefici\u00e1rios s\u00e3o dispensados de gastos com exames de aptid\u00e3o f\u00edsica, mental, psicol\u00f3gica e toxicol\u00f3gica, por exemplo. Al\u00e9m disso, n\u00e3o precisam pagar tamb\u00e9m as taxas de obten\u00e7\u00e3o da carteira de motorista, assim como as aulas te\u00f3ricas e pr\u00e1ticas nas autoescolas, por exemplo.<\/p>\n<p>&nbsp;<\/p>\n<p>Fonte:<a href=\"https:\/\/www.correiobraziliense.com.br\/cidades-df\/2020\/11\/4887801-ibaneis-sanciona-regulamentacao-da-cnh-social-nesta-terca-feira.html?fbclid=IwAR3E8S09PtmqOIApA65bB6vH1Q_zGF9mHLGiuzQr0gQvc0NCJy7tMlVjlks\"> Correio Braziliense.<\/a><\/p>\n<p>&nbsp;<\/p>\n<p>&nbsp;<\/p>\n","protected":false},"excerpt":{"rendered":"<p>O governador Ibaneis Rocha (MDB) assina nesta ter\u00e7a-feira (10\/11) a regulamenta\u00e7\u00e3o do projeto de lei 944\/2020, que trata da\u00a0emiss\u00e3o gratuita da Carteira Nacional de Habilita\u00e7\u00e3o\u00a0(CHN) para pessoas de baixa renda. A proposta dependia da defini\u00e7\u00e3o de regras e tamb\u00e9m da an\u00e1lise or\u00e7ament\u00e1ria para entrar em vigor. A norma vai abranger maiores de 18 anos inscritos &hellip;<\/p>\n","protected":false},"author":6,"featured_media":3078,"comment_status":"open","ping_status":"open","sticky":false,"template":"","format":"standard","meta":[],"categories":[408],"tags":[249,250],"_links":{"self":[{"href":"https:\/\/www.brasal.com.br\/veiculos\/blog\/wp-json\/wp\/v2\/posts\/3077"}],"collection":[{"href":"https:\/\/www.brasal.com.br\/veiculos\/blog\/wp-json\/wp\/v2\/posts"}],"about":[{"href":"https:\/\/www.brasal.com.br\/veiculos\/blog\/wp-json\/wp\/v2\/types\/post"}],"author":[{"embeddable":true,"href":"https:\/\/www.brasal.com.br\/veiculos\/blog\/wp-json\/wp\/v2\/users\/6"}],"replies":[{"embeddable":true,"href":"https:\/\/www.brasal.com.br\/veiculos\/blog\/wp-json\/wp\/v2\/comments?post=3077"}],"version-history":[{"count":1,"href":"https:\/\/www.brasal.com.br\/veiculos\/blog\/wp-json\/wp\/v2\/posts\/3077\/revisions"}],"predecessor-version":[{"id":3079,"href":"https:\/\/www.brasal.com.br\/veiculos\/blog\/wp-json\/wp\/v2\/posts\/3077\/revisions\/3079"}],"wp:featuredmedia":[{"embeddable":true,"href":"https:\/\/www.brasal.com.br\/veiculos\/blog\/wp-json\/wp\/v2\/media\/3078"}],"wp:attachment":[{"href":"https:\/\/www.brasal.com.br\/veiculos\/blog\/wp-json\/wp\/v2\/media?parent=3077"}],"wp:term":[{"taxonomy":"category","embeddable":true,"href":"https:\/\/www.brasal.com.br\/veiculos\/blog\/wp-json\/wp\/v2\/categories?post=3077"},{"taxonomy":"post_tag","embeddable":true,"href":"https:\/\/www.brasal.com.br\/veiculos\/blog\/wp-json\/wp\/v2\/tags?post=3077"}],"curies":[{"name":"wp","href":"https:\/\/api.w.org\/{rel}","templated":true}]}}