{"id":3018,"date":"2020-08-05T11:53:07","date_gmt":"2020-08-05T14:53:07","guid":{"rendered":"http:\/\/www.brasal.com.br\/veiculos\/blog\/?p=3018"},"modified":"2020-08-05T12:04:23","modified_gmt":"2020-08-05T15:04:23","slug":"pontos-de-recarga-para-carros-eletricos-no-df","status":"publish","type":"post","link":"https:\/\/www.brasal.com.br\/veiculos\/blog\/2020\/08\/05\/pontos-de-recarga-para-carros-eletricos-no-df\/","title":{"rendered":"Pontos de Recarga Para Carros El\u00e9tricos no DF"},"content":{"rendered":"<div style=\"text-align: justify;\">\n<p>Os carros el\u00e9tricos n\u00e3o s\u00e3o mais coisa do futuro! Muitas pessoas sonham em ter esse veiculo que al\u00e9m de econ\u00f4mico, tamb\u00e9m ajuda o meio ambiente. A Volkswagen investiu no hibrido Golf GTE, e o melhor,\u00a0somos a unica concession\u00e1ria VW de Bras\u00edlia que tem o carro para Test Drive, ent\u00e3o se quiser ter a experiencia de dirigir um carro desses, \u00e9 s\u00f3 nos fazer uma visita.<\/p>\n<p>Mas ai, voc\u00ea pode se perguntar: Onde vou carregar meu Veiculo El\u00e9trico? Existem pontos de recarga em Brasilia?<\/p>\n<p>A Resposta \u00e9, SIM! Existe, e muitos, pontos de recarga em Bras\u00edlia. Ent\u00e3o pensando em ajudar voc\u00ea que tem, ou est\u00e1 pensando em comprar um desse carros sustent\u00e1veis, fizemos um mapeamento de todos os Pontos de Recarga no DF.<\/p>\n<p>D\u00e1 uma olhada:<\/p>\n<p><img decoding=\"async\" loading=\"lazy\" class=\"alignleft wp-image-3020\" src=\"http:\/\/www.brasal.com.br\/veiculos\/blog\/wp-content\/uploads\/2020\/08\/Noroeste.png\" alt=\"\" width=\"842\" height=\"2806\" srcset=\"https:\/\/www.brasal.com.br\/veiculos\/blog\/wp-content\/uploads\/2020\/08\/Noroeste.png 794w, https:\/\/www.brasal.com.br\/veiculos\/blog\/wp-content\/uploads\/2020\/08\/Noroeste-90x300.png 90w, https:\/\/www.brasal.com.br\/veiculos\/blog\/wp-content\/uploads\/2020\/08\/Noroeste-768x2559.png 768w, https:\/\/www.brasal.com.br\/veiculos\/blog\/wp-content\/uploads\/2020\/08\/Noroeste-307x1024.png 307w\" sizes=\"(max-width: 842px) 100vw, 842px\" \/><\/p>\n<\/div>\n","protected":false},"excerpt":{"rendered":"<p>Os carros el\u00e9tricos n\u00e3o s\u00e3o mais coisa do futuro! Muitas pessoas sonham em ter esse veiculo que al\u00e9m de econ\u00f4mico, tamb\u00e9m ajuda o meio ambiente. A Volkswagen investiu no hibrido Golf GTE, e o melhor,\u00a0somos a unica concession\u00e1ria VW de Bras\u00edlia que tem o carro para Test Drive, ent\u00e3o se quiser ter a experiencia de &hellip;<\/p>\n","protected":false},"author":5,"featured_media":3021,"comment_status":"open","ping_status":"open","sticky":false,"template":"","format":"standard","meta":[],"categories":[113,7],"tags":[669,677,676,55,614,615,674,679,680,678,670,673,668,672,671,675,54],"_links":{"self":[{"href":"https:\/\/www.brasal.com.br\/veiculos\/blog\/wp-json\/wp\/v2\/posts\/3018"}],"collection":[{"href":"https:\/\/www.brasal.com.br\/veiculos\/blog\/wp-json\/wp\/v2\/posts"}],"about":[{"href":"https:\/\/www.brasal.com.br\/veiculos\/blog\/wp-json\/wp\/v2\/types\/post"}],"author":[{"embeddable":true,"href":"https:\/\/www.brasal.com.br\/veiculos\/blog\/wp-json\/wp\/v2\/users\/5"}],"replies":[{"embeddable":true,"href":"https:\/\/www.brasal.com.br\/veiculos\/blog\/wp-json\/wp\/v2\/comments?post=3018"}],"version-history":[{"count":2,"href":"https:\/\/www.brasal.com.br\/veiculos\/blog\/wp-json\/wp\/v2\/posts\/3018\/revisions"}],"predecessor-version":[{"id":3024,"href":"https:\/\/www.brasal.com.br\/veiculos\/blog\/wp-json\/wp\/v2\/posts\/3018\/revisions\/3024"}],"wp:featuredmedia":[{"embeddable":true,"href":"https:\/\/www.brasal.com.br\/veiculos\/blog\/wp-json\/wp\/v2\/media\/3021"}],"wp:attachment":[{"href":"https:\/\/www.brasal.com.br\/veiculos\/blog\/wp-json\/wp\/v2\/media?parent=3018"}],"wp:term":[{"taxonomy":"category","embeddable":true,"href":"https:\/\/www.brasal.com.br\/veiculos\/blog\/wp-json\/wp\/v2\/categories?post=3018"},{"taxonomy":"post_tag","embeddable":true,"href":"https:\/\/www.brasal.com.br\/veiculos\/blog\/wp-json\/wp\/v2\/tags?post=3018"}],"curies":[{"name":"wp","href":"https:\/\/api.w.org\/{rel}","templated":true}]}}