{"id":3005,"date":"2020-07-31T10:19:02","date_gmt":"2020-07-31T13:19:02","guid":{"rendered":"http:\/\/www.brasal.com.br\/veiculos\/blog\/?p=3005"},"modified":"2020-07-31T10:33:06","modified_gmt":"2020-07-31T13:33:06","slug":"estudo-elege-o-vw-nivus-como-suv-com-reparo-mais-facil-e-barato-do-brasil","status":"publish","type":"post","link":"https:\/\/www.brasal.com.br\/veiculos\/blog\/2020\/07\/31\/estudo-elege-o-vw-nivus-como-suv-com-reparo-mais-facil-e-barato-do-brasil\/","title":{"rendered":"Estudo elege o VW Nivus como SUV com reparo mais f\u00e1cil e barato do Brasil"},"content":{"rendered":"<p>Grande lan\u00e7amento da Volkswagen em 2020, o Nivus come\u00e7a a ser entregue aos primeiros compradores em Agosto e j\u00e1 est\u00e1 dando trabalho aos concorrentes.<\/p>\n<p>Al\u00e9m do design inovador do bom n\u00edvel de equipamentos, um estudo realizado pelo Centro de Experimenta\u00e7\u00e3o e Seguran\u00e7a Vi\u00e1ria (Cesvi), destinado \u00e0s principais seguradora do pa\u00eds, colocou Nivus como o SUV com menor custo de reparabilidade do Brasil.<img decoding=\"async\" loading=\"lazy\" class=\"wp-image-2974 alignleft\" src=\"http:\/\/www.brasal.com.br\/veiculos\/blog\/wp-content\/uploads\/2020\/06\/download-5-300x200.png\" alt=\"\" width=\"452\" height=\"301\" srcset=\"https:\/\/www.brasal.com.br\/veiculos\/blog\/wp-content\/uploads\/2020\/06\/download-5-300x200.png 300w, https:\/\/www.brasal.com.br\/veiculos\/blog\/wp-content\/uploads\/2020\/06\/download-5-310x205.png 310w, https:\/\/www.brasal.com.br\/veiculos\/blog\/wp-content\/uploads\/2020\/06\/download-5.png 567w\" sizes=\"(max-width: 452px) 100vw, 452px\" \/><\/p>\n<p>Isso significa que ap\u00f3s uma colis\u00e3o, o novo carro da VW \u00e9 o que exige reparos mais f\u00e1ceis, r\u00e1pidos e baratos , na compara\u00e7\u00e3o com os rivais de segmento.<\/p>\n<p>Para chegar \u00e0 esta conclus\u00e3o, o Cesvi realizou um teste de impacto frontal em 40% do lado esquerdo do ve\u00edculo e outro de coque traseiro em 40% do lado do carro, De acordo com o Cesvi, os dois testes abrangem 75% dos acidentes nos grandes centros urbanos .<\/p>\n<p>Ainda segundo a entidade, o custo de repara\u00e7\u00e3o dianteira foi 53% menor no Nivus, em rela\u00e7\u00e3o aos demais SUVs, J\u00e1 o custo total de repara\u00e7\u00e3o traseiro foi ainda menor: 86% mais em conta que a m\u00e9dia dos rivais.<\/p>\n<p>O estudo tamb\u00e9m levou em considera\u00e7\u00e3o o valor somado das pe\u00e7as mais danificadas em batidas, que no Nivus foi de R$ 18.923. Valor menor, por exemplo, que o do Caoa Chery Tiggo\u00a0 R$ 26.671 outro SUV analisado.<\/p>\n<p><img decoding=\"async\" loading=\"lazy\" class=\" wp-image-2963 aligncenter\" src=\"http:\/\/www.brasal.com.br\/veiculos\/blog\/wp-content\/uploads\/2020\/06\/download-4-300x134.png\" alt=\"\" width=\"504\" height=\"225\" srcset=\"https:\/\/www.brasal.com.br\/veiculos\/blog\/wp-content\/uploads\/2020\/06\/download-4-300x134.png 300w, https:\/\/www.brasal.com.br\/veiculos\/blog\/wp-content\/uploads\/2020\/06\/download-4.png 618w\" sizes=\"(max-width: 504px) 100vw, 504px\" \/><\/p>\n<div id=\"noticia\">\n<p class=\"\">O SUV do Polo atingiu a pontua\u00e7\u00e3o 16, melhor nota dentre os modelos utilit\u00e1rios esportivos e utilit\u00e1rios esportivos compactos j\u00e1 avaliados pelo centro de pesquisas. Confira abaixo os resultados do\u00a0<strong>Volkswagen Nivus<\/strong>\u00a0e de outros SUVs no Car Group.<\/p>\n<h3>1- VW Nivus &#8211; \u00edndice 16<\/h3>\n<div class=\"gd12\">\n<figure class=\"foto-legenda componente-galeria \">\n<div id=\"standard_1\" class=\"st-placement standard_1 inImage\">\n<div class=\"st-adunit st-show st-reset\">\n<div class=\"st-container st-reset\">\n<div class=\"st-adunit-ad st-reset\">\n<div class=\"st-reset\">\n<div class=\"important-styled st-canvas-container direct Full full-image-display f1q5ut5n\">\n<div class=\"important-styled st-canvas-el fa5yfwn\">\n<div class=\"important-styled st-canvas-container undefined f1q5ut5n\">\n<div class=\"important-styled st-canvas-el f10s6z6p\">\n<div class=\"important-styled st-canvas-container undefined f1q5ut5n\">\n<div class=\"important-styled st-canvas-el fa5yfwn\">\n<div class=\"important-styled fg1jiey\">\n<div class=\"important-styled display-render-wrapper fg1jiey\"><\/div>\n<\/div>\n<\/div>\n<\/div>\n<div class=\"important-styled st-canvas-container undefined f1q5ut5n\">\n<div class=\"important-styled st-canvas-el f1iskb0o\">\n<div class=\"important-styled display-render x-to-close fid6qse\"><\/div>\n<\/div>\n<\/div>\n<\/div>\n<\/div>\n<\/div>\n<\/div>\n<\/div>\n<\/div>\n<\/div>\n<div class=\"st-adsby st-reset\"><\/div>\n<\/div>\n<\/div>\n<p><a class=\"getHoverIn tp lgImg\" href=\"https:\/\/i0.statig.com.br\/bancodeimagens\/36\/5e\/4c\/365e4cd8s2gsuvn9m3v8oqwvq.jpg\" data-caption=\"VW Nivus: primeiro SUV com ares de cup\u00ea fabricado no Brasil teve o primeiro lote fabricado todo vendido no Brasil\"><img decoding=\"async\" class=\"new-galeria\" src=\"https:\/\/i0.statig.com.br\/bancodeimagens\/73\/8z\/6k\/738z6k8gyj2u1gdqsqxl25oup.jpg\" alt=\"VW Nivus\" \/><\/a><figcaption class=\"foto-legenda-citacao undefined\"><cite>Divulga\u00e7\u00e3o<\/cite><\/p>\n<div class=\"undefined\">VW Nivus: primeiro SUV com ares de cup\u00ea fabricado no Brasil teve o primeiro lote fabricado todo vendido no Brasil<\/div>\n<\/figcaption><\/figure>\n<\/div>\n<p class=\"\">No estudo realizado pelo Cesvi Brasil, o rec\u00e9m-lan\u00e7ado SUV cup\u00ea da Volkswagen teve a sua cesta de pe\u00e7as para reparo de colis\u00e3o (R$ 18.923,68) classificada entre as mais baratas<\/p>\n<p>O grande destaque do modelo foi o pouco tempo necess\u00e1rio para fazer o reparo: foram 9,39 horas centesimais na dianteira e 2,4 horas centesimais na traseira.<\/p>\n<div id=\"ad_mrec_intext\" class=\"publicidade advertising-box\" data-google-query-id=\"CNvnlYm_9-oCFU7VhgodF8cEgg\">\n<div class=\"ws--slot ws--slot-3\"><\/div>\n<\/div>\n<h3>2 &#8211; VW T-Cross &#8211; \u00edndice 16<\/h3>\n<div class=\"gd12\">\n<figure class=\"foto-legenda componente-galeria \">\n<div id=\"aggressive_1\" class=\"st-placement aggressive_1 inImage\">\n<div class=\"st-adunit st-show st-reset\">\n<div class=\"st-container st-reset\">\n<div class=\"st-adunit-ad st-reset\"><\/div>\n<\/div>\n<div class=\"st-adsby st-reset\"><\/div>\n<\/div>\n<\/div>\n<p><a class=\"getHoverIn tp lgImg\" href=\"https:\/\/i0.statig.com.br\/bancodeimagens\/9z\/lx\/ov\/9zlxov67m0q4599akouhfffwv.jpg\" data-caption=\"VW T-Cross tem mostrado boa aceita\u00e7\u00e3o no mercado,ficando no topo da lista dos SUVs mais vendidos neste m\u00eas de julho\"><img decoding=\"async\" class=\"new-galeria\" src=\"https:\/\/i0.statig.com.br\/bancodeimagens\/8c\/le\/4a\/8cle4a7cvo5pu7x7aw097nkg6.jpg\" alt=\"VW T-Cross\" \/><\/a><\/figure>\n<\/div>\n<p class=\"\">O T-Cross tamb\u00e9m foi bem classificado no Car Group, tendo tamb\u00e9m recebido a nota 16 do irm\u00e3o menor. Mas tanto a cesta de pe\u00e7as quanto o tempo de reparo foram diferentes do Nivus.<\/p>\n<p>Isso \u00e9 explicado pelo fato de o modelo ser classificado como um utilit\u00e1rio esportivo, e n\u00e3o um utilit\u00e1rio esportivo compacto, na avalia\u00e7\u00e3o. A cesta de pe\u00e7as do\u00a0<strong>T-Cross<\/strong>\u00a0foi cotada em R$ 19.013 e o tempo do reparo foi de 11,78 horas centesimais na dianteira e 7,16 horas centesimais na traseira.<\/p>\n<h3>3 &#8211; Ford EcoSport &#8211; \u00edndice 37<\/h3>\n<div class=\"gd12\">\n<figure class=\"foto-legenda componente-galeria \"><a class=\"getHoverIn tp lgImg\" href=\"https:\/\/i0.statig.com.br\/bancodeimagens\/9v\/6t\/fn\/9v6tfnypuwk0k2rg89dw0woll.jpg\" data-caption=\"Ford EcoSport j\u00e1 est\u00e1 perdendo apelo no mercado, mas ainda \u00e9 um dos SUVs mais em conta de consertar conforme o ranking do CESVI Brasil\"><img decoding=\"async\" class=\"new-galeria\" src=\"https:\/\/i0.statig.com.br\/bancodeimagens\/87\/gu\/pb\/87gupbjrcolqrn70b3dy997k7.jpg\" alt=\"Ford EcoSport\" \/><\/a><\/figure>\n<\/div>\n<p class=\"\">O EcoSport \u00e9 atualmente um dos SUVs compactos mais antigos do mercado brasileiro, tendo sido lan\u00e7ado na atual gera\u00e7\u00e3o em julho de 2012. E o resultado disso teve refletiu na nota do modelo: 37, a terceira melhor entre os utilit\u00e1rios testados.<\/p>\n<p>Apesar do\u00a0<strong>EcoSport<\/strong>\u00a0ter a cesta de pe\u00e7as mais barata (R$ 16.128,92) avaliada, o que pesou foram os tempos necess\u00e1rios para o conserto: 44,43 horas centesimais para a dianteira e 25,6 horas centesimais para a traseira.<\/p>\n<h3>4 &#8211; Renault Duster &#8211; \u00edndice 52<\/h3>\n<div class=\"gd12\">\n<figure class=\"foto-legenda componente-galeria \">\n<div id=\"aggressive_2\" class=\"st-placement aggressive_2 inImage\">\n<div class=\"st-adunit st-show st-reset\">\n<div class=\"st-container st-reset\">\n<div class=\"st-adunit-ad st-reset\">\n<div class=\"st-reset\">\n<div class=\"important-styled st-canvas-container direct Full full-image-display f1q5ut5n\">\n<div class=\"important-styled st-canvas-el fa5yfwn\">\n<div class=\"important-styled st-canvas-container undefined f1q5ut5n\">\n<div class=\"important-styled st-canvas-el f10s6z6p\">\n<div class=\"important-styled st-canvas-container undefined f1q5ut5n\">\n<div class=\"important-styled st-canvas-el fa5yfwn\">\n<div class=\"important-styled fg1jiey\">\n<div class=\"important-styled display-render-wrapper fg1jiey\"><\/div>\n<\/div>\n<\/div>\n<\/div>\n<\/div>\n<\/div>\n<\/div>\n<\/div>\n<\/div>\n<\/div>\n<\/div>\n<div class=\"st-adsby st-reset\"><\/div>\n<\/div>\n<\/div>\n<p><a class=\"getHoverIn tp lgImg\" href=\"https:\/\/i0.statig.com.br\/bancodeimagens\/a9\/m7\/39\/a9m739im9hgky5170mlajvong.jpg\" data-caption=\"Renault Duster foi renovado e passou a ficar com desenho mais arrojado sem deixar de lado a robustez\"><img decoding=\"async\" class=\"new-galeria\" src=\"https:\/\/i0.statig.com.br\/bancodeimagens\/58\/4m\/3a\/584m3al0wh9ot7cofhp34krsn.jpg\" alt=\"Duster\" \/><\/a><\/figure>\n<\/div>\n<p>Lan\u00e7ado em mar\u00e7o no Brasil, o novo Renault Duster na verdade \u00e9 uma reestiliza\u00e7\u00e3o do antecessor, mantendo a mesma plataforma mas ganhando carroceria e interior renovados.<\/p>\n<p>No Car Group o modelo obteve uma nota 52, com uma cesta de pe\u00e7as de R$ 17.576 e 39,45 horas centesimais necess\u00e1rias para o reparo da dianteira e 23,09 horas centesimais para a traseira.<\/p>\n<div id=\"adGov\" data-google-query-id=\"CNfnlYm_9-oCFU7VhgodF8cEgg\">\n<div id=\"google_ads_iframe_\/21737107378\/IG-PUBLISHER\/carros.ig.com.br\/outofpage1_1__container__\"><\/div>\n<\/div>\n<h3>5 &#8211; Peugeot 2008 &#8211; \u00edndice 53<\/h3>\n<div class=\"gd12\">\n<figure class=\"foto-legenda componente-galeria \"><a class=\"getHoverIn tp lgImg\" href=\"https:\/\/i0.statig.com.br\/bancodeimagens\/bg\/xd\/cd\/bgxdcdfq67rttnon8ntmfavmr.jpg\" data-caption=\"Peugeot 2008 est\u00e1 no final do ciclo no Mercosul, onde a PSA j\u00e1 anunciou planos de lan\u00e7ar novos modelos. A nova gera\u00e7\u00e3o vir\u00e1 da Argentina\"><img decoding=\"async\" class=\"new-galeria\" src=\"https:\/\/i0.statig.com.br\/bancodeimagens\/3c\/df\/23\/3cdf231tpy4vu49lcevfj0m47.jpg\" alt=\"Peugeot 2008\" \/><\/a><\/figure>\n<\/div>\n<p class=\" \">Lan\u00e7ado no Brasil em 2015, SUV compacto da Peugeot passou por uma leve reestiliza\u00e7\u00e3o no ano passado, quando ganhou uma nova grade e para-choque frontal.<\/p>\n<p>O modelo ganhou uma nota 53 no CarGroup. Apesar dos tempos de repara\u00e7\u00e3o terem ficado pouco acima dos l\u00edderes (13,65 horas na dianteira e 11,23 horas na traseira), o que pesou foi a cesta de pe\u00e7as bem mais cara: R$ 43.140,02, acima do que o que custa a do\u00a0<strong>Volkswagen Nivus.<br \/>\n<\/strong><br \/>\n<strong>Fonte<\/strong>: <a href=\"https:\/\/carros.ig.com.br\/2020-07-30\/volkswagen-nivus-lidera-ranking-dos-suvs-mais-faceis-de-consertar.html\">Carros Ig<\/a>,\u00a0<a href=\"https:\/\/quatrorodas.abril.com.br\/noticias\/estudo-elege-o-vw-nivus-como-suv-com-reparo-mais-facil-e-barato-do-brasil\/\">QuatroRodas<\/a><\/p>\n<\/div>\n","protected":false},"excerpt":{"rendered":"<p>Grande lan\u00e7amento da Volkswagen em 2020, o Nivus come\u00e7a a ser entregue aos primeiros compradores em Agosto e j\u00e1 est\u00e1 dando trabalho aos concorrentes. Al\u00e9m do design inovador do bom n\u00edvel de equipamentos, um estudo realizado pelo Centro de Experimenta\u00e7\u00e3o e Seguran\u00e7a Vi\u00e1ria (Cesvi), destinado \u00e0s principais seguradora do pa\u00eds, colocou Nivus como o SUV &hellip;<\/p>\n","protected":false},"author":6,"featured_media":3006,"comment_status":"open","ping_status":"open","sticky":false,"template":"","format":"standard","meta":[],"categories":[657],"tags":[666,664,667,658],"_links":{"self":[{"href":"https:\/\/www.brasal.com.br\/veiculos\/blog\/wp-json\/wp\/v2\/posts\/3005"}],"collection":[{"href":"https:\/\/www.brasal.com.br\/veiculos\/blog\/wp-json\/wp\/v2\/posts"}],"about":[{"href":"https:\/\/www.brasal.com.br\/veiculos\/blog\/wp-json\/wp\/v2\/types\/post"}],"author":[{"embeddable":true,"href":"https:\/\/www.brasal.com.br\/veiculos\/blog\/wp-json\/wp\/v2\/users\/6"}],"replies":[{"embeddable":true,"href":"https:\/\/www.brasal.com.br\/veiculos\/blog\/wp-json\/wp\/v2\/comments?post=3005"}],"version-history":[{"count":5,"href":"https:\/\/www.brasal.com.br\/veiculos\/blog\/wp-json\/wp\/v2\/posts\/3005\/revisions"}],"predecessor-version":[{"id":3012,"href":"https:\/\/www.brasal.com.br\/veiculos\/blog\/wp-json\/wp\/v2\/posts\/3005\/revisions\/3012"}],"wp:featuredmedia":[{"embeddable":true,"href":"https:\/\/www.brasal.com.br\/veiculos\/blog\/wp-json\/wp\/v2\/media\/3006"}],"wp:attachment":[{"href":"https:\/\/www.brasal.com.br\/veiculos\/blog\/wp-json\/wp\/v2\/media?parent=3005"}],"wp:term":[{"taxonomy":"category","embeddable":true,"href":"https:\/\/www.brasal.com.br\/veiculos\/blog\/wp-json\/wp\/v2\/categories?post=3005"},{"taxonomy":"post_tag","embeddable":true,"href":"https:\/\/www.brasal.com.br\/veiculos\/blog\/wp-json\/wp\/v2\/tags?post=3005"}],"curies":[{"name":"wp","href":"https:\/\/api.w.org\/{rel}","templated":true}]}}