{"id":2956,"date":"2020-06-26T08:39:59","date_gmt":"2020-06-26T11:39:59","guid":{"rendered":"http:\/\/www.brasal.com.br\/veiculos\/blog\/?p=2956"},"modified":"2020-06-26T08:51:55","modified_gmt":"2020-06-26T11:51:55","slug":"nivus-volkswagen","status":"publish","type":"post","link":"https:\/\/www.brasal.com.br\/veiculos\/blog\/2020\/06\/26\/nivus-volkswagen\/","title":{"rendered":"Chegou o Nivus. Saiba tudo sobre esse Volkswagen."},"content":{"rendered":"<div style=\"text-align: justify;\">\n<h3 style=\"text-align: left;\" align=\"center\"><b>Chegou o Nivus, seu New Volkswagen.<\/b><\/h3>\n<p style=\"text-align: left;\" align=\"center\">Lindo, vers\u00e1til, moderno e conectado. Muito prazer, eu sou o<b>\u00a0Volkswagen<\/b>\u00a0<b>Nivus<\/b>!<\/p>\n<p style=\"text-align: left;\" align=\"center\"><img decoding=\"async\" loading=\"lazy\" class=\"aligncenter size-full wp-image-2971\" src=\"http:\/\/www.brasal.com.br\/veiculos\/blog\/wp-content\/uploads\/2020\/06\/volkswagen_nivus_2021_1_28052020_30867_960_720.jpg\" alt=\"\" width=\"960\" height=\"720\" srcset=\"https:\/\/www.brasal.com.br\/veiculos\/blog\/wp-content\/uploads\/2020\/06\/volkswagen_nivus_2021_1_28052020_30867_960_720.jpg 960w, https:\/\/www.brasal.com.br\/veiculos\/blog\/wp-content\/uploads\/2020\/06\/volkswagen_nivus_2021_1_28052020_30867_960_720-300x225.jpg 300w, https:\/\/www.brasal.com.br\/veiculos\/blog\/wp-content\/uploads\/2020\/06\/volkswagen_nivus_2021_1_28052020_30867_960_720-768x576.jpg 768w\" sizes=\"(max-width: 960px) 100vw, 960px\" \/><\/p>\n<div style=\"text-align: justify;\">\n<p>O\u00a0<b>Nivus<\/b>\u00a0ser\u00e1 fabricado na f\u00e1brica de Anchieta, sob a Estrat\u00e9gia Modular MQB, o mais moderno conceito de produ\u00e7\u00e3o do Grupo Volkswagen no mundo. Inteiramente planejado pela equipe de designers e engenheiros da Volkswagen Am\u00e9rica do Sul, ele ser\u00e1 o primeiro modelo desenvolvido localmente que tamb\u00e9m ser\u00e1 produzido e comercializado no mercado europeu.<\/p>\n<div style=\"text-align: justify;\">\n<div style=\"text-align: justify;\">\n<p>O\u00a0<b>Nivus<\/b>\u00a0exibe um desenho marcante, com amplo destaque para a queda suave da coluna \u2018C\u2019, uma caracter\u00edstica que acentua sua proposta de ser o primeiro \u2018SUV Coup\u00e9\u2019 do mercado. O balan\u00e7o traseiro mais pronunciado permite oferecer tamb\u00e9m um porta-malas com a excelente capacidade de 415 litros \u2013 um dos maiores entre os modelos compactos dos segmentos de Hatches e SUVs.<\/p>\n<p style=\"text-align: left;\" align=\"center\">Ganha ainda mais personalidade com seu far\u00f3is e lanternas em LED, itens exclusivos nesta classe de ve\u00edculos no mercado. O DRL (Daytime Running Light), tamb\u00e9m em LED e embutido nos far\u00f3is, incorpora ao\u00a0<b>Nivus<\/b>\u00a0uma assinatura exclusiva.<\/p>\n<p align=\"center\"><img decoding=\"async\" loading=\"lazy\" class=\"aligncenter size-full wp-image-2974\" src=\"http:\/\/www.brasal.com.br\/veiculos\/blog\/wp-content\/uploads\/2020\/06\/download-5.png\" alt=\"\" width=\"567\" height=\"378\" srcset=\"https:\/\/www.brasal.com.br\/veiculos\/blog\/wp-content\/uploads\/2020\/06\/download-5.png 567w, https:\/\/www.brasal.com.br\/veiculos\/blog\/wp-content\/uploads\/2020\/06\/download-5-300x200.png 300w\" sizes=\"(max-width: 567px) 100vw, 567px\" \/><\/p>\n<h3 style=\"text-align: left;\" align=\"center\"><b>Tecnologia o Nivus tem de sobra! Conhe\u00e7a em detalhes o que ele oferece.<br \/>\n<\/b><\/h3>\n<p><b>VW Play (Volks Play)<\/b><\/p>\n<p>Esque\u00e7a tudo que voc\u00ea conhece de conectividade. O\u00a0<b>Nivus<\/b>, por seu conceito inovador, \u00e9 o embaixador perfeito para o lan\u00e7amento do VW Play, o novo sistema de\u00a0<i>Infotainment<\/i>\u00a0da VW que chega para estabelecer uma nova era.\u00a0<img decoding=\"async\" loading=\"lazy\" class=\" wp-image-2959 alignright\" src=\"http:\/\/www.brasal.com.br\/veiculos\/blog\/wp-content\/uploads\/2020\/06\/download-2.png\" alt=\"\" width=\"338\" height=\"190\" srcset=\"https:\/\/www.brasal.com.br\/veiculos\/blog\/wp-content\/uploads\/2020\/06\/download-2.png 635w, https:\/\/www.brasal.com.br\/veiculos\/blog\/wp-content\/uploads\/2020\/06\/download-2-300x169.png 300w\" sizes=\"(max-width: 338px) 100vw, 338px\" \/><\/p>\n<p>O VW Play, totalmente desenvolvido no Brasil, traz uma tela de alt\u00edssima defini\u00e7\u00e3o e diversas funcionalidades que, definitivamente, estabelecer\u00e3o um novo patamar em termos de conectividade no mercado brasileiro.<\/p>\n<p>Al\u00e9m da loja de aplicativos, o VW Play \u00e9 o \u00fanico sistema do mercado a disponibilizar 10GB de mem\u00f3ria para armazenamento de aplicativos diretamente, sem consumir a mem\u00f3ria do smartphone!<\/p>\n<p>Com o VW Play, \u00e9 poss\u00edvel assistir a v\u00eddeos em sua tela, sempre respeitando as leis de seguran\u00e7a. Aproveite para ver aquele epis\u00f3dio de sua s\u00e9rie favorita sempre que o\u00a0<b>Nivus<\/b>\u00a0n\u00e3o estiver em movimento!<\/p>\n<p>O VW Play tem uma guia de pesquisa inteligente, onde voc\u00ea poder\u00e1 encontrar as principais fun\u00e7\u00f5es do sistema por meio de uma pesquisa com palavras-chave ou temas relacionados \u2013 o pr\u00f3prio sistema sugere os resultados (semelhante ao que acontece quando voc\u00ea faz uma \u2018busca\u2019 em seu smartphone).<\/p>\n<h3><b>Conforto com Seguran\u00e7a<\/b><\/h3>\n<p>Os conceitos de conforto e seguran\u00e7a encontram uma perfeita simbiose no\u00a0<b>Nivus<\/b>. Aqui, destacam-se dois recursos fant\u00e1sticos: o\u00a0<b>ACC<\/b>\u00a0e o\u00a0<b>AEB<\/b>.\u00a0\u00a0<img decoding=\"async\" loading=\"lazy\" class=\"wp-image-2960 aligncenter\" src=\"http:\/\/www.brasal.com.br\/veiculos\/blog\/wp-content\/uploads\/2020\/06\/download-3.png\" alt=\"\" width=\"566\" height=\"174\" srcset=\"https:\/\/www.brasal.com.br\/veiculos\/blog\/wp-content\/uploads\/2020\/06\/download-3.png 644w, https:\/\/www.brasal.com.br\/veiculos\/blog\/wp-content\/uploads\/2020\/06\/download-3-300x92.png 300w\" sizes=\"(max-width: 566px) 100vw, 566px\" \/><\/p>\n<p>O\u00a0<b>ACC<\/b>\u00a0(Controle Adaptativo de Velocidade e Dist\u00e2ncia), at\u00e9 ent\u00e3o exclusivo em ve\u00edculos de segmentos superiores, mant\u00e9m a velocidade selecionada pelo motorista a uma dist\u00e2ncia pr\u00e9-definida do ve\u00edculo \u00e0 frente, freando ou acelerando em fun\u00e7\u00e3o do tr\u00e1fego.<\/p>\n<p>J\u00e1 o\u00a0<b>AEB<\/b>\u00a0(City Emergency Brake), que n\u00e3o depende da interven\u00e7\u00e3o do motorista para ser acionado, evita colis\u00f5es frontais no tr\u00e1fego urbano se o ve\u00edculo estiver com uma velocidade de at\u00e9 50km\/h.<\/p>\n<p>Todas as vers\u00f5es do\u00a0<b>Nivus<\/b>\u00a0ter\u00e3o o consagrado conjunto motor \u2018200 TSI\u2019 com transmiss\u00e3o autom\u00e1tica de 6 velocidades.<\/p>\n<h3><b>Vers\u00f5es<\/b><\/h3>\n<p>Mais uma \u00f3tima not\u00edcia &#8211; o\u00a0<b>Nivus<\/b>\u00a0tem uma estrutura de oferta extremamente simples. S\u00e3o apenas\u00a0<u>duas vers\u00f5es<\/u>, ambas equipadas com motores 200 TSI e transmiss\u00e3o autom\u00e1tica de 6 velocidades, e\u00a0<u>apenas um pacote opcional<\/u>\u00a0em sua oferta regular, dispon\u00edvel para a vers\u00e3o Comfortline.<\/p>\n<p><img decoding=\"async\" loading=\"lazy\" class=\"aligncenter size-full wp-image-2963\" src=\"http:\/\/www.brasal.com.br\/veiculos\/blog\/wp-content\/uploads\/2020\/06\/download-4.png\" alt=\"\" width=\"618\" height=\"276\" srcset=\"https:\/\/www.brasal.com.br\/veiculos\/blog\/wp-content\/uploads\/2020\/06\/download-4.png 618w, https:\/\/www.brasal.com.br\/veiculos\/blog\/wp-content\/uploads\/2020\/06\/download-4-300x134.png 300w\" sizes=\"(max-width: 618px) 100vw, 618px\" \/><\/p>\n<\/div>\n<p>Quer saber mais? Entre em contato com a gente!<br \/>\n(61) 3962-6666<br \/>\n(61) 3034-9200<br \/>\n(61) 3035-6666<\/p>\n<\/div>\n<\/div>\n<\/div>\n","protected":false},"excerpt":{"rendered":"<p>Chegou o Nivus, seu New Volkswagen. Lindo, vers\u00e1til, moderno e conectado. Muito prazer, eu sou o\u00a0Volkswagen\u00a0Nivus! O\u00a0Nivus\u00a0ser\u00e1 fabricado na f\u00e1brica de Anchieta, sob a Estrat\u00e9gia Modular MQB, o mais moderno conceito de produ\u00e7\u00e3o do Grupo Volkswagen no mundo. Inteiramente planejado pela equipe de designers e engenheiros da Volkswagen Am\u00e9rica do Sul, ele ser\u00e1 o primeiro &hellip;<\/p>\n","protected":false},"author":4,"featured_media":2957,"comment_status":"open","ping_status":"open","sticky":false,"template":"","format":"standard","meta":[],"categories":[657,170],"tags":[168,171,44,658,659,296,661,99,54,660],"_links":{"self":[{"href":"https:\/\/www.brasal.com.br\/veiculos\/blog\/wp-json\/wp\/v2\/posts\/2956"}],"collection":[{"href":"https:\/\/www.brasal.com.br\/veiculos\/blog\/wp-json\/wp\/v2\/posts"}],"about":[{"href":"https:\/\/www.brasal.com.br\/veiculos\/blog\/wp-json\/wp\/v2\/types\/post"}],"author":[{"embeddable":true,"href":"https:\/\/www.brasal.com.br\/veiculos\/blog\/wp-json\/wp\/v2\/users\/4"}],"replies":[{"embeddable":true,"href":"https:\/\/www.brasal.com.br\/veiculos\/blog\/wp-json\/wp\/v2\/comments?post=2956"}],"version-history":[{"count":17,"href":"https:\/\/www.brasal.com.br\/veiculos\/blog\/wp-json\/wp\/v2\/posts\/2956\/revisions"}],"predecessor-version":[{"id":2980,"href":"https:\/\/www.brasal.com.br\/veiculos\/blog\/wp-json\/wp\/v2\/posts\/2956\/revisions\/2980"}],"wp:featuredmedia":[{"embeddable":true,"href":"https:\/\/www.brasal.com.br\/veiculos\/blog\/wp-json\/wp\/v2\/media\/2957"}],"wp:attachment":[{"href":"https:\/\/www.brasal.com.br\/veiculos\/blog\/wp-json\/wp\/v2\/media?parent=2956"}],"wp:term":[{"taxonomy":"category","embeddable":true,"href":"https:\/\/www.brasal.com.br\/veiculos\/blog\/wp-json\/wp\/v2\/categories?post=2956"},{"taxonomy":"post_tag","embeddable":true,"href":"https:\/\/www.brasal.com.br\/veiculos\/blog\/wp-json\/wp\/v2\/tags?post=2956"}],"curies":[{"name":"wp","href":"https:\/\/api.w.org\/{rel}","templated":true}]}}