{"id":2955,"date":"2020-07-27T16:16:25","date_gmt":"2020-07-27T19:16:25","guid":{"rendered":"http:\/\/www.brasal.com.br\/veiculos\/blog\/?p=2955"},"modified":"2020-07-27T16:16:25","modified_gmt":"2020-07-27T19:16:25","slug":"bateria-do-carro-os-cuidados-para-ela-nao-descarregar","status":"publish","type":"post","link":"https:\/\/www.brasal.com.br\/veiculos\/blog\/2020\/07\/27\/bateria-do-carro-os-cuidados-para-ela-nao-descarregar\/","title":{"rendered":"Bateria do carro: os cuidados para ela n\u00e3o descarregar."},"content":{"rendered":"<p><img decoding=\"async\" loading=\"lazy\" class=\"alignright\" src=\"https:\/\/www.moura.com.br\/wp-content\/uploads\/2020\/04\/bateria-do-carro-1559844784010_v2_1170x540-730665721-1.jpg\" alt=\"Cuidados que voc\u00ea precisa ter com a bateria do seu carro parado por muito tempo\" width=\"416\" height=\"351\" \/><\/p>\n<div class=\"post-header col-sm-6\">\n<p class=\"post-excerpt\">Em tempos de quarentena, j\u00e1 falamos aqui sobre os cuidados que se deve ter com seu carro. Mas e a bateria? Quais cuidados\u00a0a serem tomados para que ela n\u00e3o descarregue, principalmente nos carros novos, j\u00e1 que mais equipamentos ficam funcionando mesmo com a chave desligada.<\/p>\n<p>Veja o que deve fazer, como monitorar a carga de sua bateria e qual o per\u00edodo indicado para ligar o carro. Tudo para evitar a surpresa desagrad\u00e1vel de ver sua bateria ficar descarregada. Confira:<\/p>\n<\/div>\n<div class=\"post-content\">\n<p>01) Mesmo com o ve\u00edculo desligado, o fato da bateria estar conectada ao ve\u00edculo faz com que ela seja utilizada e, consequentemente, possa ser descarregada. Isso porque o ve\u00edculo mant\u00e9m correntes bem baixa, s\u00e3o as chamadas correntes de\u00a0<em>Stand By<\/em>, que servem para manter ligados fun\u00e7\u00f5es essenciais dos ve\u00edculos, que precisam ser acionadas 24h.<\/p>\n<p>02) A bateria automotiva \u00e9 um produto eletroqu\u00edmico que possui uma caracter\u00edstica chamada Descarga Espont\u00e2nea. Isso significa que, mesmo sem estar conectada ao ve\u00edculo (por meio do cabo negativo), naturalmente perde poder de partida ao decorrer do tempo. Quanto mais nova a bateria for, mais devagar \u00e9 o fen\u00f4meno da descarga espont\u00e2nea, ou seja, mais tempo ela consegue suportar sem receber carga e, ainda assim, ser capaz de dar partida no ve\u00edculo.<\/p>\n<p>03) Dependendo de qu\u00e3o nova for a bateria \u00e9 poss\u00edvel passar de 10 a 30 dias sem a necessidade de partir o ve\u00edculo. Mas lembre-se: essa estimativa \u00e9 para os casos em que o cabo negativo foi desconectado, ou seja, a bateria n\u00e3o est\u00e1 sendo demandada pelas correntes de\u00a0<em>Stand By<\/em>\u00a0presentes no ve\u00edculo parado.<\/p>\n<p>04) Nesse intervalo de tempo, \u00e9 importante dar partida no ve\u00edculo e aguardar um per\u00edodo de 15 a 30 minutos. Importante frisar que essa recarga emergencial exige que se repita o processo a cada uma semana, no m\u00ednimo, e que seja mantido o cabo negativo desconectado.<\/p>\n<p>05) Com o cabo negativo conectado, as estimativas de tempo que uma bateria suporta com o ve\u00edculo parado s\u00e3o dif\u00edceis de precisar. Tudo vai depender do seu \u201cestado de sa\u00fade\u201d. Recomenda-se intervalo menor que uma semana para partida no ve\u00edculo e recarga parcial.<\/p>\n<p>06) Se o ve\u00edculo vai ficar parado por muito tempo, o ideal \u00e9 manter o cabo negativo da bateria desconectado.\u00a0 Mas cuidado! \u00c9 fundamental checar antes as instru\u00e7\u00f5es do fabricante do ve\u00edculo sobre quais os impactos provocados por essa opera\u00e7\u00e3o. \u00c9 poss\u00edvel que a retirada do cabo negativo fa\u00e7a com que as mem\u00f3rias do carro de percam (programa\u00e7\u00e3o do r\u00e1dio, rel\u00f3gio e par\u00e2metros de velocidade controlada, por exemplo). Se for seguro, de acordo com fabricante, retirar o cabo negativo vai ajudar bastante a manter a capacidade de partida da bateria por mais tempo. Outro ponto \u00e9 que isso s\u00f3 deve ser feito caso o ve\u00edculo se encontre em um lugar seguro para que o mesmo possa ficar sem o alarme durante esse per\u00edodo. Em um caso de n\u00e3o ser poss\u00edvel retirar o cabo negativo, quanto menos exposto ao sol o ve\u00edculo se encontrar, menor \u00e9 a velocidade de rea\u00e7\u00e3o de descarga da bateria.<\/p>\n<p>07) Fique de olho! S\u00e3o indicativos de que a bateria chegou ou est\u00e1 pr\u00f3xima do fim de sua vida:<\/p>\n<ol>\n<li>a) O motor de partida n\u00e3o arranca. No momento de girar a chave, apenas s\u00e3o ouvidos sons de \u201cclicks\u201d;<\/li>\n<li>b) Os pist\u00f5es do motor giram devagar: quando a chave \u00e9 girada, o motor demora a pegar e \u00e9 percebido uma certa \u201clentid\u00e3o\u201d em seu acionamento;<\/li>\n<li>c) A maioria das baterias possuem um indicador de carga em sua parte superior. Se o indicador estiver verde, significa que a bateria est\u00e1 boa para uso. Se estiver preto, pode significar que a bateria j\u00e1 est\u00e1 no final de vida ou pode ser que ela esteja apenas descarregada.\n<p>Fonte:<a href=\"https:\/\/www.moura.com.br\/blog\/cuidados-que-voce-precisa-ter-com-bateria-do-seu-carro-parado-por-muito-tempo\/\"> Baterias Moura<\/a><\/li>\n<\/ol>\n<\/div>\n","protected":false},"excerpt":{"rendered":"<p>Em tempos de quarentena, j\u00e1 falamos aqui sobre os cuidados que se deve ter com seu carro. Mas e a bateria? Quais cuidados\u00a0a serem tomados para que ela n\u00e3o descarregue, principalmente nos carros novos, j\u00e1 que mais equipamentos ficam funcionando mesmo com a chave desligada. Veja o que deve fazer, como monitorar a carga de &hellip;<\/p>\n","protected":false},"author":5,"featured_media":2996,"comment_status":"open","ping_status":"open","sticky":false,"template":"","format":"standard","meta":[],"categories":[113],"tags":[662,663,106,74],"_links":{"self":[{"href":"https:\/\/www.brasal.com.br\/veiculos\/blog\/wp-json\/wp\/v2\/posts\/2955"}],"collection":[{"href":"https:\/\/www.brasal.com.br\/veiculos\/blog\/wp-json\/wp\/v2\/posts"}],"about":[{"href":"https:\/\/www.brasal.com.br\/veiculos\/blog\/wp-json\/wp\/v2\/types\/post"}],"author":[{"embeddable":true,"href":"https:\/\/www.brasal.com.br\/veiculos\/blog\/wp-json\/wp\/v2\/users\/5"}],"replies":[{"embeddable":true,"href":"https:\/\/www.brasal.com.br\/veiculos\/blog\/wp-json\/wp\/v2\/comments?post=2955"}],"version-history":[{"count":2,"href":"https:\/\/www.brasal.com.br\/veiculos\/blog\/wp-json\/wp\/v2\/posts\/2955\/revisions"}],"predecessor-version":[{"id":2995,"href":"https:\/\/www.brasal.com.br\/veiculos\/blog\/wp-json\/wp\/v2\/posts\/2955\/revisions\/2995"}],"wp:featuredmedia":[{"embeddable":true,"href":"https:\/\/www.brasal.com.br\/veiculos\/blog\/wp-json\/wp\/v2\/media\/2996"}],"wp:attachment":[{"href":"https:\/\/www.brasal.com.br\/veiculos\/blog\/wp-json\/wp\/v2\/media?parent=2955"}],"wp:term":[{"taxonomy":"category","embeddable":true,"href":"https:\/\/www.brasal.com.br\/veiculos\/blog\/wp-json\/wp\/v2\/categories?post=2955"},{"taxonomy":"post_tag","embeddable":true,"href":"https:\/\/www.brasal.com.br\/veiculos\/blog\/wp-json\/wp\/v2\/tags?post=2955"}],"curies":[{"name":"wp","href":"https:\/\/api.w.org\/{rel}","templated":true}]}}