{"id":2916,"date":"2020-02-14T15:12:33","date_gmt":"2020-02-14T18:12:33","guid":{"rendered":"http:\/\/www.brasal.com.br\/veiculos\/blog\/?p=2916"},"modified":"2020-02-14T15:18:19","modified_gmt":"2020-02-14T18:18:19","slug":"como-ficaram-as-novas-placas-mercosul","status":"publish","type":"post","link":"https:\/\/www.brasal.com.br\/veiculos\/blog\/2020\/02\/14\/como-ficaram-as-novas-placas-mercosul\/","title":{"rendered":"Veja como ficaram as novas placas do Mercosul"},"content":{"rendered":"<div style=\"text-align: justify;\">\n<p>O Departamento de Tr\u00e2nsito do Distrito Federal deu in\u00edcio ao processo de implanta\u00e7\u00e3o do novo modelo de Placa de Identifica\u00e7\u00e3o Veicular (PIV) no in\u00edcio de Fevereiro\/2020.<\/p>\n<p>A implanta\u00e7\u00e3o ou substitui\u00e7\u00e3o de placas ser\u00e1 <strong>obrigat\u00f3ria<\/strong> nos casos de primeiro emplacamento, altera\u00e7\u00e3o de categoria, transfer\u00eancia de unidade da federa\u00e7\u00e3o, quando houver ocorr\u00eancias de furto, roubo, extravio ou dano \u00e0 placa, situa\u00e7\u00f5es em que o propriet\u00e1rio requeira placa avulsa e se for necess\u00e1ria a instala\u00e7\u00e3o de segunda placa traseira. O servi\u00e7o ser\u00e1 aplicado ainda, no caso de transfer\u00eancia de propriedade na circunst\u00e2ncia em que o vistoriador sinalizar no relat\u00f3rio, a necessidade de troca.<\/p>\n<p>A nova PIV traz elementos de seguran\u00e7a como o emblema oficial do MERCOSUL, Bandeira do Brasil impressa na pel\u00edcula retrorrefletiva, distintivo internacional do Brasil \u2013 BR, marca d\u2019\u00e1gua com o emblema do MERCOSUL em formato circular e C\u00f3digo bidimensional (2D).<\/p>\n<p><strong>Como ficar\u00e1 a placa do seu carro atual:<\/strong><\/p>\n<\/div>\n<p><img decoding=\"async\" loading=\"lazy\" class=\"wp-image-2917 aligncenter\" src=\"http:\/\/www.brasal.com.br\/veiculos\/blog\/wp-content\/uploads\/2020\/02\/WhatsApp-Image-2020-02-07-at-18.48.24.jpeg\" alt=\"\" width=\"639\" height=\"497\" srcset=\"https:\/\/www.brasal.com.br\/veiculos\/blog\/wp-content\/uploads\/2020\/02\/WhatsApp-Image-2020-02-07-at-18.48.24.jpeg 1024w, https:\/\/www.brasal.com.br\/veiculos\/blog\/wp-content\/uploads\/2020\/02\/WhatsApp-Image-2020-02-07-at-18.48.24-300x233.jpeg 300w, https:\/\/www.brasal.com.br\/veiculos\/blog\/wp-content\/uploads\/2020\/02\/WhatsApp-Image-2020-02-07-at-18.48.24-768x598.jpeg 768w\" sizes=\"(max-width: 639px) 100vw, 639px\" \/><\/p>\n<p><strong>Como vou saber de qual cidade \u00e9 um determinado ve\u00edculo?<br \/>\n<\/strong><\/p>\n<p>Hoje em dia \u00e9 f\u00e1cil identificar o Estado e munic\u00edpio onde um autom\u00f3vel foi registrado, pois essas informa\u00e7\u00f5es ficam em uma plaqueta na parte superior da placa.<\/p>\n<p>No novo padr\u00e3o, por\u00e9m, esse espa\u00e7o \u00e9 reservado exclusivamente para o pa\u00eds de registro do ve\u00edculo.<\/p>\n<p><strong>Como ser\u00e3o identificadas as diferentes categorias de ve\u00edculos?<\/strong><\/p>\n<p><img decoding=\"async\" loading=\"lazy\" class=\"\" src=\"https:\/\/abrilquatrorodas.files.wordpress.com\/2018\/03\/placa-mercosul.jpg?quality=70&amp;strip=info&amp;w=1024&amp;h=520\" alt=\"nova placa mercosul\" width=\"655\" height=\"332\" \/><\/p>\n<p>Fonte: <a href=\"http:\/\/www.detran.df.gov.br\/\">Detran-DF<\/a> e <a href=\"https:\/\/quatrorodas.abril.com.br\/\">Quatro Rodas<\/a><br \/>\n&nbsp;<\/p>\n<div style=\"text-align: justify;\">\n<p>&nbsp;<\/p>\n<\/div>\n","protected":false},"excerpt":{"rendered":"<p>O Departamento de Tr\u00e2nsito do Distrito Federal deu in\u00edcio ao processo de implanta\u00e7\u00e3o do novo modelo de Placa de Identifica\u00e7\u00e3o Veicular (PIV) no in\u00edcio de Fevereiro\/2020. A implanta\u00e7\u00e3o ou substitui\u00e7\u00e3o de placas ser\u00e1 obrigat\u00f3ria nos casos de primeiro emplacamento, altera\u00e7\u00e3o de categoria, transfer\u00eancia de unidade da federa\u00e7\u00e3o, quando houver ocorr\u00eancias de furto, roubo, extravio ou &hellip;<\/p>\n","protected":false},"author":4,"featured_media":2920,"comment_status":"open","ping_status":"open","sticky":false,"template":"","format":"standard","meta":[],"categories":[170],"tags":[168,62,362,642,639,331,641,640],"_links":{"self":[{"href":"https:\/\/www.brasal.com.br\/veiculos\/blog\/wp-json\/wp\/v2\/posts\/2916"}],"collection":[{"href":"https:\/\/www.brasal.com.br\/veiculos\/blog\/wp-json\/wp\/v2\/posts"}],"about":[{"href":"https:\/\/www.brasal.com.br\/veiculos\/blog\/wp-json\/wp\/v2\/types\/post"}],"author":[{"embeddable":true,"href":"https:\/\/www.brasal.com.br\/veiculos\/blog\/wp-json\/wp\/v2\/users\/4"}],"replies":[{"embeddable":true,"href":"https:\/\/www.brasal.com.br\/veiculos\/blog\/wp-json\/wp\/v2\/comments?post=2916"}],"version-history":[{"count":8,"href":"https:\/\/www.brasal.com.br\/veiculos\/blog\/wp-json\/wp\/v2\/posts\/2916\/revisions"}],"predecessor-version":[{"id":2927,"href":"https:\/\/www.brasal.com.br\/veiculos\/blog\/wp-json\/wp\/v2\/posts\/2916\/revisions\/2927"}],"wp:featuredmedia":[{"embeddable":true,"href":"https:\/\/www.brasal.com.br\/veiculos\/blog\/wp-json\/wp\/v2\/media\/2920"}],"wp:attachment":[{"href":"https:\/\/www.brasal.com.br\/veiculos\/blog\/wp-json\/wp\/v2\/media?parent=2916"}],"wp:term":[{"taxonomy":"category","embeddable":true,"href":"https:\/\/www.brasal.com.br\/veiculos\/blog\/wp-json\/wp\/v2\/categories?post=2916"},{"taxonomy":"post_tag","embeddable":true,"href":"https:\/\/www.brasal.com.br\/veiculos\/blog\/wp-json\/wp\/v2\/tags?post=2916"}],"curies":[{"name":"wp","href":"https:\/\/api.w.org\/{rel}","templated":true}]}}