{"id":2884,"date":"2020-01-14T17:21:01","date_gmt":"2020-01-14T20:21:01","guid":{"rendered":"http:\/\/www.brasal.com.br\/veiculos\/blog\/?p=2884"},"modified":"2020-01-21T08:54:39","modified_gmt":"2020-01-21T11:54:39","slug":"dpvat-2020-quase-2-milhoes-pagaram-valor-maior-e-terao-de-ser-ressarcidos","status":"publish","type":"post","link":"https:\/\/www.brasal.com.br\/veiculos\/blog\/2020\/01\/14\/dpvat-2020-quase-2-milhoes-pagaram-valor-maior-e-terao-de-ser-ressarcidos\/","title":{"rendered":"DPVAT 2020: quase 2 milh\u00f5es pagaram valor maior e ter\u00e3o de ser ressarcidos"},"content":{"rendered":"<div style=\"text-align: justify;\">\n<header class=\"article-header\">\n<h4 class=\"article-subtitle\">Ap\u00f3s STF reavaliar liminar que suspendia redu\u00e7\u00e3o dos valores, seguradora ir\u00e1 reembolsar quem pagou a mais. Veja como receber o dinheiro de volta:<\/h4>\n<\/header>\n<section class=\"article-content\">\n<div class=\"content-image wp-caption aligncenter\">\n<div class=\"image\">\n<div class=\"seedtag-gohan seedtag-adunit st-in-image\">\n<div class=\"st-container\">\n<div class=\"st-adunit-component st-adunit-component_ad-view\">\n<div class=\"st-container\">\n<div class=\"important-styled st-canvas-container f1q5ut5n\">\n<div class=\"important-styled st-canvas-el fa5yfwn\">\n<div class=\"important-styled st-canvas-container f1q5ut5n\">\n<div class=\"important-styled st-canvas-el fg9u11e\">\n<div class=\"important-styled st-canvas-container f1q5ut5n\">\n<div class=\"important-styled st-canvas-el fvzjktj\">\n<div class=\"important-styled feeql76\">\n<div class=\"display-render-wrapper\"><img decoding=\"async\" src=\"https:\/\/s2.glbimg.com\/P9orLdo4p6gGmO5Py3ekeAGvI_s=\/540x304\/top\/smart\/https:\/\/i.s3.glbimg.com\/v1\/AUTH_59edd422c0c84a879bd37670ae4f538a\/internal_photos\/bs\/2017\/2\/T\/V6CaJESkuJxr8NBmEavw\/18606142512-b170f6ea72-k.jpg\" alt=\"Imagem relacionada\" \/><\/div>\n<\/div>\n<\/div>\n<\/div>\n<\/div>\n<\/div>\n<\/div>\n<\/div>\n<\/div>\n<\/div>\n<\/div>\n<\/div>\n<\/div>\n<\/div>\n<p>Os propriet\u00e1rios de ve\u00edculos que realizaram o pagamento do Seguro DPVAT 2020 at\u00e9 a \u00faltima quarta-feira (8) \u2013 quando os valores ainda eram baseados na tabela de 2019 \u2013 poder\u00e3o pedir a restitui\u00e7\u00e3o da diferen\u00e7a a partir desta quarta (15).<\/p>\n<p>O presidente do Supremo Tribunal Federal (STF), Dias Toffoli, reconsiderou sua liminar \u2013 feita no dia 31 de dezembro \u2013 que suspendia a\u00a0redu\u00e7\u00e3o dos valores do seguro, atendendo a\u00a0resolu\u00e7\u00e3o do Conselho Nacional de Seguros Privados (CNSP) feita no dia 27 de dezembro.<\/p>\n<p>Dessa forma, o seguro obrigat\u00f3rio passou, a partir da \u00faltima quinta-feira (9), a ter novos valores para 2020. O maior desconto foi para as motos, com um abatimento de 86%, enquanto para carros o corte foi de 68%. Veja tabela:<\/p>\n<table>\n<tbody>\n<tr>\n<td><strong>Categoria<\/strong><\/td>\n<td><strong>Valor a partir de quinta (9)<\/strong><\/td>\n<td><strong>Valor at\u00e9 quarta (8)<\/strong><\/td>\n<\/tr>\n<tr>\n<td>Carro<\/td>\n<td>R$ 5,23<\/td>\n<td>R$ 16,21<\/td>\n<\/tr>\n<tr>\n<td>Moto<\/td>\n<td>R$ 12,30<\/td>\n<td>R$ 84,58<\/td>\n<\/tr>\n<tr>\n<td>T\u00e1xi<\/td>\n<td>R$ 5,23<\/td>\n<td>R$ 16,21<\/td>\n<\/tr>\n<tr>\n<td>Ciclomotores<\/td>\n<td>R$ 5,67<\/td>\n<td>R$19,55<\/td>\n<\/tr>\n<tr>\n<td>Caminh\u00f5es<\/td>\n<td>R$ 5,78<\/td>\n<td>R$ 16,77<\/td>\n<\/tr>\n<tr>\n<td>Micro \u00f4nibus<\/td>\n<td>R$ 8,11<\/td>\n<td>R$ 25,08<\/td>\n<\/tr>\n<tr>\n<td>\u00d4nibus<\/td>\n<td>R$ 10,57<\/td>\n<td>R$ 37,90<\/td>\n<\/tr>\n<\/tbody>\n<\/table>\n<p>De acordo com a seguradora L\u00edder, mais de 1,9 milh\u00e3o de ve\u00edculos receber\u00e3o o ressarcimento em todo Brasil.<\/p>\n<p>O pedido de reembolso dever\u00e1 ser feito pelo\u00a0<a href=\"https:\/\/www.seguradoralider.com.br\/\">site do cons\u00f3rcio<\/a>\u00a0e a diferen\u00e7a dos valores ser\u00e1 transferida para a conta corrente ou poupan\u00e7a do propriet\u00e1rio do ve\u00edculo. Para o cadastro de recebimento, dever\u00e3o ser informados:<\/p>\n<ul>\n<li>CPF ou CNPJ;<\/li>\n<li>Renavam;<\/li>\n<li>E-mail;<\/li>\n<li>Telefone;<\/li>\n<li>Data de pagamento do DPVAT;<\/li>\n<li>Valor pago;<\/li>\n<li>Banco, ag\u00eancia e conta corrente ou poupan\u00e7a.<\/li>\n<\/ul>\n<p>Depois da solicita\u00e7\u00e3o, o propriet\u00e1rio receber\u00e1 um n\u00famero de protocolo para acompanhar o processo da restitui\u00e7\u00e3o, que deve ser processado em dois dias \u00fateis. Entretanto, a entidade n\u00e3o informa o prazo para o pagamento efetivo.<\/p>\n<p>Para quem possui mais de um carro e realizou o pagamento do Seguro DPVAT 2020 duas ou mais vezes, o pedido dos valores dever\u00e1 ser feito\u00a0<a href=\"https:\/\/www.seguradoralider.com.br\/Contato\/Duvidas-Reclamacoes-e-Sugestoes\">por outro link<\/a>.<\/p>\n<\/section>\n<\/div>\n","protected":false},"excerpt":{"rendered":"<p>Ap\u00f3s STF reavaliar liminar que suspendia redu\u00e7\u00e3o dos valores, seguradora ir\u00e1 reembolsar quem pagou a mais. Veja como receber o dinheiro de volta: Os propriet\u00e1rios de ve\u00edculos que realizaram o pagamento do Seguro DPVAT 2020 at\u00e9 a \u00faltima quarta-feira (8) \u2013 quando os valores ainda eram baseados na tabela de 2019 \u2013 poder\u00e3o pedir a &hellip;<\/p>\n","protected":false},"author":5,"featured_media":2883,"comment_status":"open","ping_status":"open","sticky":false,"template":"","format":"standard","meta":[],"categories":[170],"tags":[371,168,362,525,114],"_links":{"self":[{"href":"https:\/\/www.brasal.com.br\/veiculos\/blog\/wp-json\/wp\/v2\/posts\/2884"}],"collection":[{"href":"https:\/\/www.brasal.com.br\/veiculos\/blog\/wp-json\/wp\/v2\/posts"}],"about":[{"href":"https:\/\/www.brasal.com.br\/veiculos\/blog\/wp-json\/wp\/v2\/types\/post"}],"author":[{"embeddable":true,"href":"https:\/\/www.brasal.com.br\/veiculos\/blog\/wp-json\/wp\/v2\/users\/5"}],"replies":[{"embeddable":true,"href":"https:\/\/www.brasal.com.br\/veiculos\/blog\/wp-json\/wp\/v2\/comments?post=2884"}],"version-history":[{"count":2,"href":"https:\/\/www.brasal.com.br\/veiculos\/blog\/wp-json\/wp\/v2\/posts\/2884\/revisions"}],"predecessor-version":[{"id":2887,"href":"https:\/\/www.brasal.com.br\/veiculos\/blog\/wp-json\/wp\/v2\/posts\/2884\/revisions\/2887"}],"wp:featuredmedia":[{"embeddable":true,"href":"https:\/\/www.brasal.com.br\/veiculos\/blog\/wp-json\/wp\/v2\/media\/2883"}],"wp:attachment":[{"href":"https:\/\/www.brasal.com.br\/veiculos\/blog\/wp-json\/wp\/v2\/media?parent=2884"}],"wp:term":[{"taxonomy":"category","embeddable":true,"href":"https:\/\/www.brasal.com.br\/veiculos\/blog\/wp-json\/wp\/v2\/categories?post=2884"},{"taxonomy":"post_tag","embeddable":true,"href":"https:\/\/www.brasal.com.br\/veiculos\/blog\/wp-json\/wp\/v2\/tags?post=2884"}],"curies":[{"name":"wp","href":"https:\/\/api.w.org\/{rel}","templated":true}]}}