{"id":2873,"date":"2020-01-02T14:44:45","date_gmt":"2020-01-02T17:44:45","guid":{"rendered":"http:\/\/www.brasal.com.br\/veiculos\/blog\/?p=2873"},"modified":"2020-01-02T14:44:45","modified_gmt":"2020-01-02T17:44:45","slug":"vw-presta-homenagem-ao-seu-primeiro-carro-apos-tirar-o-nome-de-linha","status":"publish","type":"post","link":"https:\/\/www.brasal.com.br\/veiculos\/blog\/2020\/01\/02\/vw-presta-homenagem-ao-seu-primeiro-carro-apos-tirar-o-nome-de-linha\/","title":{"rendered":"VW presta homenagem ao seu primeiro carro ap\u00f3s tirar o nome de linha"},"content":{"rendered":"<div style=\"text-align: justify;\">\n<p>O Volkswagen Fusca foi o carro que come\u00e7ou a hist\u00f3ria da VW e tornou-se um s\u00edmbolo, n\u00e3o somente da empresa como tamb\u00e9m da contracultura da d\u00e9cada de 1960 e do movimento hippie. Tamb\u00e9m teve sua import\u00e2ncia no Brasil, onde existe at\u00e9 o Dia Nacional do Fusca, comemorado em 20 de Janeiro. Por isso, a\u00a0VW\u00a0n\u00e3o poderia encerrar a venda da nova gera\u00e7\u00e3o sem fazer uma devida homenagem.<\/p>\n<p>Um pequeno v\u00eddeo foi feito pela Volkswagen para dar adeus ao Fusca nos EUA (onde \u00e9 conhecido como Beetle). A anima\u00e7\u00e3o, batizada como \u201cThe Last Mile\u201d (\u201ca \u00faltima milha\u201d) mostra como o carro fez parte da hist\u00f3ria de um garoto desde o momento em que foi comprado por seu pai. Foi nele que aprendeu a dirigir, viajou at\u00e9 o Woodstock, saiu com a namorada, at\u00e9 que, j\u00e1 idoso, ele d\u00e1 adeus ao Fusca.<\/p>\n<div style=\"width: 618px;\" class=\"wp-video\"><!--[if lt IE 9]><script>document.createElement('video');<\/script><![endif]-->\n<video class=\"wp-video-shortcode\" id=\"video-2873-1\" width=\"618\" height=\"348\" preload=\"metadata\" controls=\"controls\"><source type=\"video\/mp4\" src=\"http:\/\/www.brasal.com.br\/veiculos\/blog\/wp-content\/uploads\/2020\/01\/The-Last-Mile-Beetle.mp4?_=1\" \/><a href=\"http:\/\/www.brasal.com.br\/veiculos\/blog\/wp-content\/uploads\/2020\/01\/The-Last-Mile-Beetle.mp4\">http:\/\/www.brasal.com.br\/veiculos\/blog\/wp-content\/uploads\/2020\/01\/The-Last-Mile-Beetle.mp4<\/a><\/video><\/div>\n<p>A \u00faltima milha do t\u00edtulo aparece com o carro passando por diversos cen\u00e1rios que fizeram parte de propagandas do Fusca nos EUA. Tem at\u00e9 a participa\u00e7\u00e3o de alguns \u00edcones da cultura pop, como os artistas Andy Warhol e Ren McCormack, o personagem de Kevin Bacon no filme Footloose, que surgem na multid\u00e3o em volta do carro antes dele sair voando como um besouro (brincando com o nome do carro no exterior). Para completar o v\u00eddeo, foi usada a m\u00fasica \u201cLet It Be\u201d dos Beetles, em uma vers\u00e3o do coral Pro Musica Youth Chorus.<\/p>\n<p>O v\u00eddeo termina com a silhueta da parte frontal do ID.3, hatchback el\u00e9trico que a marca considera seu terceiro carro mais importante na hist\u00f3ria (junto com o Fusca e o Golf) e que \u00e9 visto como o Fusca do s\u00e9culo XXI. Embora o ID.3 n\u00e3o vai ser vendido nos EUA, \u00e9 a forma que a fabricante tinha de exibir a sua nova linha de carros el\u00e9tricos, j\u00e1 que os demais modelos ainda n\u00e3o foram revelados.<\/p>\n<p>Fonte: <a href=\"https:\/\/motor1.uol.com.br\/\">Motor 1<\/a><\/p>\n<\/div>\n","protected":false},"excerpt":{"rendered":"<p>O Volkswagen Fusca foi o carro que come\u00e7ou a hist\u00f3ria da VW e tornou-se um s\u00edmbolo, n\u00e3o somente da empresa como tamb\u00e9m da contracultura da d\u00e9cada de 1960 e do movimento hippie. Tamb\u00e9m teve sua import\u00e2ncia no Brasil, onde existe at\u00e9 o Dia Nacional do Fusca, comemorado em 20 de Janeiro. Por isso, a\u00a0VW\u00a0n\u00e3o poderia &hellip;<\/p>\n","protected":false},"author":4,"featured_media":2875,"comment_status":"open","ping_status":"open","sticky":false,"template":"","format":"standard","meta":[],"categories":[4],"tags":[623,168,622,99,54],"_links":{"self":[{"href":"https:\/\/www.brasal.com.br\/veiculos\/blog\/wp-json\/wp\/v2\/posts\/2873"}],"collection":[{"href":"https:\/\/www.brasal.com.br\/veiculos\/blog\/wp-json\/wp\/v2\/posts"}],"about":[{"href":"https:\/\/www.brasal.com.br\/veiculos\/blog\/wp-json\/wp\/v2\/types\/post"}],"author":[{"embeddable":true,"href":"https:\/\/www.brasal.com.br\/veiculos\/blog\/wp-json\/wp\/v2\/users\/4"}],"replies":[{"embeddable":true,"href":"https:\/\/www.brasal.com.br\/veiculos\/blog\/wp-json\/wp\/v2\/comments?post=2873"}],"version-history":[{"count":1,"href":"https:\/\/www.brasal.com.br\/veiculos\/blog\/wp-json\/wp\/v2\/posts\/2873\/revisions"}],"predecessor-version":[{"id":2876,"href":"https:\/\/www.brasal.com.br\/veiculos\/blog\/wp-json\/wp\/v2\/posts\/2873\/revisions\/2876"}],"wp:featuredmedia":[{"embeddable":true,"href":"https:\/\/www.brasal.com.br\/veiculos\/blog\/wp-json\/wp\/v2\/media\/2875"}],"wp:attachment":[{"href":"https:\/\/www.brasal.com.br\/veiculos\/blog\/wp-json\/wp\/v2\/media?parent=2873"}],"wp:term":[{"taxonomy":"category","embeddable":true,"href":"https:\/\/www.brasal.com.br\/veiculos\/blog\/wp-json\/wp\/v2\/categories?post=2873"},{"taxonomy":"post_tag","embeddable":true,"href":"https:\/\/www.brasal.com.br\/veiculos\/blog\/wp-json\/wp\/v2\/tags?post=2873"}],"curies":[{"name":"wp","href":"https:\/\/api.w.org\/{rel}","templated":true}]}}