{"id":2836,"date":"2019-08-27T10:48:48","date_gmt":"2019-08-27T13:48:48","guid":{"rendered":"http:\/\/www.brasal.com.br\/veiculos\/blog\/?p=2836"},"modified":"2019-08-27T10:48:48","modified_gmt":"2019-08-27T13:48:48","slug":"vw-servico-de-agendamento-online-de-revisoes","status":"publish","type":"post","link":"https:\/\/www.brasal.com.br\/veiculos\/blog\/2019\/08\/27\/vw-servico-de-agendamento-online-de-revisoes\/","title":{"rendered":"Volkswagen lan\u00e7a servi\u00e7o de agendamento online de revis\u00f5es no Brasil"},"content":{"rendered":"<div style=\"text-align: justify;\">\n<p class=\"preview\">A partir de setembro, clientes da marca poder\u00e3o agendar revis\u00f5es pelo app ou site.<\/p>\n<p>A\u00a0Volkswagen\u00a0lan\u00e7ou uma importante ferramenta de aproxima\u00e7\u00e3o com o clientes no p\u00f3s-venda, o agendamento online de servi\u00e7os de revis\u00e3o\u00a0atrav\u00e9s do site ou aplicativo de celular. A novidade come\u00e7a a valer a partir de setembro e, na pr\u00e1tica, d\u00e1 ao cliente a oportunidade de\u00a0escolher a revenda, o hor\u00e1rio e at\u00e9 mesmo o consultor que realizar\u00e1 o atendimento. &#8220;A digitaliza\u00e7\u00e3o da jornada do p\u00f3s-venda foi desenvolvida com foco nas reais necessidades do cliente. Al\u00e9m de comodidade e conveni\u00eancia para o consumidor, esse novo recurso d\u00e1 mais agilidade e transpar\u00eancia nos servi\u00e7os realizados na rede de concession\u00e1rias\u201c, afirma Pablo Di Si, presidente e CEO da VW da Am\u00e9rica Latina.<\/p>\n<p><img decoding=\"async\" loading=\"lazy\" class=\"wp-image-2837 aligncenter\" src=\"http:\/\/www.brasal.com.br\/veiculos\/blog\/wp-content\/uploads\/2019\/08\/app-meu-volkswagen.jpg\" alt=\"\" width=\"735\" height=\"413\" srcset=\"https:\/\/www.brasal.com.br\/veiculos\/blog\/wp-content\/uploads\/2019\/08\/app-meu-volkswagen.jpg 889w, https:\/\/www.brasal.com.br\/veiculos\/blog\/wp-content\/uploads\/2019\/08\/app-meu-volkswagen-300x169.jpg 300w, https:\/\/www.brasal.com.br\/veiculos\/blog\/wp-content\/uploads\/2019\/08\/app-meu-volkswagen-768x432.jpg 768w\" sizes=\"(max-width: 735px) 100vw, 735px\" \/><\/p>\n<p>Para ter acesso aos servi\u00e7os, basta fazer download do aplicativo &#8220;Meu VW&#8221; nas plataformas iOS (Apple) e Android (Google). Na sequ\u00eancia, fazer o registro gratuitamente para receber uma identifica\u00e7\u00e3o Volkswagen \u2013 informa\u00e7\u00e3o que ser\u00e1 \u00fanica para toda a empresa. Um detalhe interessante \u00e9 que a\u00a0Volkswagen n\u00e3o limita o prazo para o agendamento, estando a agenda sempre aberta para os pr\u00f3ximos 365 dias. Al\u00e9m disso, o\u00a0cliente j\u00e1 sabe o valor das revis\u00f5es, quais itens ser\u00e3o substitu\u00eddos e o que ser\u00e1 analisado em cada servi\u00e7o. Os pre\u00e7os da primeira \u00e0 d\u00e9cima revis\u00e3o tamb\u00e9m podem ser acessados no site da VW.<\/p>\n<p>Vale lembrar que apesar da op\u00e7\u00e3o virtual, o cliente que preferir realizar o agendamento presencial ou por liga\u00e7\u00e3o telef\u00f4nica ainda pode faz\u00ea-lo normalmente.<\/p>\n<\/div>\n","protected":false},"excerpt":{"rendered":"<p>A partir de setembro, clientes da marca poder\u00e3o agendar revis\u00f5es pelo app ou site. A\u00a0Volkswagen\u00a0lan\u00e7ou uma importante ferramenta de aproxima\u00e7\u00e3o com o clientes no p\u00f3s-venda, o agendamento online de servi\u00e7os de revis\u00e3o\u00a0atrav\u00e9s do site ou aplicativo de celular. A novidade come\u00e7a a valer a partir de setembro e, na pr\u00e1tica, d\u00e1 ao cliente a oportunidade &hellip;<\/p>\n","protected":false},"author":4,"featured_media":2837,"comment_status":"open","ping_status":"open","sticky":false,"template":"","format":"standard","meta":[],"categories":[170,40],"tags":[608,399,605,74,168,607,510,51,606,509,99,54],"_links":{"self":[{"href":"https:\/\/www.brasal.com.br\/veiculos\/blog\/wp-json\/wp\/v2\/posts\/2836"}],"collection":[{"href":"https:\/\/www.brasal.com.br\/veiculos\/blog\/wp-json\/wp\/v2\/posts"}],"about":[{"href":"https:\/\/www.brasal.com.br\/veiculos\/blog\/wp-json\/wp\/v2\/types\/post"}],"author":[{"embeddable":true,"href":"https:\/\/www.brasal.com.br\/veiculos\/blog\/wp-json\/wp\/v2\/users\/4"}],"replies":[{"embeddable":true,"href":"https:\/\/www.brasal.com.br\/veiculos\/blog\/wp-json\/wp\/v2\/comments?post=2836"}],"version-history":[{"count":1,"href":"https:\/\/www.brasal.com.br\/veiculos\/blog\/wp-json\/wp\/v2\/posts\/2836\/revisions"}],"predecessor-version":[{"id":2838,"href":"https:\/\/www.brasal.com.br\/veiculos\/blog\/wp-json\/wp\/v2\/posts\/2836\/revisions\/2838"}],"wp:featuredmedia":[{"embeddable":true,"href":"https:\/\/www.brasal.com.br\/veiculos\/blog\/wp-json\/wp\/v2\/media\/2837"}],"wp:attachment":[{"href":"https:\/\/www.brasal.com.br\/veiculos\/blog\/wp-json\/wp\/v2\/media?parent=2836"}],"wp:term":[{"taxonomy":"category","embeddable":true,"href":"https:\/\/www.brasal.com.br\/veiculos\/blog\/wp-json\/wp\/v2\/categories?post=2836"},{"taxonomy":"post_tag","embeddable":true,"href":"https:\/\/www.brasal.com.br\/veiculos\/blog\/wp-json\/wp\/v2\/tags?post=2836"}],"curies":[{"name":"wp","href":"https:\/\/api.w.org\/{rel}","templated":true}]}}