{"id":2794,"date":"2019-06-28T08:53:30","date_gmt":"2019-06-28T11:53:30","guid":{"rendered":"http:\/\/www.brasal.com.br\/veiculos\/blog\/?p=2794"},"modified":"2019-06-28T08:56:05","modified_gmt":"2019-06-28T11:56:05","slug":"rodoviaria-plano-piloto-interditada","status":"publish","type":"post","link":"https:\/\/www.brasal.com.br\/veiculos\/blog\/2019\/06\/28\/rodoviaria-plano-piloto-interditada\/","title":{"rendered":"Rodovi\u00e1ria do Plano Piloto corre risco de desabar e afeta o tr\u00e2nsito"},"content":{"rendered":"<div style=\"text-align: justify;\">\n<p>Com\u00a0<strong>fissuras estruturais em expans\u00e3o r\u00e1pida<\/strong>, a\u00a0<strong>Rodovi\u00e1ria do Plano Piloto corre risco grave de desabamento<\/strong>. Para evitar acidentes o governo decidiu interditar completamente o tr\u00e2nsito em uma das vias da plataforma superior da Rodovi\u00e1ria. Desde a tarde de quarta-feira (26\/06), nenhum carro p\u00f4de circular no sentido norte-sul, entre o Conjunto Nacional e o Conic. No sentido sul-norte, o tr\u00e1fego ser\u00e1 proibido para ve\u00edculos pesados.<\/p>\n<p><img decoding=\"async\" loading=\"lazy\" class=\"aligncenter size-full wp-image-2793\" src=\"http:\/\/www.brasal.com.br\/veiculos\/blog\/wp-content\/uploads\/2019\/06\/20190626230810893565o.jpg\" alt=\"\" width=\"820\" height=\"492\" srcset=\"https:\/\/www.brasal.com.br\/veiculos\/blog\/wp-content\/uploads\/2019\/06\/20190626230810893565o.jpg 820w, https:\/\/www.brasal.com.br\/veiculos\/blog\/wp-content\/uploads\/2019\/06\/20190626230810893565o-300x180.jpg 300w, https:\/\/www.brasal.com.br\/veiculos\/blog\/wp-content\/uploads\/2019\/06\/20190626230810893565o-768x461.jpg 768w\" sizes=\"(max-width: 820px) 100vw, 820px\" \/><\/p>\n<p><strong>T\u00e9cnicos do governo vinham fazendo um acompanhamento dos problemas estruturais da Rodovi\u00e1ria<\/strong>\u00a0e, nos \u00faltimos dias, identificaram um agravamento do problema. Fissuras de 0,5cm triplicaram de tamanho.\u00a0 \u201cTemos um laudo indicando que, se as fissuras chegassem a 0,7cm, haveria um grande risco de desmoronamento. Para preservar a popula\u00e7\u00e3o, vamos interditar um dos trechos imediatamente\u201d, explicou Ibaneis Rocha. O governador e t\u00e9cnicos do governo v\u00e3o detalhar o problema logo mais, em uma entrevista coletiva.<\/p>\n<p>Com fluxo de 700 mil pessoas por dia, a Rodovi\u00e1ria \u00e9 uma das edifica\u00e7\u00f5es de maior complexidade arquitet\u00f4nica da capital federal. O terminal central de Brasilia \u00e9 um complexo de viadutos de grandes v\u00e3os e, por conta da movimenta\u00e7\u00e3o intensa de pessoas, a\u00e7\u00f5es preventivas e corretivas geram grandes transtornos \u00e0 opera\u00e7\u00e3o.<\/p>\n<p>Fonte: <a href=\"https:\/\/www.em.com.br\/\">Em<\/a><\/p>\n<div><\/div>\n<\/div>\n","protected":false},"excerpt":{"rendered":"<p>Com\u00a0fissuras estruturais em expans\u00e3o r\u00e1pida, a\u00a0Rodovi\u00e1ria do Plano Piloto corre risco grave de desabamento. Para evitar acidentes o governo decidiu interditar completamente o tr\u00e2nsito em uma das vias da plataforma superior da Rodovi\u00e1ria. Desde a tarde de quarta-feira (26\/06), nenhum carro p\u00f4de circular no sentido norte-sul, entre o Conjunto Nacional e o Conic. No sentido &hellip;<\/p>\n","protected":false},"author":4,"featured_media":2793,"comment_status":"open","ping_status":"open","sticky":false,"template":"","format":"standard","meta":[],"categories":[170],"tags":[62,63,596,597,599,598,114],"_links":{"self":[{"href":"https:\/\/www.brasal.com.br\/veiculos\/blog\/wp-json\/wp\/v2\/posts\/2794"}],"collection":[{"href":"https:\/\/www.brasal.com.br\/veiculos\/blog\/wp-json\/wp\/v2\/posts"}],"about":[{"href":"https:\/\/www.brasal.com.br\/veiculos\/blog\/wp-json\/wp\/v2\/types\/post"}],"author":[{"embeddable":true,"href":"https:\/\/www.brasal.com.br\/veiculos\/blog\/wp-json\/wp\/v2\/users\/4"}],"replies":[{"embeddable":true,"href":"https:\/\/www.brasal.com.br\/veiculos\/blog\/wp-json\/wp\/v2\/comments?post=2794"}],"version-history":[{"count":4,"href":"https:\/\/www.brasal.com.br\/veiculos\/blog\/wp-json\/wp\/v2\/posts\/2794\/revisions"}],"predecessor-version":[{"id":2798,"href":"https:\/\/www.brasal.com.br\/veiculos\/blog\/wp-json\/wp\/v2\/posts\/2794\/revisions\/2798"}],"wp:featuredmedia":[{"embeddable":true,"href":"https:\/\/www.brasal.com.br\/veiculos\/blog\/wp-json\/wp\/v2\/media\/2793"}],"wp:attachment":[{"href":"https:\/\/www.brasal.com.br\/veiculos\/blog\/wp-json\/wp\/v2\/media?parent=2794"}],"wp:term":[{"taxonomy":"category","embeddable":true,"href":"https:\/\/www.brasal.com.br\/veiculos\/blog\/wp-json\/wp\/v2\/categories?post=2794"},{"taxonomy":"post_tag","embeddable":true,"href":"https:\/\/www.brasal.com.br\/veiculos\/blog\/wp-json\/wp\/v2\/tags?post=2794"}],"curies":[{"name":"wp","href":"https:\/\/api.w.org\/{rel}","templated":true}]}}