{"id":2760,"date":"2019-05-10T17:03:08","date_gmt":"2019-05-10T20:03:08","guid":{"rendered":"http:\/\/www.brasal.com.br\/veiculos\/blog\/?p=2760"},"modified":"2019-05-10T17:08:46","modified_gmt":"2019-05-10T20:08:46","slug":"pardais-der-inicia-fiscalizacao-por-velocidade-media-no-df","status":"publish","type":"post","link":"https:\/\/www.brasal.com.br\/veiculos\/blog\/2019\/05\/10\/pardais-der-inicia-fiscalizacao-por-velocidade-media-no-df\/","title":{"rendered":"Pardais: DER inicia fiscaliza\u00e7\u00e3o por velocidade m\u00e9dia no DF"},"content":{"rendered":"<div style=\"text-align: justify;\">\n<p>As a\u00e7\u00f5es de teste s\u00e3o voltadas para redu\u00e7\u00e3o de acidentes e durar\u00e3o dois meses. Condutores poder\u00e3o ser notificados, mas n\u00e3o receber\u00e3o multas.<\/p>\n<p><img decoding=\"async\" loading=\"lazy\" class=\"aligncenter size-full wp-image-2761\" src=\"http:\/\/www.brasal.com.br\/veiculos\/blog\/wp-content\/uploads\/2019\/05\/Pardal-01-Rafaela-Felliciano.jpg\" alt=\"\" width=\"840\" height=\"560\" srcset=\"https:\/\/www.brasal.com.br\/veiculos\/blog\/wp-content\/uploads\/2019\/05\/Pardal-01-Rafaela-Felliciano.jpg 840w, https:\/\/www.brasal.com.br\/veiculos\/blog\/wp-content\/uploads\/2019\/05\/Pardal-01-Rafaela-Felliciano-300x200.jpg 300w, https:\/\/www.brasal.com.br\/veiculos\/blog\/wp-content\/uploads\/2019\/05\/Pardal-01-Rafaela-Felliciano-768x512.jpg 768w\" sizes=\"(max-width: 840px) 100vw, 840px\" \/><\/p>\n<p>O Departamento de Estradas de Rodagem do Distrito Federal (DER-DF) inicia nesta sexta-feira (10\/05\/2019) a fase experimental da fiscaliza\u00e7\u00e3o por velocidade m\u00e9dia em 4 trechos da capital. Na primeira etapa, os motoristas ser\u00e3o avisados por 10 dias que as pistas s\u00e3o monitoradas por esse sistema. Nele,\u00a0os condutores n\u00e3o conseguir\u00e3o se valer do\u00a0m\u00e9todo de\u00a0frear um pouco antes de cada\u00a0radar fixo\u00a0para fugir da\u00a0notifica\u00e7\u00e3o por excesso de velocidade.<\/p>\n<p>Segundo o DER, a tecnologia OCR \u2013 sigla em ingl\u00eas para\u00a0<em>optical character recognition<\/em>\u00a0\u2013 est\u00e1 instalada nos pardais das\u00a0rodovias do DF. Ela permite checar\u00a0a velocidade m\u00e9dia desenvolvida ao longo\u00a0de um trecho a partir da\u00a0leitura e identifica\u00e7\u00e3o da placa em dois pontos sucessivos, com a informa\u00e7\u00e3o do hor\u00e1rio em que os ve\u00edculos cruzam esses locais.<\/p>\n<p>Depois da primeira etapa de testes, quem for flagrado com velocidade m\u00e9dia acima daquela de toler\u00e2ncia da via receber\u00e1 carta de notifica\u00e7\u00e3o sobre o excesso. Esse documento, contudo, <strong>n\u00e3o<\/strong> gerar\u00e1 multa nem perda de pontos na carteira, sendo apenas para advert\u00eancia, conforme destacou a autarquia. As a\u00e7\u00f5es durar\u00e3o at\u00e9 dois meses.<\/p>\n<p>Ser\u00e3o alvo da fiscaliza\u00e7\u00e3o o Eix\u00e3o, a Estrada Parque Pen\u00edsula Norte (EPPN) e a Estrada Parque Ceil\u00e2ndia (EPCL). Confira os trechos que passar\u00e3o por testes:<br \/>\n<img decoding=\"async\" loading=\"lazy\" class=\"aligncenter size-full wp-image-2762\" src=\"http:\/\/www.brasal.com.br\/veiculos\/blog\/wp-content\/uploads\/2019\/05\/velocidade-m\u00e9dia.png\" alt=\"\" width=\"588\" height=\"137\" srcset=\"https:\/\/www.brasal.com.br\/veiculos\/blog\/wp-content\/uploads\/2019\/05\/velocidade-m\u00e9dia.png 588w, https:\/\/www.brasal.com.br\/veiculos\/blog\/wp-content\/uploads\/2019\/05\/velocidade-m\u00e9dia-300x70.png 300w\" sizes=\"(max-width: 588px) 100vw, 588px\" \/>O DER-DF\u00a0disse que a aplica\u00e7\u00e3o de penalidade por meio de velocidade m\u00e9dia ainda n\u00e3o \u00e9 regulamentada. A fiscaliza\u00e7\u00e3o a fim de promover a educa\u00e7\u00e3o no tr\u00e2nsito, contudo, \u00e9 permitida por parecer da Advocacia-Geral da Uni\u00e3o (AGU).<\/p>\n<p>Fonte: <a href=\"https:\/\/www.metropoles.com\/\">Metr\u00f3poles<\/a><\/p>\n<\/div>\n","protected":false},"excerpt":{"rendered":"<p>As a\u00e7\u00f5es de teste s\u00e3o voltadas para redu\u00e7\u00e3o de acidentes e durar\u00e3o dois meses. Condutores poder\u00e3o ser notificados, mas n\u00e3o receber\u00e3o multas. O Departamento de Estradas de Rodagem do Distrito Federal (DER-DF) inicia nesta sexta-feira (10\/05\/2019) a fase experimental da fiscaliza\u00e7\u00e3o por velocidade m\u00e9dia em 4 trechos da capital. Na primeira etapa, os motoristas ser\u00e3o &hellip;<\/p>\n","protected":false},"author":4,"featured_media":2761,"comment_status":"open","ping_status":"open","sticky":false,"template":"","format":"standard","meta":[],"categories":[40],"tags":[55,585,582,265,347,583,584,114,343,586,587],"_links":{"self":[{"href":"https:\/\/www.brasal.com.br\/veiculos\/blog\/wp-json\/wp\/v2\/posts\/2760"}],"collection":[{"href":"https:\/\/www.brasal.com.br\/veiculos\/blog\/wp-json\/wp\/v2\/posts"}],"about":[{"href":"https:\/\/www.brasal.com.br\/veiculos\/blog\/wp-json\/wp\/v2\/types\/post"}],"author":[{"embeddable":true,"href":"https:\/\/www.brasal.com.br\/veiculos\/blog\/wp-json\/wp\/v2\/users\/4"}],"replies":[{"embeddable":true,"href":"https:\/\/www.brasal.com.br\/veiculos\/blog\/wp-json\/wp\/v2\/comments?post=2760"}],"version-history":[{"count":3,"href":"https:\/\/www.brasal.com.br\/veiculos\/blog\/wp-json\/wp\/v2\/posts\/2760\/revisions"}],"predecessor-version":[{"id":2765,"href":"https:\/\/www.brasal.com.br\/veiculos\/blog\/wp-json\/wp\/v2\/posts\/2760\/revisions\/2765"}],"wp:featuredmedia":[{"embeddable":true,"href":"https:\/\/www.brasal.com.br\/veiculos\/blog\/wp-json\/wp\/v2\/media\/2761"}],"wp:attachment":[{"href":"https:\/\/www.brasal.com.br\/veiculos\/blog\/wp-json\/wp\/v2\/media?parent=2760"}],"wp:term":[{"taxonomy":"category","embeddable":true,"href":"https:\/\/www.brasal.com.br\/veiculos\/blog\/wp-json\/wp\/v2\/categories?post=2760"},{"taxonomy":"post_tag","embeddable":true,"href":"https:\/\/www.brasal.com.br\/veiculos\/blog\/wp-json\/wp\/v2\/tags?post=2760"}],"curies":[{"name":"wp","href":"https:\/\/api.w.org\/{rel}","templated":true}]}}