{"id":2671,"date":"2019-01-29T10:22:44","date_gmt":"2019-01-29T12:22:44","guid":{"rendered":"http:\/\/www.brasal.com.br\/veiculos\/blog\/?p=2671"},"modified":"2019-01-29T11:32:54","modified_gmt":"2019-01-29T13:32:54","slug":"ipva-df","status":"publish","type":"post","link":"https:\/\/www.brasal.com.br\/veiculos\/blog\/2019\/01\/29\/ipva-df\/","title":{"rendered":"D\u00favidas frequentes sobre IPVA &#8211; confira."},"content":{"rendered":"<div style=\"text-align: justify;\">\n<p><img decoding=\"async\" loading=\"lazy\" class=\"alignleft wp-image-2676 \" src=\"http:\/\/www.brasal.com.br\/veiculos\/blog\/wp-content\/uploads\/2019\/01\/ipva-2017-e1548765066751.jpg\" alt=\"\" width=\"375\" height=\"231\" srcset=\"https:\/\/www.brasal.com.br\/veiculos\/blog\/wp-content\/uploads\/2019\/01\/ipva-2017-e1548765066751.jpg 463w, https:\/\/www.brasal.com.br\/veiculos\/blog\/wp-content\/uploads\/2019\/01\/ipva-2017-e1548765066751-300x185.jpg 300w\" sizes=\"(max-width: 375px) 100vw, 375px\" \/>A cobran\u00e7a do Imposto sobre a Propriedade de Ve\u00edculos Automotores (<a href=\"http:\/\/g1.globo.com\/carros\/assuntos\/ipva.html\">IPVA<\/a>) come\u00e7a em janeiro em boa parte do pa\u00eds.<br \/>\nO pagamento \u00e9 obrigat\u00f3rio e a al\u00edquota varia conforme o modelo do ve\u00edculo e tamb\u00e9m o estado em que o contribuinte mora. Aqui, reunimos algumas das d\u00favidas frequentes dos propriet\u00e1rios e esperamos que tamb\u00e9m te auxile. Confira:<\/p>\n<ul>\n<li><strong>Qual o valor do IPVA, da taxa de licenciamento e do seguro obrigat\u00f3rio do meu ve\u00edculo?<\/strong><\/li>\n<\/ul>\n<p>&#8211; Os valores separados do IPVA, da Taxa de Licenciamento Anual e do seguro obrigat\u00f3rio est\u00e3o discriminados no carn\u00ea, enviado normalmente at\u00e9 31 de janeiro. Mas tamb\u00e9m podem ser obtidos por estes meios:<br \/>\n&#8211; Internet (www.fazenda.df.gov.br) em: Menu Receita \/ Servi\u00e7os Cidad\u00e3o \/ Ve\u00edculos<br \/>\n&#8211; Telefone \u201c156\u201d, op\u00e7\u00e3o \u201c3&#8243;.<br \/>\n&#8211; Unidade do \u201cNa Hora\u201d ou em uma das Ag\u00eancias\/Posto de Atendimento da Receita, mediante o fornecimento do n\u00ba da placa e do RENAVAM.<\/p>\n<ul>\n<li><strong>Como fa\u00e7o para obter o n\u00famero do RENAVAM?<\/strong><\/li>\n<\/ul>\n<p class=\"western\" align=\"justify\"><span style=\"color: #000000;\">O n\u00famero do RENAVAM consta no carn\u00ea do IPVA dos exerc\u00edcios anteriores e no CRLV &#8211; Certificado de Registro e Licenciamento de Ve\u00edculo.<br \/>\n<\/span><\/p>\n<ul>\n<li><strong>Como \u00e9 calculado o valor do IPVA?<\/strong><\/li>\n<\/ul>\n<p class=\"western\" align=\"justify\">O valor do IPVA \u00e9 calculado aplicando sobre a base c\u00e1lculo (o valor venal) a al\u00edquota estabelecida para cada tipo de ve\u00edculo, conforme a norma constante no art. 10 \u00ba do <span style=\"color: #0000ff;\"><u><a class=\"western\" href=\"http:\/\/www.fazenda.df.gov.br\/aplicacoes\/legislacao\/legislacao\/TelaSaidaDocumento.cfm?txtNumero=34024&amp;txtAno=2012&amp;txtTipo=6&amp;txtParte=.\"><span style=\"font-size: small;\">Dec. 34.024\/2012<\/span><\/a><\/u><\/span>.<\/p>\n<p class=\"western\" align=\"justify\">Por exemplo: ve\u00edculo de passeio, cujo valor de mercado seja R$ 20.000,00.<br \/>\nAl\u00edquota para autom\u00f3vel de passeio \u2013 3,5%.<br \/>\nIPVA = R$ 20.000,00 x 3,5% = R$ 700,00 (cota \u00fanica) ou em 4 cotas.<\/p>\n<ul>\n<li><strong>Quais as datas de vencimento do IPVA\/19?<\/strong><\/li>\n<\/ul>\n<p class=\"western\" align=\"justify\"><span style=\"color: #000000;\"><img decoding=\"async\" loading=\"lazy\" class=\"aligncenter size-full wp-image-2674\" src=\"http:\/\/www.brasal.com.br\/veiculos\/blog\/wp-content\/uploads\/2019\/01\/Capturar.png\" alt=\"\" width=\"669\" height=\"469\" srcset=\"https:\/\/www.brasal.com.br\/veiculos\/blog\/wp-content\/uploads\/2019\/01\/Capturar.png 669w, https:\/\/www.brasal.com.br\/veiculos\/blog\/wp-content\/uploads\/2019\/01\/Capturar-300x210.png 300w\" sizes=\"(max-width: 669px) 100vw, 669px\" \/><\/span><\/p>\n<p align=\"justify\">O IPVA pode ser parcelado em at\u00e9 4x iguais, desde que o valor n\u00e3o fique abaixo dos R$50. Com isso, se o imposto de 2019 for menor que R$ 100, o boleto deve ser pago em parcela \u00fanica.<\/p>\n<\/div>\n<ul>\n<li><strong><strong>Quem tem direito \u00e0 ISEN\u00c7\u00c3O do pagamento do IPVA?<br \/>\n<\/strong><\/strong>S\u00e3o isentos do pagamento do imposto:<\/li>\n<\/ul>\n<p align=\"justify\"><span style=\"font-family: Arial Unicode MS, sans-serif;\"><span style=\"color: #0000ff;\"><u><a class=\"western\" href=\"http:\/\/admsefaz\/aplicacoes\/legislacao\/legislacao\/TelaSaidaDocumento.cfm?txtNumero=4733&amp;txtAno=2011&amp;txtTipo=5&amp;txtParte=.\"><span style=\"font-family: Times New Roman, serif;\">Lei 4733\/11<\/span><\/a><\/u><\/span><\/span><\/p>\n<p><strong>I &#8211; Ve\u00edculo automotor, no ano de sua aquisi\u00e7\u00e3o.<\/strong><\/p>\n<div style=\"text-align: justify;\"><b>OBS:\u00a0<\/b><strong>a) Isen\u00e7\u00e3o validade de 1\u00ba de janeiro de 2012 at\u00e9 31 de dezembro de 2019.<\/strong><br \/>\n<strong>b) Para frui\u00e7\u00e3o da isen\u00e7\u00e3o condiciona-se ao atendimento das seguintes condi\u00e7\u00f5es:<\/strong><br \/>\n<strong>\u2013 o ve\u00edculo deve ter sido adquirido, por consumidor final, de estabelecimento revendedor localizado no Distrito Federal, que esteja em situa\u00e7\u00e3o regular perante a Fazenda P\u00fablica do Distrito Federal;<\/strong><br \/>\n<strong>\u2013 o contribuinte benefici\u00e1rio n\u00e3o pode estar inscrito na d\u00edvida ativa do Distrito Federal;<\/strong><br \/>\n<strong>\u2013 o contribuinte benefici\u00e1rio, quando for pessoa jur\u00eddica, tem de comprovar regularidade junto \u00e0 Seguridade Social, ao Fundo de Garantia por Tempo de Servi\u00e7o e \u00e0 Fazenda P\u00fablica do Distrito Federal.<\/strong><\/p>\n<div style=\"text-align: justify;\">\n<p class=\"western\" align=\"justify\"><u>Notas<\/u>:<br \/>\n1. Para ter direito \u00e0 isen\u00e7\u00e3o, os d\u00e9bitos inscritos em d\u00edvida ativa devem ser quitados antes da aquisi\u00e7\u00e3o do ve\u00edculo (<i>d\u00e9bitos n\u00e3o inscritos em d\u00edvida ativa n\u00e3o impedem esta isen\u00e7\u00e3o<\/i>);<br \/>\n2. Ve\u00edculos <u>importados<\/u> somente ter\u00e3o direito \u00e0 isen\u00e7\u00e3o se forem adquiridos em revendedor localizado no DF.<\/p>\n<p><span style=\"font-family: Arial Unicode MS, sans-serif;\"><span style=\"color: #0000ff;\"><u><a class=\"western\" href=\"http:\/\/www.fazenda.df.gov.br\/aplicacoes\/legislacao\/legislacao\/TelaSaidaDocumento.cfm?txtNumero=4727&amp;txtAno=2011&amp;txtTipo=5&amp;txtParte=.\"><span style=\"font-family: Times New Roman, serif;\">Lei n\u00ba 4.727\/11<\/span><\/a><\/u><\/span><span style=\"font-family: Times New Roman, serif;\">:<br \/>\n<\/span><\/span><br \/>\nI \u2013 o trator de roda, o trator de esteira ou o trator misto destinado \u00e0 execu\u00e7\u00e3o de trabalho agr\u00edcola ou de terraplanagem, desde que transitem apenas na propriedade ou nas \u00e1reas em que s\u00e3o utilizados;<br \/>\nII \u2013 os ve\u00edculos pertencentes \u00e0s miss\u00f5es diplom\u00e1ticas e aos membros do corpo diplom\u00e1tico acreditados junto ao Governo brasileiro, bem como os pertencentes aos funcion\u00e1rios estrangeiros das mencionadas miss\u00f5es, sob condi\u00e7\u00e3o de reciprocidade no pa\u00eds sede da miss\u00e3o considerada;<br \/>\nIII \u2013 os ve\u00edculos pertencentes aos organismos internacionais com representa\u00e7\u00e3o no Distrito Federal, bem como os pertencentes aos funcion\u00e1rios estrangeiros dos mencionados organismos, sob condi\u00e7\u00e3o de reciprocidade no pa\u00eds-sede do organismo considerado;<br \/>\nIV \u2013 os ve\u00edculos destinados ao transporte p\u00fablico de pessoas comprovadamente registrados na categoria aluguel (t\u00e1xis), quando pertencentes a profissionais aut\u00f4nomos ou cooperativas de motoristas;<br \/>\nV \u2013 o ve\u00edculo de propriedade de pessoa portadora de defici\u00eancia f\u00edsica, visual ou mental severa ou profunda, ou autista, observado o seguinte:<br \/>\na) para os efeitos desta Lei, \u00e9 considerada pessoa portadora de:<br \/>\n1) defici\u00eancia f\u00edsica.<br \/>\n2) defici\u00eancia visual.<br \/>\nb) o ve\u00edculo automotor dever\u00e1 ser adquirido diretamente pelo portador da defici\u00eancia f\u00edsica e, no caso do interdito, pelo curador;<br \/>\nc) adotar-se-\u00e1 a defini\u00e7\u00e3o dada no ato conjunto editado pela Secretaria Especial dos Direitos Humanos da Presid\u00eancia da Rep\u00fablica e pelo Minist\u00e9rio da Sa\u00fade, de que trata o art. 1\u00ba, \u00a7 4\u00ba, da Lei n\u00ba 8.989, de 24 de fevereiro de 1995, na reda\u00e7\u00e3o dada pela Lei n\u00ba 10.690, de 16 de junho de 2003, para fins de conceitua\u00e7\u00e3o de pessoa portadora de defici\u00eancia mental severa ou profunda, ou autista, bem como normas e requisitos para emiss\u00e3o dos laudos de avalia\u00e7\u00e3o;<br \/>\nd) o curador responde solidariamente quanto ao imposto que deixar de ser pago em raz\u00e3o da isen\u00e7\u00e3o de que trata este inciso;<br \/>\ne) admitir-se-\u00e3o como adapta\u00e7\u00e3o especial, no que se refere \u00e0 al\u00ednea a, n\u00famero 1, o c\u00e2mbio autom\u00e1tico ou hidram\u00e1tico e a dire\u00e7\u00e3o hidr\u00e1ulica;<\/p>\n<p><b>OBS:\u00a0<\/b>&#8211; o benef\u00edcio neste caso limita-se a um ve\u00edculo por contribuinte;<br \/>\n&#8211; os profissionais aut\u00f4nomos j\u00e1 contemplados, respectivamente, com as isen\u00e7\u00f5es, poder\u00e3o obter o benef\u00edcio para ve\u00edculo novo no ano da aquisi\u00e7\u00e3o, caso em que cessar\u00e3o os efeitos da isen\u00e7\u00e3o sobre o ve\u00edculo usado, a partir da data de aquisi\u00e7\u00e3o do ve\u00edculo novo.<\/p>\n<p>VI \u2013 exclusivamente no primeiro exerc\u00edcio da aquisi\u00e7\u00e3o, os \u00f4nibus e micro\u00f4nibus novos destinados ao transporte p\u00fablico coletivo urbano, assim entendido aquele prestado mediante concess\u00e3o ou permiss\u00e3o e fiscaliza\u00e7\u00e3o do Poder P\u00fablico;<br \/>\nVII \u2013 os \u00f3rg\u00e3os que comp\u00f5em a estrutura da seguran\u00e7a p\u00fablica do Distrito Federal (Pol\u00edcia Civil, Pol\u00edcia Militar, Corpo de Bombeiros Militar e Departamento de Tr\u00e2nsito do Distrito Federal), bem como a administra\u00e7\u00e3o direta e indireta, aut\u00e1rquica e fundacional do Distrito Federal;<br \/>\nVIII \u2013 os ve\u00edculos com tempo de uso superior a 15 (quinze) anos;<br \/>\nIX \u2013 as pessoas jur\u00eddicas que cederem gratuitamente ve\u00edculos de sua propriedade ao Programa de Assist\u00eancia ao Cidad\u00e3o Carente do Distrito Federal \u2013 PACC, criado pela Lei n\u00ba 2.349, de 22 de abril de 1999, no percentual de cinquenta por cento, relativamente aos ve\u00edculos cedidos;<br \/>\nX \u2013 os ciclomotores, as motocicletas e as motonetas destinadas \u00e0 presta\u00e7\u00e3o do servi\u00e7o de coleta, transporte e entrega de pequenas cargas e documentos, denominado motofrete.<br \/>\nXI \u2013 os \u00f4nibus, micro\u00f4nibus e outros ve\u00edculos destinados ao transporte coletivo escolar, regularmente registrados junto ao Departamento de Tr\u00e2nsito do Distrito Federal &#8211; DETRAN\/DF na categoria escolar.<\/p>\n<ul>\n<li><strong>Quem tem direito \u00e0 imunidade ou \u00e0 n\u00e3o-incid\u00eancia do IPVA?<\/strong><\/li>\n<\/ul>\n<p align=\"justify\"><strong>A<\/strong> &#8211; Aplica-se a n\u00e3o-incid\u00eancia constitucional (imunidade) aos ve\u00edculos:<br \/>\nI &#8211; da Uni\u00e3o, dos Estados, do Distrito Federal e dos Munic\u00edpios;<br \/>\nII &#8211; das Autarquias e das Funda\u00e7\u00f5es institu\u00eddas e mantidas pelo Poder P\u00fablico, unicamente quando vinculado \u00e0s suas finalidades essenciais.<br \/>\nIII &#8211; dos templos, dos partidos pol\u00edticos e das entidades sindicais dos trabalhadores, unicamente quando vinculado \u00e0s suas finalidades essenciais;<br \/>\nIV &#8211; das institui\u00e7\u00f5es de educa\u00e7\u00e3o ou de assist\u00eancia social, sem fins lucrativos, unicamente quando vinculado \u00e0s suas finalidades essenciais e desde que:<br \/>\na) n\u00e3o distribuam parcela do seu patrim\u00f4nio ou de suas rendas;<br \/>\nb) apliquem integralmente no Pa\u00eds os seus recursos, na manuten\u00e7\u00e3o dos seus objetivos institucionais;<br \/>\nc) mantenham escritura\u00e7\u00e3o de suas receitas e despesas em livro revestido de formalidades capazes de assegurar a sua exatid\u00e3o;<\/p>\n<ul>\n<li><strong>No caso de transfer\u00eancia de ve\u00edculo de outra Unidade da Federa\u00e7\u00e3o, \u00e9 devido IPVA ao Distrito Federal?<\/strong><\/li>\n<\/ul>\n<p>O ve\u00edculo para ser transferido de outra Unidade da Federa\u00e7\u00e3o para o Distrito Federal dever\u00e1 ter o IPVA quitado em seu Estado de origem. N\u00e3o ser\u00e1 aceita a transfer\u00eancia do ve\u00edculo, quando houver parcelas do IPVA em aberto, ainda que n\u00e3o vencidas.<\/p>\n<p class=\"western\" align=\"justify\">Para o ve\u00edculo que em seu Estado era contemplado pela isen\u00e7\u00e3o ou n\u00e3o-incid\u00eancia e que n\u00e3o ter\u00e1 direito a este benef\u00edcio no Distrito Federal, dever\u00e1 ser recolhido o IPVA proporcional aos meses restantes para o final do exerc\u00edcio.<\/p>\n<ul>\n<li><strong>Como \u00e9 feito o pagamento do IPVA de ve\u00edculo recuperado de roubo\/furto?<\/strong><\/li>\n<\/ul>\n<p align=\"justify\">Ser\u00e3o pagos em cota \u00fanica ou em at\u00e9 tr\u00eas parcelas desde que essas ven\u00e7am dentro do exerc\u00edcio de recupera\u00e7\u00e3o do ve\u00edculo. A primeira parcela ou cota \u00fanica com vencimento em 30 (trinta) dias contados da recupera\u00e7\u00e3o.<\/p>\n<ul>\n<li><strong>Onde s\u00e3o investidos os valores arrecadados com IPVA?<\/strong><\/li>\n<\/ul>\n<p class=\"western\" align=\"justify\">Parcela do que \u00e9 arrecadado com <u>impostos<\/u> \u00e9 obrigatoriamente investido em a\u00e7\u00f5es e servi\u00e7os p\u00fablicos de sa\u00fade, manuten\u00e7\u00e3o e desenvolvimento do ensino e no Fundo de Desenvolvimento da Educa\u00e7\u00e3o B\u00e1sica &#8211; FUNDEB, conforme previsto na Constitui\u00e7\u00e3o Federal. A parcela da arrecada\u00e7\u00e3o do IPVA, livre da vincula\u00e7\u00e3o constitucional, destina-se a custear todos os servi\u00e7os e investimentos p\u00fablicos do Distrito Federal de uma forma geral, sem quaisquer outras vincula\u00e7\u00f5es. Poder\u00e3o custear realiza\u00e7\u00f5es na \u00e1rea de educa\u00e7\u00e3o, sa\u00fade, seguran\u00e7a, transporte e desenvolvimento econ\u00f4mico e social, etc.<\/p>\n<ul>\n<li><strong>N\u00e3o encontrei resposta para a minha d\u00favida. O que posso fazer?<\/strong><\/li>\n<\/ul>\n<p class=\"western\" align=\"justify\">Envie sua d\u00favida para a Secretaria de Estado de Fazenda<b> <\/b>acessando <span style=\"color: #0000ff;\"><u><a class=\"western\" href=\"http:\/\/www.fazenda.df.gov.br\/\">www.fazenda.df.gov.br\u00a0<\/a><\/u><\/span>ou ligue para a Central\u00a0156: disque &#8220;<strong>156<\/strong>&#8221; e selecione a op\u00e7\u00e3o &#8220;<strong>3<\/strong>&#8221; Secretaria de Estado de Fazenda. Para liga\u00e7\u00f5es interurbanas o n\u00famero \u00e9 <strong>0800 644 0156<\/strong>. Este servi\u00e7o est\u00e1 dispon\u00edvel de segunda a sexta-feira, das 7h \u00e0s 19h, exceto feriados.<\/p>\n<p align=\"justify\"><span style=\"font-family: Arial Unicode MS, sans-serif;\"><span style=\"font-family: Times New Roman, serif;\">\u00a0Fonte: <a href=\"http:\/\/www.fazenda.df.gov.br\">Secretaria de Estado da Fazenda<\/a><\/span><\/span><\/p>\n<p>&nbsp;<\/p>\n<div style=\"text-align: justify;\">\n<p><img decoding=\"async\" class=\"aligncenter size-full wp-image-2673\" src=\"http:\/\/www.brasal.com.br\/veiculos\/blog\/wp-content\/uploads\/2019\/01\/datas-placas-ipva-2019-agencia-brasilia.gif\" alt=\"\" \/><\/p>\n<\/div>\n<\/div>\n<\/div>\n","protected":false},"excerpt":{"rendered":"<p>A cobran\u00e7a do Imposto sobre a Propriedade de Ve\u00edculos Automotores (IPVA) come\u00e7a em janeiro em boa parte do pa\u00eds. O pagamento \u00e9 obrigat\u00f3rio e a al\u00edquota varia conforme o modelo do ve\u00edculo e tamb\u00e9m o estado em que o contribuinte mora. Aqui, reunimos algumas das d\u00favidas frequentes dos propriet\u00e1rios e esperamos que tamb\u00e9m te auxile. &hellip;<\/p>\n","protected":false},"author":4,"featured_media":2676,"comment_status":"open","ping_status":"open","sticky":false,"template":"","format":"standard","meta":[],"categories":[170],"tags":[55,171,563,63,264,559,562,560,561],"_links":{"self":[{"href":"https:\/\/www.brasal.com.br\/veiculos\/blog\/wp-json\/wp\/v2\/posts\/2671"}],"collection":[{"href":"https:\/\/www.brasal.com.br\/veiculos\/blog\/wp-json\/wp\/v2\/posts"}],"about":[{"href":"https:\/\/www.brasal.com.br\/veiculos\/blog\/wp-json\/wp\/v2\/types\/post"}],"author":[{"embeddable":true,"href":"https:\/\/www.brasal.com.br\/veiculos\/blog\/wp-json\/wp\/v2\/users\/4"}],"replies":[{"embeddable":true,"href":"https:\/\/www.brasal.com.br\/veiculos\/blog\/wp-json\/wp\/v2\/comments?post=2671"}],"version-history":[{"count":18,"href":"https:\/\/www.brasal.com.br\/veiculos\/blog\/wp-json\/wp\/v2\/posts\/2671\/revisions"}],"predecessor-version":[{"id":2693,"href":"https:\/\/www.brasal.com.br\/veiculos\/blog\/wp-json\/wp\/v2\/posts\/2671\/revisions\/2693"}],"wp:featuredmedia":[{"embeddable":true,"href":"https:\/\/www.brasal.com.br\/veiculos\/blog\/wp-json\/wp\/v2\/media\/2676"}],"wp:attachment":[{"href":"https:\/\/www.brasal.com.br\/veiculos\/blog\/wp-json\/wp\/v2\/media?parent=2671"}],"wp:term":[{"taxonomy":"category","embeddable":true,"href":"https:\/\/www.brasal.com.br\/veiculos\/blog\/wp-json\/wp\/v2\/categories?post=2671"},{"taxonomy":"post_tag","embeddable":true,"href":"https:\/\/www.brasal.com.br\/veiculos\/blog\/wp-json\/wp\/v2\/tags?post=2671"}],"curies":[{"name":"wp","href":"https:\/\/api.w.org\/{rel}","templated":true}]}}