{"id":2662,"date":"2019-01-18T10:59:28","date_gmt":"2019-01-18T12:59:28","guid":{"rendered":"http:\/\/www.brasal.com.br\/veiculos\/blog\/?p=2662"},"modified":"2019-01-18T11:02:58","modified_gmt":"2019-01-18T13:02:58","slug":"grupo-volkswagen-lidera-vendas-globais-de-2018-toyota-e-renault-nissan-completam-o-podio","status":"publish","type":"post","link":"https:\/\/www.brasal.com.br\/veiculos\/blog\/2019\/01\/18\/grupo-volkswagen-lidera-vendas-globais-de-2018-toyota-e-renault-nissan-completam-o-podio\/","title":{"rendered":"Grupo Volkswagen lidera vendas globais de 2018; Toyota e Renault-Nissan completam o p\u00f3dio"},"content":{"rendered":"<div style=\"text-align: justify;\">\n<p>A consultoria automotiva\u00a0<a href=\"https:\/\/focus2move.com\/\" target=\"_blank\" rel=\"noopener\">Focus2Move<\/a>\u00a0divulgou nesta quarta-feira (16\/01) o balan\u00e7o das maiores fabricantes de autom\u00f3veis do mundo no consolidado de 2018. Na lideran\u00e7a est\u00e1 o Grupo Volkswagen com 10.830.625 ve\u00edculos comercializados nos doze meses \u2013 volume 2,2% maior que o do mesmo per\u00edodo de 2017.<\/p>\n<p>Al\u00e9m da pr\u00f3pria Volkswagen, o grupo \u00e9 formado pelas marcas Audi, Bentley, Bugatti, Ducati, Lamborghini, MAN, Porsche, Scania, Seat, Skoda e Volkswagen Ve\u00edculos Comerciais.<\/p>\n<p>Na vice-lideran\u00e7a, por\u00e9m muito pr\u00f3ximo da campe\u00e3, est\u00e1 o Grupo Toyota com 10.520.655 ve\u00edculos vendidos e avan\u00e7o de 2,2% comparado ao ano anterior. O conglomerado japon\u00eas engloba, al\u00e9m da pr\u00f3pria Toyota, as marcas Daihatsu, Hino (ve\u00edculos comerciais), Lexus e participa\u00e7\u00f5es na Subaru, Isuzu, Yamaha, Tesla Motors e joint-ventures na China.<\/p>\n<p>A\u00a0Alian\u00e7a Renault-Nissan completa o p\u00f3dio com vendas tamb\u00e9m na casa de 10 milh\u00f5es de unidades. Foram exatos 10.360.992 ve\u00edculos comercializados mundialmente \u2013 apenas 1,3% mais que em 2017.O grupo controla ainda as marcas Alpine, Dacia, Datsun, Infiniti, Lada, Mitsubishi, Renault Samsung e Venucia.<\/p>\n<p>Veja abaixo o ranking dos maiores fabricantes de 2018:<\/p>\n<p><img decoding=\"async\" loading=\"lazy\" class=\"size-full wp-image-2663 alignleft\" src=\"http:\/\/www.brasal.com.br\/veiculos\/blog\/wp-content\/uploads\/2019\/01\/Capturar.jpg\" alt=\"\" width=\"607\" height=\"487\" srcset=\"https:\/\/www.brasal.com.br\/veiculos\/blog\/wp-content\/uploads\/2019\/01\/Capturar.jpg 607w, https:\/\/www.brasal.com.br\/veiculos\/blog\/wp-content\/uploads\/2019\/01\/Capturar-300x241.jpg 300w\" sizes=\"(max-width: 607px) 100vw, 607px\" \/><\/p>\n<\/div>\n<div><\/div>\n<div><\/div>\n<div><\/div>\n<div><\/div>\n<div><\/div>\n<div><\/div>\n<div><\/div>\n<div><\/div>\n<div><\/div>\n<div><\/div>\n<div><\/div>\n<div><\/div>\n<div><\/div>\n<div><\/div>\n<div><\/div>\n<div><\/div>\n<div><\/div>\n<div><\/div>\n<div><\/div>\n<div><\/div>\n<div><\/div>\n<div>Fonte: <a href=\"https:\/\/www.assobrav.com.br\/\">Assobrav<\/a><\/div>\n","protected":false},"excerpt":{"rendered":"<p>A consultoria automotiva\u00a0Focus2Move\u00a0divulgou nesta quarta-feira (16\/01) o balan\u00e7o das maiores fabricantes de autom\u00f3veis do mundo no consolidado de 2018. Na lideran\u00e7a est\u00e1 o Grupo Volkswagen com 10.830.625 ve\u00edculos comercializados nos doze meses \u2013 volume 2,2% maior que o do mesmo per\u00edodo de 2017. Al\u00e9m da pr\u00f3pria Volkswagen, o grupo \u00e9 formado pelas marcas Audi, Bentley, &hellip;<\/p>\n","protected":false},"author":4,"featured_media":2665,"comment_status":"open","ping_status":"open","sticky":false,"template":"","format":"standard","meta":[],"categories":[170],"tags":[268,171,557,367,558,99,54],"_links":{"self":[{"href":"https:\/\/www.brasal.com.br\/veiculos\/blog\/wp-json\/wp\/v2\/posts\/2662"}],"collection":[{"href":"https:\/\/www.brasal.com.br\/veiculos\/blog\/wp-json\/wp\/v2\/posts"}],"about":[{"href":"https:\/\/www.brasal.com.br\/veiculos\/blog\/wp-json\/wp\/v2\/types\/post"}],"author":[{"embeddable":true,"href":"https:\/\/www.brasal.com.br\/veiculos\/blog\/wp-json\/wp\/v2\/users\/4"}],"replies":[{"embeddable":true,"href":"https:\/\/www.brasal.com.br\/veiculos\/blog\/wp-json\/wp\/v2\/comments?post=2662"}],"version-history":[{"count":2,"href":"https:\/\/www.brasal.com.br\/veiculos\/blog\/wp-json\/wp\/v2\/posts\/2662\/revisions"}],"predecessor-version":[{"id":2666,"href":"https:\/\/www.brasal.com.br\/veiculos\/blog\/wp-json\/wp\/v2\/posts\/2662\/revisions\/2666"}],"wp:featuredmedia":[{"embeddable":true,"href":"https:\/\/www.brasal.com.br\/veiculos\/blog\/wp-json\/wp\/v2\/media\/2665"}],"wp:attachment":[{"href":"https:\/\/www.brasal.com.br\/veiculos\/blog\/wp-json\/wp\/v2\/media?parent=2662"}],"wp:term":[{"taxonomy":"category","embeddable":true,"href":"https:\/\/www.brasal.com.br\/veiculos\/blog\/wp-json\/wp\/v2\/categories?post=2662"},{"taxonomy":"post_tag","embeddable":true,"href":"https:\/\/www.brasal.com.br\/veiculos\/blog\/wp-json\/wp\/v2\/tags?post=2662"}],"curies":[{"name":"wp","href":"https:\/\/api.w.org\/{rel}","templated":true}]}}