{"id":2657,"date":"2019-01-15T14:40:21","date_gmt":"2019-01-15T16:40:21","guid":{"rendered":"http:\/\/www.brasal.com.br\/veiculos\/blog\/?p=2657"},"modified":"2019-01-15T14:40:21","modified_gmt":"2019-01-15T16:40:21","slug":"confirmado-nova-geracao-da-vw-amarok-sera-derivada-da-ford-ranger","status":"publish","type":"post","link":"https:\/\/www.brasal.com.br\/veiculos\/blog\/2019\/01\/15\/confirmado-nova-geracao-da-vw-amarok-sera-derivada-da-ford-ranger\/","title":{"rendered":"Confirmado: nova gera\u00e7\u00e3o da VW Amarok ser\u00e1 derivada da Ford Ranger"},"content":{"rendered":"<p><img decoding=\"async\" loading=\"lazy\" class=\"size-full wp-image-2658 aligncenter\" src=\"http:\/\/www.brasal.com.br\/veiculos\/blog\/wp-content\/uploads\/2019\/01\/ranger-amarok1.jpg\" alt=\"\" width=\"1553\" height=\"1037\" srcset=\"https:\/\/www.brasal.com.br\/veiculos\/blog\/wp-content\/uploads\/2019\/01\/ranger-amarok1.jpg 1553w, https:\/\/www.brasal.com.br\/veiculos\/blog\/wp-content\/uploads\/2019\/01\/ranger-amarok1-300x200.jpg 300w, https:\/\/www.brasal.com.br\/veiculos\/blog\/wp-content\/uploads\/2019\/01\/ranger-amarok1-768x513.jpg 768w, https:\/\/www.brasal.com.br\/veiculos\/blog\/wp-content\/uploads\/2019\/01\/ranger-amarok1-1024x684.jpg 1024w\" sizes=\"(max-width: 1553px) 100vw, 1553px\" \/><\/p>\n<div style=\"text-align: justify;\">Ford e Volkswagen anunciaram os detalhes de sua alian\u00e7a global.<\/p>\n<p>Agora est\u00e1 definido que as duas fabricantes\u00a0desenvolver\u00e3o vans comerciais e pickups m\u00e9dias em conjunto, e pretendem colaborar entre si no desenvolvimento de ve\u00edculos el\u00e9tricos, aut\u00f4nomos e de servi\u00e7os de mobilidade.<\/p>\n<p>Os resultados do esfor\u00e7o conjunto das duas fabricantes dever\u00e1 ser visto a partir de 2022, quando os primeiros modelos desenvolvidos em conjunto chegar\u00e3o \u00e0s concession\u00e1rias. O principal objetivo desta alian\u00e7a \u00e9 dividir custos de desenvolvimento, obter economia de escala e aumentar a competitividade e a capacidade produtiva de seus ve\u00edculos comerciais, mas mantendo a identidade de cada marca.<\/p>\n<h3>Amarok com base de Ranger<\/h3>\n<p>Conta-se que a cerca que separa as f\u00e1bricas da Volkswagen e Ford na avenida Henry Ford, em General Pacheco, Argentina, j\u00e1 come\u00e7ou a ser derrubada. Isso porque o local ser\u00e1 pe\u00e7a chave para a nova alian\u00e7a na Am\u00e9rica Latina.<\/p>\n<div class=\"content-image aligncenter wp-caption\">\n<div class=\"image\"><a href=\"https:\/\/abrilquatrorodas.files.wordpress.com\/2019\/01\/automotriz.jpg?quality=70&amp;strip=info&amp;strip=info\"><img decoding=\"async\" loading=\"lazy\" class=\"size-full wp-image-195331\" title=\"automotriz\" src=\"https:\/\/abrilquatrorodas.files.wordpress.com\/2019\/01\/automotriz.jpg?quality=70&amp;strip=info&amp;strip=info\" sizes=\"(max-width: 800px) 100vw, 800px\" srcset=\"https:\/\/abrilquatrorodas.files.wordpress.com\/2019\/01\/automotriz.jpg?quality=70&amp;strip=info 800w, https:\/\/abrilquatrorodas.files.wordpress.com\/2019\/01\/automotriz.jpg?quality=70&amp;strip=info 150w, https:\/\/abrilquatrorodas.files.wordpress.com\/2019\/01\/automotriz.jpg?quality=70&amp;strip=info 300w, https:\/\/abrilquatrorodas.files.wordpress.com\/2019\/01\/automotriz.jpg?quality=70&amp;strip=info 768w, https:\/\/abrilquatrorodas.files.wordpress.com\/2019\/01\/automotriz.jpg?quality=70&amp;strip=info 650w\" alt=\"\" width=\"800\" height=\"483\" border=\"0\" data-attachment-id=\"195331\" data-permalink=\"https:\/\/quatrorodas.abril.com.br\/noticias\/confirmado-nova-geracao-da-vw-amarok-sera-derivada-da-ford-ranger\/attachment\/automotriz\/\" data-orig-file=\"https:\/\/abrilquatrorodas.files.wordpress.com\/2019\/01\/automotriz.jpg?quality=70&amp;strip=info\" data-orig-size=\"800,483\" data-comments-opened=\"1\" data-image-meta=\"{&quot;aperture&quot;:&quot;0&quot;,&quot;credit&quot;:&quot;&quot;,&quot;camera&quot;:&quot;&quot;,&quot;caption&quot;:&quot;&quot;,&quot;created_timestamp&quot;:&quot;0&quot;,&quot;copyright&quot;:&quot;&quot;,&quot;focal_length&quot;:&quot;0&quot;,&quot;iso&quot;:&quot;0&quot;,&quot;shutter_speed&quot;:&quot;0&quot;,&quot;title&quot;:&quot;&quot;,&quot;orientation&quot;:&quot;0&quot;}\" data-image-title=\"automotriz\" data-image-description=\"\" data-medium-file=\"https:\/\/abrilquatrorodas.files.wordpress.com\/2019\/01\/automotriz.jpg?quality=70&amp;strip=info&amp;w=300\" data-large-file=\"https:\/\/abrilquatrorodas.files.wordpress.com\/2019\/01\/automotriz.jpg?quality=70&amp;strip=info&amp;w=650\" data-restrict=\"false\" data-portal-copyright=\"Reprodu\u00e7\u00e3o\" data-image-caption=\"Ford e Volkswagen s\u00e3o vizinhas na Argentina\" data-image-source=\"Internet\" \/><\/a>\u00a0 \u00a0 \u00a0 \u00a0 \u00a0 \u00a0 \u00a0 \u00a0 \u00a0 \u00a0 Ford e Volkswagen s\u00e3o vizinhas na Argentina\u00a0(Reprodu\u00e7\u00e3o\/Internet)<\/div>\n<\/div>\n<p>Heran\u00e7as dos tempos da\u00a0<a href=\"https:\/\/quatrorodas.abril.com.br\/noticias\/ford-firma-acordo-de-cooperacao-com-a-volkswagen\/\" target=\"_blank\" rel=\"noopener\">joint-venture Autolatina<\/a>, que existiu entre 1987 e 1996, as f\u00e1bricas vizinhas produzem as picapes m\u00e9dias das duas empresas.<\/p>\n<p>As pr\u00f3ximas gera\u00e7\u00f5es de Volkswagen Amarok e Ford Ranger, previstas para 2022, usar\u00e3o o mesmo chassi, que ser\u00e1 desenvolvido pela Ford.<\/p>\n<h3>Kombi da Ford<\/h3>\n<p>A Volkswagen Transporter vendida hoje na Europa nada mais \u00e9 do que a sexta gera\u00e7\u00e3o da saudosa\u00a0<a href=\"https:\/\/quatrorodas.abril.com.br\/carros\/volkswagen-kombi\/\" target=\"_blank\" rel=\"noopener\">Kombi<\/a>. Com esta alian\u00e7a global, Ford Transit e Volkswagen Transporter ser\u00e3o derivadas do mesmo projeto, cujo desenvolvimento ficar\u00e1 sob responsabilidade da Ford.<\/p>\n<div class=\"content-image aligncenter wp-caption\" style=\"width: 720px;\">\n<div class=\"image\"><a href=\"https:\/\/abrilquatrorodas.files.wordpress.com\/2019\/01\/2018-volkswagen-t6-transporter-california-press-720x720.jpg?quality=70&amp;strip=info&amp;strip=info\"><img decoding=\"async\" loading=\"lazy\" class=\" wp-image-195332\" title=\"2018-volkswagen-t6-transporter-california-press-720\u00d7720\" src=\"https:\/\/abrilquatrorodas.files.wordpress.com\/2019\/01\/2018-volkswagen-t6-transporter-california-press-720x720.jpg?quality=70&amp;strip=info&amp;strip=info\" sizes=\"(max-width: 720px) 100vw, 720px\" srcset=\"https:\/\/abrilquatrorodas.files.wordpress.com\/2019\/01\/2018-volkswagen-t6-transporter-california-press-720x720.jpg?quality=70&amp;strip=info 720w, https:\/\/abrilquatrorodas.files.wordpress.com\/2019\/01\/2018-volkswagen-t6-transporter-california-press-720x720.jpg?quality=70&amp;strip=info 150w, https:\/\/abrilquatrorodas.files.wordpress.com\/2019\/01\/2018-volkswagen-t6-transporter-california-press-720x720.jpg?quality=70&amp;strip=info 300w, https:\/\/abrilquatrorodas.files.wordpress.com\/2019\/01\/2018-volkswagen-t6-transporter-california-press-720x720.jpg?quality=70&amp;strip=info 650w\" alt=\"\" width=\"720\" height=\"405\" border=\"0\" data-attachment-id=\"195332\" data-permalink=\"https:\/\/quatrorodas.abril.com.br\/noticias\/confirmado-nova-geracao-da-vw-amarok-sera-derivada-da-ford-ranger\/attachment\/2018-volkswagen-t6-transporter-california-press-720x720\/\" data-orig-file=\"https:\/\/abrilquatrorodas.files.wordpress.com\/2019\/01\/2018-volkswagen-t6-transporter-california-press-720x720.jpg?quality=70&amp;strip=info\" data-orig-size=\"720,405\" data-comments-opened=\"1\" data-image-meta=\"{&quot;aperture&quot;:&quot;0&quot;,&quot;credit&quot;:&quot;Picasa&quot;,&quot;camera&quot;:&quot;&quot;,&quot;caption&quot;:&quot;&quot;,&quot;created_timestamp&quot;:&quot;1547563329&quot;,&quot;copyright&quot;:&quot;&quot;,&quot;focal_length&quot;:&quot;0&quot;,&quot;iso&quot;:&quot;0&quot;,&quot;shutter_speed&quot;:&quot;0&quot;,&quot;title&quot;:&quot;&quot;,&quot;orientation&quot;:&quot;0&quot;}\" data-image-title=\"2018-volkswagen-t6-transporter-california-press-720\u00d7720\" data-image-description=\"\" data-medium-file=\"https:\/\/abrilquatrorodas.files.wordpress.com\/2019\/01\/2018-volkswagen-t6-transporter-california-press-720x720.jpg?quality=70&amp;strip=info&amp;w=300\" data-large-file=\"https:\/\/abrilquatrorodas.files.wordpress.com\/2019\/01\/2018-volkswagen-t6-transporter-california-press-720x720.jpg?quality=70&amp;strip=info&amp;w=650\" data-restrict=\"false\" data-portal-copyright=\"Divulga\u00e7\u00e3o\" data-image-caption=\"Volkswagen Transporter\" data-image-source=\"Volkswagen\" \/><\/a><\/div>\n<p class=\"caption\">Volkswagen Transporter\u00a0(Divulga\u00e7\u00e3o\/Volkswagen)<\/p>\n<\/div>\n<div class=\"content-image aligncenter wp-caption\">\n<div class=\"image\"><a href=\"https:\/\/abrilquatrorodas.files.wordpress.com\/2019\/01\/transit-custom-limited.jpg?quality=70&amp;strip=info&amp;strip=info\"><img decoding=\"async\" loading=\"lazy\" class=\"size-full wp-image-195334\" title=\"transit-custom-limited\" src=\"https:\/\/abrilquatrorodas.files.wordpress.com\/2019\/01\/transit-custom-limited.jpg?quality=70&amp;strip=info&amp;strip=info\" sizes=\"(max-width: 1024px) 100vw, 1024px\" srcset=\"https:\/\/abrilquatrorodas.files.wordpress.com\/2019\/01\/transit-custom-limited.jpg?quality=70&amp;strip=info 1024w, https:\/\/abrilquatrorodas.files.wordpress.com\/2019\/01\/transit-custom-limited.jpg?quality=70&amp;strip=info 150w, https:\/\/abrilquatrorodas.files.wordpress.com\/2019\/01\/transit-custom-limited.jpg?quality=70&amp;strip=info 300w, https:\/\/abrilquatrorodas.files.wordpress.com\/2019\/01\/transit-custom-limited.jpg?quality=70&amp;strip=info 768w, https:\/\/abrilquatrorodas.files.wordpress.com\/2019\/01\/transit-custom-limited.jpg?quality=70&amp;strip=info 650w, https:\/\/abrilquatrorodas.files.wordpress.com\/2019\/01\/transit-custom-limited.jpg?quality=70&amp;strip=info 1326w\" alt=\"\" width=\"1024\" height=\"576\" border=\"0\" data-attachment-id=\"195334\" data-permalink=\"https:\/\/quatrorodas.abril.com.br\/noticias\/confirmado-nova-geracao-da-vw-amarok-sera-derivada-da-ford-ranger\/attachment\/transit-custom-limited\/\" data-orig-file=\"https:\/\/abrilquatrorodas.files.wordpress.com\/2019\/01\/transit-custom-limited.jpg?quality=70&amp;strip=info\" data-orig-size=\"1326,746\" data-comments-opened=\"1\" data-image-meta=\"{&quot;aperture&quot;:&quot;0&quot;,&quot;credit&quot;:&quot;Picasa&quot;,&quot;camera&quot;:&quot;&quot;,&quot;caption&quot;:&quot;&quot;,&quot;created_timestamp&quot;:&quot;0&quot;,&quot;copyright&quot;:&quot;&quot;,&quot;focal_length&quot;:&quot;0&quot;,&quot;iso&quot;:&quot;0&quot;,&quot;shutter_speed&quot;:&quot;0&quot;,&quot;title&quot;:&quot;&quot;,&quot;orientation&quot;:&quot;0&quot;}\" data-image-title=\"transit-custom-limited\" data-image-description=\"\" data-medium-file=\"https:\/\/abrilquatrorodas.files.wordpress.com\/2019\/01\/transit-custom-limited.jpg?quality=70&amp;strip=info&amp;w=300\" data-large-file=\"https:\/\/abrilquatrorodas.files.wordpress.com\/2019\/01\/transit-custom-limited.jpg?quality=70&amp;strip=info&amp;w=650\" data-restrict=\"false\" data-portal-copyright=\"Divulga\u00e7\u00e3o\" data-image-caption=\"Ford Transit Custom\" data-image-source=\"Ford\" \/><\/a><\/div>\n<p class=\"caption\">Ford Transit Custom\u00a0(Divulga\u00e7\u00e3o\/Ford)<\/p>\n<\/div>\n<p>\u00c0 Volkswagen caber\u00e1 o desenvolvimento das novas vans urbanas que substituir\u00e3o os\u00a0Volkswagen Caddy e Ford Transit Connect. Este novo carro ter\u00e1 plataforma modular MQB semelhante a usada pela nova gera\u00e7\u00e3o do\u00a0<a href=\"https:\/\/quatrorodas.abril.com.br\/noticias\/volkswagen-revela-nova-geracao-do-touran\/\" target=\"_blank\" rel=\"noopener\">Touran<\/a>.<\/p>\n<p>Ao contr\u00e1rio do que aconteceu na Autolatina, esta alian\u00e7a n\u00e3o contempla troca de a\u00e7\u00f5es entre as empresas.<\/p><\/div>\n<p>Fonte: <a href=\"https:\/\/quatrorodas.abril.com.br\/noticias\/confirmado-nova-geracao-da-vw-amarok-sera-derivada-da-ford-ranger\/\">Quatro Rodas<\/a><\/p>\n","protected":false},"excerpt":{"rendered":"<p>Ford e Volkswagen anunciaram os detalhes de sua alian\u00e7a global. Agora est\u00e1 definido que as duas fabricantes\u00a0desenvolver\u00e3o vans comerciais e pickups m\u00e9dias em conjunto, e pretendem colaborar entre si no desenvolvimento de ve\u00edculos el\u00e9tricos, aut\u00f4nomos e de servi\u00e7os de mobilidade. Os resultados do esfor\u00e7o conjunto das duas fabricantes dever\u00e1 ser visto a partir de 2022, &hellip;<\/p>\n","protected":false},"author":5,"featured_media":2658,"comment_status":"open","ping_status":"open","sticky":false,"template":"","format":"standard","meta":[],"categories":[2,170,271],"tags":[42,371,168,234,538,242],"_links":{"self":[{"href":"https:\/\/www.brasal.com.br\/veiculos\/blog\/wp-json\/wp\/v2\/posts\/2657"}],"collection":[{"href":"https:\/\/www.brasal.com.br\/veiculos\/blog\/wp-json\/wp\/v2\/posts"}],"about":[{"href":"https:\/\/www.brasal.com.br\/veiculos\/blog\/wp-json\/wp\/v2\/types\/post"}],"author":[{"embeddable":true,"href":"https:\/\/www.brasal.com.br\/veiculos\/blog\/wp-json\/wp\/v2\/users\/5"}],"replies":[{"embeddable":true,"href":"https:\/\/www.brasal.com.br\/veiculos\/blog\/wp-json\/wp\/v2\/comments?post=2657"}],"version-history":[{"count":2,"href":"https:\/\/www.brasal.com.br\/veiculos\/blog\/wp-json\/wp\/v2\/posts\/2657\/revisions"}],"predecessor-version":[{"id":2660,"href":"https:\/\/www.brasal.com.br\/veiculos\/blog\/wp-json\/wp\/v2\/posts\/2657\/revisions\/2660"}],"wp:featuredmedia":[{"embeddable":true,"href":"https:\/\/www.brasal.com.br\/veiculos\/blog\/wp-json\/wp\/v2\/media\/2658"}],"wp:attachment":[{"href":"https:\/\/www.brasal.com.br\/veiculos\/blog\/wp-json\/wp\/v2\/media?parent=2657"}],"wp:term":[{"taxonomy":"category","embeddable":true,"href":"https:\/\/www.brasal.com.br\/veiculos\/blog\/wp-json\/wp\/v2\/categories?post=2657"},{"taxonomy":"post_tag","embeddable":true,"href":"https:\/\/www.brasal.com.br\/veiculos\/blog\/wp-json\/wp\/v2\/tags?post=2657"}],"curies":[{"name":"wp","href":"https:\/\/api.w.org\/{rel}","templated":true}]}}