{"id":2651,"date":"2019-01-15T09:03:53","date_gmt":"2019-01-15T11:03:53","guid":{"rendered":"http:\/\/www.brasal.com.br\/veiculos\/blog\/?p=2651"},"modified":"2019-01-15T09:05:14","modified_gmt":"2019-01-15T11:05:14","slug":"dirigir-na-gravidez","status":"publish","type":"post","link":"https:\/\/www.brasal.com.br\/veiculos\/blog\/2019\/01\/15\/dirigir-na-gravidez\/","title":{"rendered":"Tudo o que voc\u00ea precisa saber sobre dirigir na gravidez"},"content":{"rendered":"<div style=\"text-align: justify;\">\n<p>Um filho muda muita coisa. Entre tantas preocupa\u00e7\u00f5es que podem surgir, uma delas est\u00e1 na rela\u00e7\u00e3o das futuras mam\u00e3es com o volante.<\/p>\n<p><img decoding=\"async\" loading=\"lazy\" class=\"wp-image-2652 alignleft\" src=\"http:\/\/www.brasal.com.br\/veiculos\/blog\/wp-content\/uploads\/2019\/01\/pode-dirigir-de-chinelo-gravidas-podem-dirigir.jpg\" alt=\"\" width=\"384\" height=\"271\" srcset=\"https:\/\/www.brasal.com.br\/veiculos\/blog\/wp-content\/uploads\/2019\/01\/pode-dirigir-de-chinelo-gravidas-podem-dirigir.jpg 1000w, https:\/\/www.brasal.com.br\/veiculos\/blog\/wp-content\/uploads\/2019\/01\/pode-dirigir-de-chinelo-gravidas-podem-dirigir-300x212.jpg 300w, https:\/\/www.brasal.com.br\/veiculos\/blog\/wp-content\/uploads\/2019\/01\/pode-dirigir-de-chinelo-gravidas-podem-dirigir-768x542.jpg 768w\" sizes=\"(max-width: 384px) 100vw, 384px\" \/><\/p>\n<p><strong>Mulheres gr\u00e1vidas podem dirigir at\u00e9 qual m\u00eas da gesta\u00e7\u00e3o?<\/strong><\/p>\n<p>Por lei, dirigir qualquer tipo de ve\u00edculo \u00e9 uma atividade legalmente liberada para a gr\u00e1vida em qualquer per\u00edodo da gesta\u00e7\u00e3o.<\/p>\n<p>O que ajuda a causar confus\u00e3o sobre o assunto: at\u00e9 1997, o C\u00f3digo Nacional de Tr\u00e2nsito dizia que as gestantes s\u00f3 podiam dirigir at\u00e9 os cinco meses de gravidez. A justificativa era que a mulher ficava mais dispersa e distra\u00edda a partir desta fase.<\/p>\n<p>Dica: Fale com um m\u00e9dico sobre o assunto. Algumas mulheres com gravidez de risco ou que enjoam muito, t\u00eam tontura, press\u00e3o alta ou baixa, entre outros sintomas, s\u00e3o orientadas a n\u00e3o dirigir.<\/p>\n<p><strong>Gr\u00e1vidas podem dirigir por longas dist\u00e2ncias?<\/strong><\/p>\n<p>De acordo com o m\u00e9dico da Abramet (Associa\u00e7\u00e3o Brasileira de Medicina de Tr\u00e1fego) Alberto Sabbag, \u00e9 bom evitar fazer viagens demoradas, principalmente se n\u00e3o houver poss\u00edveis pontos de parada e se o dia estiver muito quente. Vale lembrar que press\u00e3o baixa \u00e9 algo comum nessa fase. Gr\u00e1vidas tamb\u00e9m <strong>devem evitar dirigir nas \u00faltimas quatro semanas de gesta\u00e7\u00e3o<\/strong>, segundo Sabbag.<\/p>\n<p><strong>O cinto de seguran\u00e7a incomoda, gr\u00e1vidas podem ficar sem?<\/strong><\/p>\n<p>Jamais. Nunca deixe de usar o cinto de seguran\u00e7a e nunca desative o airbag. \u201cO \u00fanico cinto totalmente contraindicado \u00e9 o abdominal, use sempre o cinto de tr\u00eas pontos. Al\u00e9m disso, o cinto deve sempre estar embaixo da barriga e a gestante o mais distante poss\u00edvel do volante\u201d, afirma Sabbag.<\/p>\n<p><strong>Gr\u00e1vidas podem dirigir ou andar na garupa da moto?<\/strong><\/p>\n<p>N\u00e3o, em hip\u00f3tese alguma, nem como condutora, nem como carona. Durante a gravidez, \u00e0 medida que o feto se desenvolve, a barriga aparece e o centro de gravidade se desloca para a frente. \u201cO centro de gravidade muda durante a gravidez. Elas perdem o equil\u00edbrio com mais facilidade e o risco de queda \u00e9 alt\u00edssimo. A for\u00e7a de uma gestante tamb\u00e9m \u00e9 menor do que a de uma mulher n\u00e3o gr\u00e1vida. Ent\u00e3o, evite andar de moto, patins, bicicleta, cavalo, (risos)\u201d, afirma Alberto Sabbag, da Abramet.<\/p>\n<p><strong>Depois do parto, quando as mulheres podem voltar a dirigir?<\/strong><\/p>\n<p>O ideal \u00e9 voltar depois de tr\u00eas semanas, mas vale sempre perguntar para o m\u00e9dico: cada caso \u00e9 um caso.<\/p>\n<\/div>\n<p>Fonte: <a href=\"https:\/\/revistaautoesporte.globo.com\/\">Auto Esporte<\/a><\/p>\n<div style=\"text-align: justify;\">\n<p>&nbsp;<\/p>\n<\/div>\n","protected":false},"excerpt":{"rendered":"<p>Um filho muda muita coisa. Entre tantas preocupa\u00e7\u00f5es que podem surgir, uma delas est\u00e1 na rela\u00e7\u00e3o das futuras mam\u00e3es com o volante. Mulheres gr\u00e1vidas podem dirigir at\u00e9 qual m\u00eas da gesta\u00e7\u00e3o? Por lei, dirigir qualquer tipo de ve\u00edculo \u00e9 uma atividade legalmente liberada para a gr\u00e1vida em qualquer per\u00edodo da gesta\u00e7\u00e3o. O que ajuda a &hellip;<\/p>\n","protected":false},"author":4,"featured_media":2652,"comment_status":"open","ping_status":"open","sticky":false,"template":"","format":"standard","meta":[],"categories":[170],"tags":[55,400,554,553,556,555],"_links":{"self":[{"href":"https:\/\/www.brasal.com.br\/veiculos\/blog\/wp-json\/wp\/v2\/posts\/2651"}],"collection":[{"href":"https:\/\/www.brasal.com.br\/veiculos\/blog\/wp-json\/wp\/v2\/posts"}],"about":[{"href":"https:\/\/www.brasal.com.br\/veiculos\/blog\/wp-json\/wp\/v2\/types\/post"}],"author":[{"embeddable":true,"href":"https:\/\/www.brasal.com.br\/veiculos\/blog\/wp-json\/wp\/v2\/users\/4"}],"replies":[{"embeddable":true,"href":"https:\/\/www.brasal.com.br\/veiculos\/blog\/wp-json\/wp\/v2\/comments?post=2651"}],"version-history":[{"count":3,"href":"https:\/\/www.brasal.com.br\/veiculos\/blog\/wp-json\/wp\/v2\/posts\/2651\/revisions"}],"predecessor-version":[{"id":2656,"href":"https:\/\/www.brasal.com.br\/veiculos\/blog\/wp-json\/wp\/v2\/posts\/2651\/revisions\/2656"}],"wp:featuredmedia":[{"embeddable":true,"href":"https:\/\/www.brasal.com.br\/veiculos\/blog\/wp-json\/wp\/v2\/media\/2652"}],"wp:attachment":[{"href":"https:\/\/www.brasal.com.br\/veiculos\/blog\/wp-json\/wp\/v2\/media?parent=2651"}],"wp:term":[{"taxonomy":"category","embeddable":true,"href":"https:\/\/www.brasal.com.br\/veiculos\/blog\/wp-json\/wp\/v2\/categories?post=2651"},{"taxonomy":"post_tag","embeddable":true,"href":"https:\/\/www.brasal.com.br\/veiculos\/blog\/wp-json\/wp\/v2\/tags?post=2651"}],"curies":[{"name":"wp","href":"https:\/\/api.w.org\/{rel}","templated":true}]}}