{"id":2632,"date":"2019-01-02T16:46:01","date_gmt":"2019-01-02T18:46:01","guid":{"rendered":"http:\/\/www.brasal.com.br\/veiculos\/blog\/?p=2632"},"modified":"2019-01-02T16:51:57","modified_gmt":"2019-01-02T18:51:57","slug":"volkswagen-service-24h-voce-conhece","status":"publish","type":"post","link":"https:\/\/www.brasal.com.br\/veiculos\/blog\/2019\/01\/02\/volkswagen-service-24h-voce-conhece\/","title":{"rendered":"Volkswagen Service 24h &#8211; voc\u00ea conhece?"},"content":{"rendered":"<div style=\"text-align: justify;\">\n<p>Volkswagen Service Atendimento para Clientes<\/p>\n<p>Al\u00e9m da garantia de f\u00e1brica, seu Volkswagen conta com uma s\u00e9rie de servi\u00e7os complementares de assist\u00eancia. Em caso de panes el\u00e9tricas ou mec\u00e2nicas, que impe\u00e7am o ve\u00edculo de se locomover por meios pr\u00f3prios, voc\u00ea pode contar com uma assist\u00eancia 24 Horas, 365 dias por ano, em todo o Brasil, v\u00e1lida por 12 meses contados a partir da aquisi\u00e7\u00e3o de seu Volkswagen.Para acionar, basta ligar para a\u00a0<strong>central de atendimento no telefone: 0800 019 5775.<\/strong>\u00a0Tenha em m\u00e3os o n\u00famero do chassi do ve\u00edculo (encontrado no documento ou gravado nos vidros do ve\u00edculo), nome do propriet\u00e1rio, motivo da chamada, o local em que seu ve\u00edculo se encontra e sempre que poss\u00edvel, um ponto de refer\u00eancia.<\/p>\n<p><strong><em>Servi\u00e7os Dispon\u00edveis:<\/em><br \/>\nAssist\u00eancia sem limite de dist\u00e2ncia<\/strong><br \/>\nQuando acionado, ser\u00e1 enviado ao local um t\u00e9cnico para um atendimento prim\u00e1rio. Se n\u00e3o for poss\u00edvel realizar o conserto no local, um reboque ou guincho ser\u00e1 enviado para remover o ve\u00edculo at\u00e9 o Concession\u00e1rio Volkswagen mais pr\u00f3ximo.<\/p>\n<p><strong>Pane seca<\/strong><br \/>\nEm caso de pane por falta de combust\u00edvel, seu ve\u00edculo ser\u00e1 removido at\u00e9 o posto de abastecimento mais pr\u00f3ximo, assumindo gratuitamente at\u00e9 5 litros de combust\u00edvel. Os custos referentes \u00e0 quantidade de combust\u00edvel excedente aos 5 litros gratuitos ser\u00e3o de responsabilidade do cliente. Essa cobertura estar\u00e1 limitada a duas ocorr\u00eancias durante o per\u00edodo de vig\u00eancia do programa.<\/p>\n<p><strong>Conserto \/ Troca de pneus<\/strong><br \/>\nEm caso de acionamento por problemas com furos de pneus, quebra ou amassamento de rodas, ser\u00e1 enviado um profissional para efetuar a substitui\u00e7\u00e3o pelo estepe. Se danificados mais de um pneu ou roda, ser\u00e3o enviados dois estepes ou um guincho\/reboque para que o propriet\u00e1rio do ve\u00edculo possa chegar at\u00e9 borracheiro mais pr\u00f3ximo. Ser\u00e1 de responsabilidade do propriet\u00e1rio do ve\u00edculo o custo com o conserto dos pneus \/ rodas. Esta cobertura estar\u00e1 limitada a duas ocorr\u00eancias durante o per\u00edodo de vig\u00eancia do programa.<\/p>\n<p><strong>Deslocamento<\/strong><br \/>\nCaso o ve\u00edculo n\u00e3o seja consertado no local e for encaminhado a um Concession\u00e1rio Volkswagen para as devidas corre\u00e7\u00f5es, o Volkswagen Service providenciar\u00e1 um t\u00e1xi para o deslocamento dos ocupantes do ve\u00edculo, gratuitamente, at\u00e9 o Concession\u00e1rio, locadora ou hotel.<\/p>\n<p><img decoding=\"async\" loading=\"lazy\" class=\"aligncenter size-full wp-image-2633\" src=\"http:\/\/www.brasal.com.br\/veiculos\/blog\/wp-content\/uploads\/2019\/01\/img-14.jpg\" alt=\"\" width=\"2048\" height=\"576\" srcset=\"https:\/\/www.brasal.com.br\/veiculos\/blog\/wp-content\/uploads\/2019\/01\/img-14.jpg 2048w, https:\/\/www.brasal.com.br\/veiculos\/blog\/wp-content\/uploads\/2019\/01\/img-14-300x84.jpg 300w, https:\/\/www.brasal.com.br\/veiculos\/blog\/wp-content\/uploads\/2019\/01\/img-14-768x216.jpg 768w, https:\/\/www.brasal.com.br\/veiculos\/blog\/wp-content\/uploads\/2019\/01\/img-14-1024x288.jpg 1024w\" sizes=\"(max-width: 2048px) 100vw, 2048px\" \/><\/p>\n<ul>\n<li><strong><em>Exclus\u00f5es Gerais<\/em><\/strong><\/li>\n<li>Acidentes de qualquer natureza envolvendo direta ou indiretamente o ve\u00edculo;<\/li>\n<li>Atos intencionais ou dolosos;<\/li>\n<li>Condu\u00e7\u00e3o do ve\u00edculo com a capacidade alterada pela incid\u00eancia de medicamentos, \u00e1lcool, drogas, entre outras subst\u00e2ncias capazes de influenciar o n\u00edvel de percep\u00e7\u00e3o;<\/li>\n<li>Participar de corrida, disputa ou competi\u00e7\u00e3o automobil\u00edstica, entre outras pr\u00e1ticas ilegais;<\/li>\n<li>Presta\u00e7\u00e3o de servi\u00e7o em casos que impe\u00e7am a execu\u00e7\u00e3o dos mesmos ( enchentes, greves, atos de vandalismo, interdi\u00e7\u00f5es de vias de acesso e etc.);<\/li>\n<li>Reembolso das despesas de conserto, ap\u00f3s a entrada do ve\u00edculo nas oficinas (autorizadas ou n\u00e3o), ressalvada os consertos decorrentes de sinistros ocorridos durante a remo\u00e7\u00e3o do ve\u00edculo;<\/li>\n<li>Reembolso ou pagamento de pe\u00e7as eventualmente substitu\u00eddas nos consertos realizados no local da pane;<\/li>\n<li>Despesas que o benefici\u00e1rio normalmente suportaria, tais como gastos com combust\u00edvel, ped\u00e1gio, alimenta\u00e7\u00e3o e etc;<\/li>\n<\/ul>\n<p>Os servi\u00e7os executados que n\u00e3o tenham sido requisitados no momento da ocorr\u00eancia da pane, e organizados pelo Volkswagen Service ou por ele autorizados, n\u00e3o dar\u00e3o direito a nenhum reembolso ou indeniza\u00e7\u00e3o compensat\u00f3ria.<\/p>\n<p>Fonte: <a href=\"https:\/\/www.vw.com.br\/pt\/servicos\/VolkswagenService.html\">Volkswagen do Brasil<\/a><\/p>\n<\/div>\n","protected":false},"excerpt":{"rendered":"<p>Volkswagen Service Atendimento para Clientes Al\u00e9m da garantia de f\u00e1brica, seu Volkswagen conta com uma s\u00e9rie de servi\u00e7os complementares de assist\u00eancia. Em caso de panes el\u00e9tricas ou mec\u00e2nicas, que impe\u00e7am o ve\u00edculo de se locomover por meios pr\u00f3prios, voc\u00ea pode contar com uma assist\u00eancia 24 Horas, 365 dias por ano, em todo o Brasil, v\u00e1lida &hellip;<\/p>\n","protected":false},"author":4,"featured_media":2644,"comment_status":"open","ping_status":"open","sticky":false,"template":"","format":"standard","meta":[],"categories":[39],"tags":[545,546,550,547,551,552,549,548,99,544,54],"_links":{"self":[{"href":"https:\/\/www.brasal.com.br\/veiculos\/blog\/wp-json\/wp\/v2\/posts\/2632"}],"collection":[{"href":"https:\/\/www.brasal.com.br\/veiculos\/blog\/wp-json\/wp\/v2\/posts"}],"about":[{"href":"https:\/\/www.brasal.com.br\/veiculos\/blog\/wp-json\/wp\/v2\/types\/post"}],"author":[{"embeddable":true,"href":"https:\/\/www.brasal.com.br\/veiculos\/blog\/wp-json\/wp\/v2\/users\/4"}],"replies":[{"embeddable":true,"href":"https:\/\/www.brasal.com.br\/veiculos\/blog\/wp-json\/wp\/v2\/comments?post=2632"}],"version-history":[{"count":15,"href":"https:\/\/www.brasal.com.br\/veiculos\/blog\/wp-json\/wp\/v2\/posts\/2632\/revisions"}],"predecessor-version":[{"id":2649,"href":"https:\/\/www.brasal.com.br\/veiculos\/blog\/wp-json\/wp\/v2\/posts\/2632\/revisions\/2649"}],"wp:featuredmedia":[{"embeddable":true,"href":"https:\/\/www.brasal.com.br\/veiculos\/blog\/wp-json\/wp\/v2\/media\/2644"}],"wp:attachment":[{"href":"https:\/\/www.brasal.com.br\/veiculos\/blog\/wp-json\/wp\/v2\/media?parent=2632"}],"wp:term":[{"taxonomy":"category","embeddable":true,"href":"https:\/\/www.brasal.com.br\/veiculos\/blog\/wp-json\/wp\/v2\/categories?post=2632"},{"taxonomy":"post_tag","embeddable":true,"href":"https:\/\/www.brasal.com.br\/veiculos\/blog\/wp-json\/wp\/v2\/tags?post=2632"}],"curies":[{"name":"wp","href":"https:\/\/api.w.org\/{rel}","templated":true}]}}