{"id":2586,"date":"2018-12-03T15:04:26","date_gmt":"2018-12-03T17:04:26","guid":{"rendered":"http:\/\/www.brasal.com.br\/veiculos\/blog\/?p=2586"},"modified":"2018-12-03T15:05:43","modified_gmt":"2018-12-03T17:05:43","slug":"detran-df-faz-mudanca-de-endereco-por-internet","status":"publish","type":"post","link":"https:\/\/www.brasal.com.br\/veiculos\/blog\/2018\/12\/03\/detran-df-faz-mudanca-de-endereco-por-internet\/","title":{"rendered":"Detran-DF faz mudan\u00e7a de endere\u00e7o por internet."},"content":{"rendered":"<div style=\"text-align: justify;\">Desde o m\u00eas de Novembro\/18, os usu\u00e1rios do Detran-DF podem alterar seu endere\u00e7o tamb\u00e9m pela internet. O servi\u00e7o abrange tanto Ve\u00edculos como Habilita\u00e7\u00e3o,\u00a0basta acessar o site\u00a0<a href=\"http:\/\/www.detran.df.gov.br\/\" data-saferedirecturl=\"https:\/\/www.google.com\/url?q=http:\/\/www.detran.df.gov.br&amp;source=gmail&amp;ust=1542105664765000&amp;usg=AFQjCNElZ-6h4qjufPPV42yw6Ea1IHTF-A\">www.detran.df.gov.br<\/a>\u00a0e clicar em Servi\u00e7os, escolher entre Ve\u00edculos e Habilita\u00e7\u00e3o e clicar no menu Mudan\u00e7a de Endere\u00e7o.<\/p>\n<p>Para fazer a solicita\u00e7\u00e3o \u00e9 necess\u00e1rio apenas que a pessoa esteja com a CNH ou o CRV (DUT) para prestar as informa\u00e7\u00f5es necess\u00e1rias. O pedido de mudan\u00e7a de endere\u00e7o presencial continua nas unidades do Detran. Esse novo servi\u00e7o vem para facilitar ainda mais o dia a dia de todos os motoristas.<\/p>\n<p><img decoding=\"async\" loading=\"lazy\" class=\" wp-image-2587\" src=\"http:\/\/www.brasal.com.br\/veiculos\/blog\/wp-content\/uploads\/2018\/12\/computador_istock_shironosov.jpg\" alt=\"\" width=\"589\" height=\"393\" srcset=\"https:\/\/www.brasal.com.br\/veiculos\/blog\/wp-content\/uploads\/2018\/12\/computador_istock_shironosov.jpg 848w, https:\/\/www.brasal.com.br\/veiculos\/blog\/wp-content\/uploads\/2018\/12\/computador_istock_shironosov-300x200.jpg 300w, https:\/\/www.brasal.com.br\/veiculos\/blog\/wp-content\/uploads\/2018\/12\/computador_istock_shironosov-768x512.jpg 768w\" sizes=\"(max-width: 589px) 100vw, 589px\" \/><\/p>\n<p>Fonte: <a href=\"http:\/\/www.detran.df.gov.br\/\">Detran-DF<\/a><\/p>\n<p>&nbsp;<\/p>\n","protected":false},"excerpt":{"rendered":"<p>Desde o m\u00eas de Novembro\/18, os usu\u00e1rios do Detran-DF podem alterar seu endere\u00e7o tamb\u00e9m pela internet. O servi\u00e7o abrange tanto Ve\u00edculos como Habilita\u00e7\u00e3o,\u00a0basta acessar o site\u00a0www.detran.df.gov.br\u00a0e clicar em Servi\u00e7os, escolher entre Ve\u00edculos e Habilita\u00e7\u00e3o e clicar no menu Mudan\u00e7a de Endere\u00e7o. Para fazer a solicita\u00e7\u00e3o \u00e9 necess\u00e1rio apenas que a pessoa esteja com a CNH &hellip;<\/p>\n","protected":false},"author":4,"featured_media":2587,"comment_status":"open","ping_status":"open","sticky":false,"template":"","format":"standard","meta":[],"categories":[170],"tags":[519,55,201,362,63,521,520,522],"_links":{"self":[{"href":"https:\/\/www.brasal.com.br\/veiculos\/blog\/wp-json\/wp\/v2\/posts\/2586"}],"collection":[{"href":"https:\/\/www.brasal.com.br\/veiculos\/blog\/wp-json\/wp\/v2\/posts"}],"about":[{"href":"https:\/\/www.brasal.com.br\/veiculos\/blog\/wp-json\/wp\/v2\/types\/post"}],"author":[{"embeddable":true,"href":"https:\/\/www.brasal.com.br\/veiculos\/blog\/wp-json\/wp\/v2\/users\/4"}],"replies":[{"embeddable":true,"href":"https:\/\/www.brasal.com.br\/veiculos\/blog\/wp-json\/wp\/v2\/comments?post=2586"}],"version-history":[{"count":2,"href":"https:\/\/www.brasal.com.br\/veiculos\/blog\/wp-json\/wp\/v2\/posts\/2586\/revisions"}],"predecessor-version":[{"id":2589,"href":"https:\/\/www.brasal.com.br\/veiculos\/blog\/wp-json\/wp\/v2\/posts\/2586\/revisions\/2589"}],"wp:featuredmedia":[{"embeddable":true,"href":"https:\/\/www.brasal.com.br\/veiculos\/blog\/wp-json\/wp\/v2\/media\/2587"}],"wp:attachment":[{"href":"https:\/\/www.brasal.com.br\/veiculos\/blog\/wp-json\/wp\/v2\/media?parent=2586"}],"wp:term":[{"taxonomy":"category","embeddable":true,"href":"https:\/\/www.brasal.com.br\/veiculos\/blog\/wp-json\/wp\/v2\/categories?post=2586"},{"taxonomy":"post_tag","embeddable":true,"href":"https:\/\/www.brasal.com.br\/veiculos\/blog\/wp-json\/wp\/v2\/tags?post=2586"}],"curies":[{"name":"wp","href":"https:\/\/api.w.org\/{rel}","templated":true}]}}