{"id":2553,"date":"2018-11-28T10:26:08","date_gmt":"2018-11-28T12:26:08","guid":{"rendered":"http:\/\/www.brasal.com.br\/veiculos\/blog\/?p=2553"},"modified":"2018-11-28T10:26:08","modified_gmt":"2018-11-28T12:26:08","slug":"ford-edge-st-de-335-cavalos-tem-pre-venda-iniciada","status":"publish","type":"post","link":"https:\/\/www.brasal.com.br\/veiculos\/blog\/2018\/11\/28\/ford-edge-st-de-335-cavalos-tem-pre-venda-iniciada\/","title":{"rendered":"Ford Edge ST, de 335 cavalos, tem pr\u00e9-venda iniciada."},"content":{"rendered":"<div style=\"text-align: justify;\">\n<div class=\"imagem\"><img decoding=\"async\" loading=\"lazy\" title=\"Ford inicia a pr\u00e9-venda do Novo Edge ST 2019\" src=\"https:\/\/cdn1.campograndenews.com.br\/uploads\/tmp\/images\/5270534\/640x480-107c1ef31b2ac5687b6957567760fb40.jpg\" alt=\"Ford inicia a pr\u00e9-venda do Novo Edge ST 2019\" width=\"640\" height=\"426\" \/><\/div>\n<div>\n<p>&nbsp;<\/p>\n<p>A Ford iniciou a divulga\u00e7\u00e3o do novo Edge ST 2019 no seu <em><strong><a href=\"https:\/\/www.ford.com.br\/futuros-lancamentos\/novo-edge-st\/\">site<\/a><\/strong><\/em>, o SUV de alto desempenho, apresentado no Sal\u00e3o do Autom\u00f3vel, est\u00e1 dispon\u00edvel para reserva no programa de pr\u00e9-venda, o modelo ser\u00e1 entregue a partir de fevereiro.<\/p>\n<p>O Edge ST \u00e9 o primeiro da marca a ostentar a exclusiva grife Sport Technologies da Ford, que traz para as ruas tecnologias de performance desenvolvidas para as pistas. Al\u00e9m de novo motor, transmiss\u00e3o e suspens\u00e3o, ele traz design renovado e tecnologias avan\u00e7adas de seguran\u00e7a e assist\u00eancia ao motorista, junto com o conhecido padr\u00e3o de conforto e espa\u00e7o interno.<\/p>\n<\/div>\n<div data-premium=\"\" data-adunit=\"Video_Out_Stream_Desktop\" data-sizes=\"[[640,480], [1,1]]\" data-type=\"outstream\" data-fetch=\"true\">\n<div class=\"imagem\"><img decoding=\"async\" loading=\"lazy\" class=\"alignleft\" title=\"Ford inicia a pr\u00e9-venda do Novo Edge ST 2019\" src=\"https:\/\/cdn1.campograndenews.com.br\/uploads\/tmp\/images\/5270534\/640x480-b8d9148699330153e6272d3119a540d1.jpg\" alt=\"Ford inicia a pr\u00e9-venda do Novo Edge ST 2019\" width=\"319\" height=\"479\" \/>O utilit\u00e1rio esportivo \u00e9\u00a0equipado com um novo motor 2.7 V6 Biturbo EcoBoost, que gera pot\u00eancia de 335 cv e torque de 534 Nm com tra\u00e7\u00e3o nas quatro rodas sob demanda. A transmiss\u00e3o autom\u00e1tica de oito velocidades vem com seletor rotativo E-Shifter no console, comandos de troca no volante e o novo modo de condu\u00e7\u00e3o Sport, para respostas mais agressivas.<\/div>\n<div class=\"bloco_texto_span\">\n<p>Ele tamb\u00e9m \u00e9 o primeiro no Brasil a oferecer o Ford Copiloto 360, pacote de tecnologias de assist\u00eancia ao motorista que inclui frenagem de emerg\u00eancia autom\u00e1tica, sensor de ponto cego com alerta de tr\u00e1fego cruzado, sistema de perman\u00eancia em faixa, c\u00e2mera de vis\u00e3o traseira e far\u00f3is altos autom\u00e1ticos.<\/p>\n<p>O interior traz bancos e volante ST de couro e soleira com o emblema Ford Performance. Central multim\u00eddia SYNC 3, piloto autom\u00e1tico adaptativo, oito airbags, c\u00e2mera dianteira de 180 graus, estacionamento autom\u00e1tico e telas nos encostos de cabe\u00e7a para os passageiros traseiros tamb\u00e9m fazem parte da ampla lista de equipamentos.<\/p>\n<p>As novidades de estilo incluem grade dianteira exclusiva com o emblema ST, rodas de 21 polegadas, far\u00f3is de led e escapamento duplo. A carroceria \u00e9 dispon\u00edvel em seis cores: azul Top\u00e1zio, preto Ves\u00favio, cinza Moscou, vermelho Vermont, prata Dublin e branco Sib\u00e9ria.<\/p>\n<\/div>\n<\/div>\n<\/div>\n<div data-premium=\"\" data-adunit=\"Video_Out_Stream_Desktop\" data-sizes=\"[[640,480], [1,1]]\" data-type=\"outstream\" data-fetch=\"true\">\n<div class=\"bloco_texto_span\">\n<div class=\"bloco_texto_span\">\n<div class=\"image\"><img decoding=\"async\" loading=\"lazy\" class=\"wp-image-171755 size-full\" src=\"https:\/\/abrilquatrorodas.files.wordpress.com\/2018\/01\/2019-ford-edge-titanium-5.jpg?quality=70&amp;strip=info&amp;strip=info\" sizes=\"(max-width: 1024px) 100vw, 1024px\" srcset=\"https:\/\/abrilquatrorodas.files.wordpress.com\/2018\/01\/2019-ford-edge-titanium-5.jpg?quality=70&amp;strip=info 1024w, https:\/\/abrilquatrorodas.files.wordpress.com\/2018\/01\/2019-ford-edge-titanium-5.jpg?quality=70&amp;strip=info 150w, https:\/\/abrilquatrorodas.files.wordpress.com\/2018\/01\/2019-ford-edge-titanium-5.jpg?quality=70&amp;strip=info 300w, https:\/\/abrilquatrorodas.files.wordpress.com\/2018\/01\/2019-ford-edge-titanium-5.jpg?quality=70&amp;strip=info 768w, https:\/\/abrilquatrorodas.files.wordpress.com\/2018\/01\/2019-ford-edge-titanium-5.jpg?quality=70&amp;strip=info 650w, https:\/\/abrilquatrorodas.files.wordpress.com\/2018\/01\/2019-ford-edge-titanium-5.jpg?quality=70&amp;strip=info 1600w\" alt=\"\" width=\"1024\" height=\"543\" border=\"0\" data-attachment-id=\"171755\" data-permalink=\"https:\/\/quatrorodas.abril.com.br\/noticias\/ford-edge-2019-tem-inedita-versao-st-com-340-cv\/attachment\/2019-edge-titanium-3\/\" data-orig-file=\"https:\/\/abrilquatrorodas.files.wordpress.com\/2018\/01\/2019-ford-edge-titanium-5.jpg?quality=70&amp;strip=info\" data-orig-size=\"1600,848\" data-comments-opened=\"1\" data-image-meta=\"{&quot;aperture&quot;:&quot;10&quot;,&quot;credit&quot;:&quot;&quot;,&quot;camera&quot;:&quot;Canon EOS 5D Mark IV&quot;,&quot;caption&quot;:&quot;New Edge SUV lineup is Ford\\u2019s smartest ever, offering more standard driver-assist technology than any other midsize SUV and introducing to the segment new available technologies such as Post-Collision Braking, Evasive Steering Assist and Adaptive Cruise Control with Stop-and-Go and Lane Centering.&quot;,&quot;created_timestamp&quot;:&quot;1515696600&quot;,&quot;copyright&quot;:&quot;&quot;,&quot;focal_length&quot;:&quot;24&quot;,&quot;iso&quot;:&quot;640&quot;,&quot;shutter_speed&quot;:&quot;0.04&quot;,&quot;title&quot;:&quot;2019 Edge Titanium&quot;,&quot;orientation&quot;:&quot;1&quot;}\" data-image-title=\"2019 Edge Titanium\" data-image-description=\"\" data-medium-file=\"https:\/\/abrilquatrorodas.files.wordpress.com\/2018\/01\/2019-ford-edge-titanium-5.jpg?quality=70&amp;strip=info&amp;w=300\" data-large-file=\"https:\/\/abrilquatrorodas.files.wordpress.com\/2018\/01\/2019-ford-edge-titanium-5.jpg?quality=70&amp;strip=info&amp;w=650\" data-restrict=\"false\" data-portal-copyright=\"Divulga\u00e7\u00e3o\" data-image-caption=\"\" \/>\u00a0A manopla do c\u00e2mbio foi substitu\u00edda por um bot\u00e3o girat\u00f3rio na nova gera\u00e7\u00e3o do Edge\u00a0(Divulga\u00e7\u00e3o\/Ford)<\/div>\n<div><\/div>\n<\/div>\n<div><\/div>\n<div class=\"bloco_texto_span\">\n<div>\n<div class=\"image\"><img decoding=\"async\" loading=\"lazy\" class=\"size-full wp-image-171752\" src=\"https:\/\/abrilquatrorodas.files.wordpress.com\/2018\/01\/2019-ford-edge-st-6.jpg?quality=70&amp;strip=info&amp;strip=info\" sizes=\"(max-width: 1024px) 100vw, 1024px\" srcset=\"https:\/\/abrilquatrorodas.files.wordpress.com\/2018\/01\/2019-ford-edge-st-6.jpg?quality=70&amp;strip=info 1024w, https:\/\/abrilquatrorodas.files.wordpress.com\/2018\/01\/2019-ford-edge-st-6.jpg?quality=70&amp;strip=info 150w, https:\/\/abrilquatrorodas.files.wordpress.com\/2018\/01\/2019-ford-edge-st-6.jpg?quality=70&amp;strip=info 300w, https:\/\/abrilquatrorodas.files.wordpress.com\/2018\/01\/2019-ford-edge-st-6.jpg?quality=70&amp;strip=info 768w, https:\/\/abrilquatrorodas.files.wordpress.com\/2018\/01\/2019-ford-edge-st-6.jpg?quality=70&amp;strip=info 650w, https:\/\/abrilquatrorodas.files.wordpress.com\/2018\/01\/2019-ford-edge-st-6.jpg?quality=70&amp;strip=info 1600w\" alt=\"\" width=\"1024\" height=\"611\" border=\"0\" data-attachment-id=\"171752\" data-permalink=\"https:\/\/quatrorodas.abril.com.br\/noticias\/ford-edge-2019-tem-inedita-versao-st-com-340-cv\/attachment\/2019-ford-edge-st-5\/\" data-orig-file=\"https:\/\/abrilquatrorodas.files.wordpress.com\/2018\/01\/2019-ford-edge-st-6.jpg?quality=70&amp;strip=info\" data-orig-size=\"1600,954\" data-comments-opened=\"1\" data-image-meta=\"{&quot;aperture&quot;:&quot;11&quot;,&quot;credit&quot;:&quot;&quot;,&quot;camera&quot;:&quot;Canon EOS 5D Mark IV&quot;,&quot;caption&quot;:&quot;Edge ST features superior handling and braking, ST-tuned sport suspension, Sport Mode, new quick-shifting 8-speed transmission, standard all-wheel-drive, and the most powerful V6 engine in its class.&quot;,&quot;created_timestamp&quot;:&quot;1515692580&quot;,&quot;copyright&quot;:&quot;&quot;,&quot;focal_length&quot;:&quot;24&quot;,&quot;iso&quot;:&quot;100&quot;,&quot;shutter_speed&quot;:&quot;0.25&quot;,&quot;title&quot;:&quot;2019 Ford Edge ST&quot;,&quot;orientation&quot;:&quot;1&quot;}\" data-image-title=\"2019 Ford Edge ST\" data-image-description=\"\" data-medium-file=\"https:\/\/abrilquatrorodas.files.wordpress.com\/2018\/01\/2019-ford-edge-st-6.jpg?quality=70&amp;strip=info&amp;w=300\" data-large-file=\"https:\/\/abrilquatrorodas.files.wordpress.com\/2018\/01\/2019-ford-edge-st-6.jpg?quality=70&amp;strip=info&amp;w=650\" data-restrict=\"false\" data-portal-copyright=\"Divulga\u00e7\u00e3o\" data-image-caption=\"Bancos s\u00e3o exclusivos \u00e0 nova vers\u00e3o ST\" \/>\u00a0Bancos na nova vers\u00e3o ST ganharam revestimento exclusivo.<\/div>\n<div><\/div>\n<div><\/div>\n<\/div>\n<div>\n<div class=\"image\"><img decoding=\"async\" loading=\"lazy\" class=\"size-full wp-image-171749\" src=\"https:\/\/abrilquatrorodas.files.wordpress.com\/2018\/01\/2019-ford-edge-st-2.jpg?quality=70&amp;strip=info&amp;strip=info\" sizes=\"(max-width: 1024px) 100vw, 1024px\" srcset=\"https:\/\/abrilquatrorodas.files.wordpress.com\/2018\/01\/2019-ford-edge-st-2.jpg?quality=70&amp;strip=info 1024w, https:\/\/abrilquatrorodas.files.wordpress.com\/2018\/01\/2019-ford-edge-st-2.jpg?quality=70&amp;strip=info 150w, https:\/\/abrilquatrorodas.files.wordpress.com\/2018\/01\/2019-ford-edge-st-2.jpg?quality=70&amp;strip=info 300w, https:\/\/abrilquatrorodas.files.wordpress.com\/2018\/01\/2019-ford-edge-st-2.jpg?quality=70&amp;strip=info 768w, https:\/\/abrilquatrorodas.files.wordpress.com\/2018\/01\/2019-ford-edge-st-2.jpg?quality=70&amp;strip=info 650w, https:\/\/abrilquatrorodas.files.wordpress.com\/2018\/01\/2019-ford-edge-st-2.jpg?quality=70&amp;strip=info 1600w\" alt=\"\" width=\"1024\" height=\"662\" border=\"0\" data-attachment-id=\"171749\" data-permalink=\"https:\/\/quatrorodas.abril.com.br\/noticias\/ford-edge-2019-tem-inedita-versao-st-com-340-cv\/attachment\/2019-ford-edge-st-2\/\" data-orig-file=\"https:\/\/abrilquatrorodas.files.wordpress.com\/2018\/01\/2019-ford-edge-st-2.jpg?quality=70&amp;strip=info\" data-orig-size=\"1600,1035\" data-comments-opened=\"1\" data-image-meta=\"{&quot;aperture&quot;:&quot;10&quot;,&quot;credit&quot;:&quot;&quot;,&quot;camera&quot;:&quot;Canon EOS 5D Mark IV&quot;,&quot;caption&quot;:&quot;Edge ST features superior handling and braking, ST-tuned sport suspension, Sport Mode, new quick-shifting 8-speed transmission, standard all-wheel-drive, and the most powerful V6 engine in its class.&quot;,&quot;created_timestamp&quot;:&quot;1515696360&quot;,&quot;copyright&quot;:&quot;&quot;,&quot;focal_length&quot;:&quot;85&quot;,&quot;iso&quot;:&quot;100&quot;,&quot;shutter_speed&quot;:&quot;0.00625&quot;,&quot;title&quot;:&quot;2019 Ford Edge ST&quot;,&quot;orientation&quot;:&quot;1&quot;}\" data-image-title=\"2019 Ford Edge ST\" data-image-description=\"\" data-medium-file=\"https:\/\/abrilquatrorodas.files.wordpress.com\/2018\/01\/2019-ford-edge-st-2.jpg?quality=70&amp;strip=info&amp;w=300\" data-large-file=\"https:\/\/abrilquatrorodas.files.wordpress.com\/2018\/01\/2019-ford-edge-st-2.jpg?quality=70&amp;strip=info&amp;w=650\" data-restrict=\"false\" data-portal-copyright=\"Divulga\u00e7\u00e3o\" data-image-caption=\"Vers\u00e3o ST ser\u00e1 equipaga com motor V6 de 340 cv\" \/>\u00a0Vers\u00e3o ST ser\u00e1 equipaga com motor V6 de 340 cv.<\/div>\n<div><\/div>\n<div><\/div>\n<\/div>\n<div>\n<div class=\"image\"><img decoding=\"async\" loading=\"lazy\" class=\"size-full wp-image-171748\" src=\"https:\/\/abrilquatrorodas.files.wordpress.com\/2018\/01\/2019-ford-edge-st-1.jpg?quality=70&amp;strip=info&amp;strip=info\" sizes=\"(max-width: 1024px) 100vw, 1024px\" srcset=\"https:\/\/abrilquatrorodas.files.wordpress.com\/2018\/01\/2019-ford-edge-st-1.jpg?quality=70&amp;strip=info 1024w, https:\/\/abrilquatrorodas.files.wordpress.com\/2018\/01\/2019-ford-edge-st-1.jpg?quality=70&amp;strip=info 150w, https:\/\/abrilquatrorodas.files.wordpress.com\/2018\/01\/2019-ford-edge-st-1.jpg?quality=70&amp;strip=info 300w, https:\/\/abrilquatrorodas.files.wordpress.com\/2018\/01\/2019-ford-edge-st-1.jpg?quality=70&amp;strip=info 768w, https:\/\/abrilquatrorodas.files.wordpress.com\/2018\/01\/2019-ford-edge-st-1.jpg?quality=70&amp;strip=info 650w, https:\/\/abrilquatrorodas.files.wordpress.com\/2018\/01\/2019-ford-edge-st-1.jpg?quality=70&amp;strip=info 1600w\" alt=\"\" width=\"1024\" height=\"643\" border=\"0\" data-attachment-id=\"171748\" data-permalink=\"https:\/\/quatrorodas.abril.com.br\/noticias\/ford-edge-2019-tem-inedita-versao-st-com-340-cv\/attachment\/2019-ford-edge-st\/\" data-orig-file=\"https:\/\/abrilquatrorodas.files.wordpress.com\/2018\/01\/2019-ford-edge-st-1.jpg?quality=70&amp;strip=info\" data-orig-size=\"1600,1004\" data-comments-opened=\"1\" data-image-meta=\"{&quot;aperture&quot;:&quot;9&quot;,&quot;credit&quot;:&quot;&quot;,&quot;camera&quot;:&quot;Canon EOS-1D X Mark II&quot;,&quot;caption&quot;:&quot;Edge ST features superior handling and braking, ST-tuned sport suspension, Sport Mode, new quick-shifting 8-speed transmission, standard all-wheel-drive, and the most powerful V6 engine in its class.&quot;,&quot;created_timestamp&quot;:&quot;1515718740&quot;,&quot;copyright&quot;:&quot;&quot;,&quot;focal_length&quot;:&quot;85&quot;,&quot;iso&quot;:&quot;200&quot;,&quot;shutter_speed&quot;:&quot;0.00625&quot;,&quot;title&quot;:&quot;2019 Ford Edge ST&quot;,&quot;orientation&quot;:&quot;1&quot;}\" data-image-title=\"2019 Ford Edge ST\" data-image-description=\"\" data-medium-file=\"https:\/\/abrilquatrorodas.files.wordpress.com\/2018\/01\/2019-ford-edge-st-1.jpg?quality=70&amp;strip=info&amp;w=300\" data-large-file=\"https:\/\/abrilquatrorodas.files.wordpress.com\/2018\/01\/2019-ford-edge-st-1.jpg?quality=70&amp;strip=info&amp;w=650\" data-restrict=\"false\" data-portal-copyright=\"Divulga\u00e7\u00e3o\" data-image-caption=\"Grade frontal e rodas s\u00e3o exclusivas da nova vers\u00e3o ST\" \/>\u00a0Grade frontal e rodas s\u00e3o exclusivas da nova vers\u00e3o ST<\/div>\n<div><\/div>\n<\/div>\n<div>\n<div class=\"imagem\"><img decoding=\"async\" loading=\"lazy\" title=\"Ford inicia a pr\u00e9-venda do Novo Edge ST 2019\" src=\"https:\/\/cdn1.campograndenews.com.br\/uploads\/tmp\/images\/5270534\/640x480-18657e6dccb678a3bc327c008e7ff328.jpg\" alt=\"Ford inicia a pr\u00e9-venda do Novo Edge ST 2019\" width=\"640\" height=\"426\" \/><\/div>\n<div class=\"bloco_texto_span\">\n<p>fonte: <a href=\"https:\/\/www.campograndenews.com.br\/veiculos\/ford-inicia-a-pre-venda-do-novo-edge-st-2019\">Veiculos News<\/a><\/p>\n<\/div>\n<\/div>\n<\/div>\n<\/div>\n<\/div>\n","protected":false},"excerpt":{"rendered":"<p>&nbsp; A Ford iniciou a divulga\u00e7\u00e3o do novo Edge ST 2019 no seu site, o SUV de alto desempenho, apresentado no Sal\u00e3o do Autom\u00f3vel, est\u00e1 dispon\u00edvel para reserva no programa de pr\u00e9-venda, o modelo ser\u00e1 entregue a partir de fevereiro. O Edge ST \u00e9 o primeiro da marca a ostentar a exclusiva grife Sport Technologies &hellip;<\/p>\n","protected":false},"author":5,"featured_media":2563,"comment_status":"open","ping_status":"open","sticky":false,"template":"","format":"standard","meta":[],"categories":[275],"tags":[466,371,168,55,501,234,296],"_links":{"self":[{"href":"https:\/\/www.brasal.com.br\/veiculos\/blog\/wp-json\/wp\/v2\/posts\/2553"}],"collection":[{"href":"https:\/\/www.brasal.com.br\/veiculos\/blog\/wp-json\/wp\/v2\/posts"}],"about":[{"href":"https:\/\/www.brasal.com.br\/veiculos\/blog\/wp-json\/wp\/v2\/types\/post"}],"author":[{"embeddable":true,"href":"https:\/\/www.brasal.com.br\/veiculos\/blog\/wp-json\/wp\/v2\/users\/5"}],"replies":[{"embeddable":true,"href":"https:\/\/www.brasal.com.br\/veiculos\/blog\/wp-json\/wp\/v2\/comments?post=2553"}],"version-history":[{"count":10,"href":"https:\/\/www.brasal.com.br\/veiculos\/blog\/wp-json\/wp\/v2\/posts\/2553\/revisions"}],"predecessor-version":[{"id":2564,"href":"https:\/\/www.brasal.com.br\/veiculos\/blog\/wp-json\/wp\/v2\/posts\/2553\/revisions\/2564"}],"wp:featuredmedia":[{"embeddable":true,"href":"https:\/\/www.brasal.com.br\/veiculos\/blog\/wp-json\/wp\/v2\/media\/2563"}],"wp:attachment":[{"href":"https:\/\/www.brasal.com.br\/veiculos\/blog\/wp-json\/wp\/v2\/media?parent=2553"}],"wp:term":[{"taxonomy":"category","embeddable":true,"href":"https:\/\/www.brasal.com.br\/veiculos\/blog\/wp-json\/wp\/v2\/categories?post=2553"},{"taxonomy":"post_tag","embeddable":true,"href":"https:\/\/www.brasal.com.br\/veiculos\/blog\/wp-json\/wp\/v2\/tags?post=2553"}],"curies":[{"name":"wp","href":"https:\/\/api.w.org\/{rel}","templated":true}]}}