{"id":2545,"date":"2018-11-27T10:01:33","date_gmt":"2018-11-27T12:01:33","guid":{"rendered":"http:\/\/www.brasal.com.br\/veiculos\/blog\/?p=2545"},"modified":"2018-11-27T10:16:02","modified_gmt":"2018-11-27T12:16:02","slug":"virtus-e-o-carro-do-ano-2019","status":"publish","type":"post","link":"https:\/\/www.brasal.com.br\/veiculos\/blog\/2018\/11\/27\/virtus-e-o-carro-do-ano-2019\/","title":{"rendered":"Virtus \u00e9 o carro do ano 2019"},"content":{"rendered":"<div style=\"text-align: justify;\">\n<p>Volkswagen Virtus foi o grande vencedor da quinquag\u00e9sima segunda edi\u00e7\u00e3o da mais importante premia\u00e7\u00e3o da ind\u00fastria automobil\u00edstica nacional.<\/p>\n<p><strong>Volkswagen Virtus<\/strong>\u00a0foi eleito o\u00a0<strong>Carro do Ano 2019<\/strong>. O an\u00fancio foi feito na noite do dia 26\/11 em um evento no espa\u00e7o Buffet Fran\u00e7a, em S\u00e3o Paulo. O Virtus, que foi lan\u00e7ado h\u00e1 poucos meses no mercado, foi eleito por um j\u00fari de 20 jornalistas de todo o pa\u00eds a partir de uma lista de cinco finalistas, que tamb\u00e9m contava com\u00a0<strong>Chery Tiggo 2, Citroen C4 Cactus, Fiat Cronos e Toyota Yaris<\/strong>.<\/p>\n<p><img decoding=\"async\" loading=\"lazy\" class=\"aligncenter size-full wp-image-2546\" src=\"http:\/\/www.brasal.com.br\/veiculos\/blog\/wp-content\/uploads\/2018\/11\/vw-virtus-msi-automatico-autoesporte-diogo-de-oliveira-1.jpeg\" alt=\"\" width=\"620\" height=\"413\" srcset=\"https:\/\/www.brasal.com.br\/veiculos\/blog\/wp-content\/uploads\/2018\/11\/vw-virtus-msi-automatico-autoesporte-diogo-de-oliveira-1.jpeg 620w, https:\/\/www.brasal.com.br\/veiculos\/blog\/wp-content\/uploads\/2018\/11\/vw-virtus-msi-automatico-autoesporte-diogo-de-oliveira-1-300x200.jpeg 300w\" sizes=\"(max-width: 620px) 100vw, 620px\" \/>Fonte: <a href=\"https:\/\/revistaautoesporte.globo.com\/\">Auto Esporte<\/a><\/p>\n<\/div>\n","protected":false},"excerpt":{"rendered":"<p>Volkswagen Virtus foi o grande vencedor da quinquag\u00e9sima segunda edi\u00e7\u00e3o da mais importante premia\u00e7\u00e3o da ind\u00fastria automobil\u00edstica nacional. Volkswagen Virtus\u00a0foi eleito o\u00a0Carro do Ano 2019. O an\u00fancio foi feito na noite do dia 26\/11 em um evento no espa\u00e7o Buffet Fran\u00e7a, em S\u00e3o Paulo. O Virtus, que foi lan\u00e7ado h\u00e1 poucos meses no mercado, foi &hellip;<\/p>\n","protected":false},"author":4,"featured_media":2552,"comment_status":"open","ping_status":"open","sticky":false,"template":"","format":"standard","meta":[],"categories":[170,326],"tags":[466,74,168,514,513,294,99,54],"_links":{"self":[{"href":"https:\/\/www.brasal.com.br\/veiculos\/blog\/wp-json\/wp\/v2\/posts\/2545"}],"collection":[{"href":"https:\/\/www.brasal.com.br\/veiculos\/blog\/wp-json\/wp\/v2\/posts"}],"about":[{"href":"https:\/\/www.brasal.com.br\/veiculos\/blog\/wp-json\/wp\/v2\/types\/post"}],"author":[{"embeddable":true,"href":"https:\/\/www.brasal.com.br\/veiculos\/blog\/wp-json\/wp\/v2\/users\/4"}],"replies":[{"embeddable":true,"href":"https:\/\/www.brasal.com.br\/veiculos\/blog\/wp-json\/wp\/v2\/comments?post=2545"}],"version-history":[{"count":3,"href":"https:\/\/www.brasal.com.br\/veiculos\/blog\/wp-json\/wp\/v2\/posts\/2545\/revisions"}],"predecessor-version":[{"id":2550,"href":"https:\/\/www.brasal.com.br\/veiculos\/blog\/wp-json\/wp\/v2\/posts\/2545\/revisions\/2550"}],"wp:featuredmedia":[{"embeddable":true,"href":"https:\/\/www.brasal.com.br\/veiculos\/blog\/wp-json\/wp\/v2\/media\/2552"}],"wp:attachment":[{"href":"https:\/\/www.brasal.com.br\/veiculos\/blog\/wp-json\/wp\/v2\/media?parent=2545"}],"wp:term":[{"taxonomy":"category","embeddable":true,"href":"https:\/\/www.brasal.com.br\/veiculos\/blog\/wp-json\/wp\/v2\/categories?post=2545"},{"taxonomy":"post_tag","embeddable":true,"href":"https:\/\/www.brasal.com.br\/veiculos\/blog\/wp-json\/wp\/v2\/tags?post=2545"}],"curies":[{"name":"wp","href":"https:\/\/api.w.org\/{rel}","templated":true}]}}