{"id":2524,"date":"2018-11-27T09:03:46","date_gmt":"2018-11-27T11:03:46","guid":{"rendered":"http:\/\/www.brasal.com.br\/veiculos\/blog\/?p=2524"},"modified":"2018-11-27T09:11:57","modified_gmt":"2018-11-27T11:11:57","slug":"carros-faceis-e-baratos-de-consertar","status":"publish","type":"post","link":"https:\/\/www.brasal.com.br\/veiculos\/blog\/2018\/11\/27\/carros-faceis-e-baratos-de-consertar\/","title":{"rendered":"Os carros mais f\u00e1ceis e baratos de consertar de 2018"},"content":{"rendered":"<div style=\"text-align: justify;\">\n<p>A edi\u00e7\u00e3o 2018 do Ranking Car Group (do CESVI Brasil) teve dom\u00ednio da<strong> Volkswagen<\/strong>, vencedora de 7 das 11 categorias.<\/p>\n<p><img decoding=\"async\" loading=\"lazy\" class=\" wp-image-2525 alignleft\" src=\"http:\/\/www.brasal.com.br\/veiculos\/blog\/wp-content\/uploads\/2018\/11\/01up.jpg\" alt=\"\" width=\"350\" height=\"233\" srcset=\"https:\/\/www.brasal.com.br\/veiculos\/blog\/wp-content\/uploads\/2018\/11\/01up.jpg 1920w, https:\/\/www.brasal.com.br\/veiculos\/blog\/wp-content\/uploads\/2018\/11\/01up-300x200.jpg 300w, https:\/\/www.brasal.com.br\/veiculos\/blog\/wp-content\/uploads\/2018\/11\/01up-768x512.jpg 768w, https:\/\/www.brasal.com.br\/veiculos\/blog\/wp-content\/uploads\/2018\/11\/01up-1024x683.jpg 1024w, https:\/\/www.brasal.com.br\/veiculos\/blog\/wp-content\/uploads\/2018\/11\/01up-310x205.jpg 310w\" sizes=\"(max-width: 350px) 100vw, 350px\" \/><\/p>\n<p><span class=\"photo-current\">1 |\u00a0<\/span><span class=\"divisor\">11<br \/>\n<\/span><strong>Volkswagen UP!<\/strong><\/p>\n<div class=\"photo-text\">\n<div class=\"photo-description\">\n<p>O melhor hatch compacto foi o UP! com \u00edndice 10 &#8212; quanto menor a nota, mais f\u00e1cil e menor \u00e9 o custo de reparabilidade do ve\u00edculo.<\/p>\n<p>&nbsp;<\/p>\n<p>&nbsp;<\/p>\n<p>&nbsp;<\/p>\n<div class=\"photo-count\"><span class=\"photo-current\"><img decoding=\"async\" loading=\"lazy\" class=\" wp-image-2526 alignleft\" src=\"http:\/\/www.brasal.com.br\/veiculos\/blog\/wp-content\/uploads\/2018\/11\/02Polo.jpg\" alt=\"\" width=\"351\" height=\"235\" srcset=\"https:\/\/www.brasal.com.br\/veiculos\/blog\/wp-content\/uploads\/2018\/11\/02Polo.jpg 1920w, https:\/\/www.brasal.com.br\/veiculos\/blog\/wp-content\/uploads\/2018\/11\/02Polo-300x200.jpg 300w, https:\/\/www.brasal.com.br\/veiculos\/blog\/wp-content\/uploads\/2018\/11\/02Polo-768x512.jpg 768w, https:\/\/www.brasal.com.br\/veiculos\/blog\/wp-content\/uploads\/2018\/11\/02Polo-1024x683.jpg 1024w, https:\/\/www.brasal.com.br\/veiculos\/blog\/wp-content\/uploads\/2018\/11\/02Polo-110x75.jpg 110w\" sizes=\"(max-width: 351px) 100vw, 351px\" \/>2 |\u00a0<\/span><span class=\"divisor\">11<br \/>\n<\/span><strong>Volkswagen Polo<\/strong><\/div>\n<div class=\"photo-text\">\n<div class=\"photo-description\">\n<p>O Novo Polo foi o vencedor na categoria hatch compacto com o mesmo \u00edndice 10 do Up.<\/p>\n<p>&nbsp;<\/p>\n<p>&nbsp;<\/p>\n<p>&nbsp;<\/p>\n<div class=\"photo-count\"><span class=\"photo-current\"><br \/>\n<img decoding=\"async\" loading=\"lazy\" class=\" wp-image-2527 alignleft\" src=\"http:\/\/www.brasal.com.br\/veiculos\/blog\/wp-content\/uploads\/2018\/11\/03Up.jpg\" alt=\"\" width=\"347\" height=\"231\" srcset=\"https:\/\/www.brasal.com.br\/veiculos\/blog\/wp-content\/uploads\/2018\/11\/03Up.jpg 1500w, https:\/\/www.brasal.com.br\/veiculos\/blog\/wp-content\/uploads\/2018\/11\/03Up-300x200.jpg 300w, https:\/\/www.brasal.com.br\/veiculos\/blog\/wp-content\/uploads\/2018\/11\/03Up-768x513.jpg 768w, https:\/\/www.brasal.com.br\/veiculos\/blog\/wp-content\/uploads\/2018\/11\/03Up-1024x683.jpg 1024w, https:\/\/www.brasal.com.br\/veiculos\/blog\/wp-content\/uploads\/2018\/11\/03Up-310x205.jpg 310w\" sizes=\"(max-width: 347px) 100vw, 347px\" \/>3 | <\/span><span class=\"divisor\">11<\/span><\/p>\n<div class=\"tools\" data-animate=\"\"><strong>Volkswagen Cross UP! TSI<\/strong><\/div>\n<div class=\"photo-text\">\n<div class=\"photo-description\">\n<p>A categoria Hatch Compacto Off-Road apontou o Cross UP! como modelo mais f\u00e1cil e barato de reparar, tamb\u00e9m com \u00edndice 10.<\/p>\n<p>&nbsp;<\/p>\n<p>&nbsp;<\/p>\n<p>&nbsp;<\/p>\n<div class=\"photo-count\">\n<p><span class=\"photo-current\"><img decoding=\"async\" loading=\"lazy\" class=\" wp-image-2528 alignleft\" src=\"http:\/\/www.brasal.com.br\/veiculos\/blog\/wp-content\/uploads\/2018\/11\/04Saveiro.jpg\" alt=\"\" width=\"346\" height=\"195\" srcset=\"https:\/\/www.brasal.com.br\/veiculos\/blog\/wp-content\/uploads\/2018\/11\/04Saveiro.jpg 1920w, https:\/\/www.brasal.com.br\/veiculos\/blog\/wp-content\/uploads\/2018\/11\/04Saveiro-300x169.jpg 300w, https:\/\/www.brasal.com.br\/veiculos\/blog\/wp-content\/uploads\/2018\/11\/04Saveiro-768x432.jpg 768w, https:\/\/www.brasal.com.br\/veiculos\/blog\/wp-content\/uploads\/2018\/11\/04Saveiro-1024x576.jpg 1024w\" sizes=\"(max-width: 346px) 100vw, 346px\" \/>4 |\u00a0<\/span><span class=\"divisor\">11<br \/>\n<\/span><strong>Volkswagen Saveiro CS<\/strong><\/p>\n<div class=\"photo-text\">\n<div class=\"photo-description\">\n<p>A Saveiro levou a melhor em 2 categorias; a primeira foi de picape compacta cabine simples com \u00edndice 27.<\/p>\n<p>&nbsp;<\/p>\n<p>&nbsp;<\/p>\n<p>&nbsp;<\/p>\n<div class=\"photo-count\">\n<p><span class=\"photo-current\"><img decoding=\"async\" loading=\"lazy\" class=\" wp-image-2529 alignleft\" src=\"http:\/\/www.brasal.com.br\/veiculos\/blog\/wp-content\/uploads\/2018\/11\/07Sveiro.jpg\" alt=\"\" width=\"347\" height=\"195\" srcset=\"https:\/\/www.brasal.com.br\/veiculos\/blog\/wp-content\/uploads\/2018\/11\/07Sveiro.jpg 1920w, https:\/\/www.brasal.com.br\/veiculos\/blog\/wp-content\/uploads\/2018\/11\/07Sveiro-300x169.jpg 300w, https:\/\/www.brasal.com.br\/veiculos\/blog\/wp-content\/uploads\/2018\/11\/07Sveiro-768x432.jpg 768w, https:\/\/www.brasal.com.br\/veiculos\/blog\/wp-content\/uploads\/2018\/11\/07Sveiro-1024x576.jpg 1024w\" sizes=\"(max-width: 347px) 100vw, 347px\" \/>5 |\u00a0<\/span><span class=\"divisor\">11<br \/>\n<\/span><strong>Volkswagen Saveiro CD<\/strong><\/p>\n<div class=\"photo-text\">\n<div class=\"photo-description\">\n<p>Na categoria Picape Compacta Cabine Dupla, a Saveiro CD levou a melhor com \u00edndice 28.<\/p>\n<p>&nbsp;<\/p>\n<p>&nbsp;<\/p>\n<p>&nbsp;<\/p>\n<div class=\"photo-count\">\n<p><span class=\"photo-current\"><img decoding=\"async\" loading=\"lazy\" class=\" wp-image-2530 alignleft\" src=\"http:\/\/www.brasal.com.br\/veiculos\/blog\/wp-content\/uploads\/2018\/11\/08Virtus.jpg\" alt=\"\" width=\"346\" height=\"195\" srcset=\"https:\/\/www.brasal.com.br\/veiculos\/blog\/wp-content\/uploads\/2018\/11\/08Virtus.jpg 1920w, https:\/\/www.brasal.com.br\/veiculos\/blog\/wp-content\/uploads\/2018\/11\/08Virtus-300x169.jpg 300w, https:\/\/www.brasal.com.br\/veiculos\/blog\/wp-content\/uploads\/2018\/11\/08Virtus-768x432.jpg 768w, https:\/\/www.brasal.com.br\/veiculos\/blog\/wp-content\/uploads\/2018\/11\/08Virtus-1024x576.jpg 1024w\" sizes=\"(max-width: 346px) 100vw, 346px\" \/>6 |\u00a0<\/span><span class=\"divisor\">11<br \/>\n<\/span><strong>Volkswagen Virtus<\/strong><\/p>\n<div class=\"photo-text\">\n<div class=\"photo-description\">\n<p>O Virtus venceu a categoria de sed\u00e3s compactos com \u00edndice 10.<\/p>\n<p>&nbsp;<\/p>\n<p>&nbsp;<\/p>\n<p>&nbsp;<\/p>\n<div class=\"photo-count\">\n<p><span class=\"photo-current\"><img decoding=\"async\" loading=\"lazy\" class=\" wp-image-2531 alignleft\" src=\"http:\/\/www.brasal.com.br\/veiculos\/blog\/wp-content\/uploads\/2018\/11\/09Cirtoen.jpg\" alt=\"\" width=\"344\" height=\"230\" srcset=\"https:\/\/www.brasal.com.br\/veiculos\/blog\/wp-content\/uploads\/2018\/11\/09Cirtoen.jpg 1920w, https:\/\/www.brasal.com.br\/veiculos\/blog\/wp-content\/uploads\/2018\/11\/09Cirtoen-300x200.jpg 300w, https:\/\/www.brasal.com.br\/veiculos\/blog\/wp-content\/uploads\/2018\/11\/09Cirtoen-768x512.jpg 768w, https:\/\/www.brasal.com.br\/veiculos\/blog\/wp-content\/uploads\/2018\/11\/09Cirtoen-1024x682.jpg 1024w, https:\/\/www.brasal.com.br\/veiculos\/blog\/wp-content\/uploads\/2018\/11\/09Cirtoen-110x75.jpg 110w\" sizes=\"(max-width: 344px) 100vw, 344px\" \/>7 |\u00a0<\/span><span class=\"divisor\">11<br \/>\n<\/span><strong>Citro\u00ebn C4 Lounge<\/strong><\/p>\n<div class=\"photo-text\">\n<div class=\"photo-description\">\n<p>Mesmo com um \u00edndice relativamente alto comparando com outras categorias, o Citro\u00ebn C4 Lounge foi o campe\u00e3o da categoria Sed\u00e3s M\u00e9dios com 40 pontos.<\/p>\n<p>&nbsp;<\/p>\n<p>&nbsp;<\/p>\n<p>&nbsp;<\/p>\n<div class=\"photo-count\"><span class=\"photo-current\"><br \/>\n<img decoding=\"async\" loading=\"lazy\" class=\" wp-image-2532 alignleft\" src=\"http:\/\/www.brasal.com.br\/veiculos\/blog\/wp-content\/uploads\/2018\/11\/10citroen.jpg\" alt=\"\" width=\"345\" height=\"230\" srcset=\"https:\/\/www.brasal.com.br\/veiculos\/blog\/wp-content\/uploads\/2018\/11\/10citroen.jpg 1920w, https:\/\/www.brasal.com.br\/veiculos\/blog\/wp-content\/uploads\/2018\/11\/10citroen-300x200.jpg 300w, https:\/\/www.brasal.com.br\/veiculos\/blog\/wp-content\/uploads\/2018\/11\/10citroen-768x512.jpg 768w, https:\/\/www.brasal.com.br\/veiculos\/blog\/wp-content\/uploads\/2018\/11\/10citroen-1024x682.jpg 1024w\" sizes=\"(max-width: 345px) 100vw, 345px\" \/>8 |\u00a0<\/span><span class=\"divisor\">11<\/span><\/p>\n<div class=\"tools\" data-animate=\"\"><strong>Citro\u00ebn Aircross<\/strong><\/div>\n<div class=\"photo-text\">\n<div class=\"photo-description\">\n<p>O Aircross venceu a categoria Minivan Compacta obtendo um \u00edndice de 31 pontos.<\/p>\n<p>&nbsp;<\/p>\n<p>&nbsp;<\/p>\n<p>&nbsp;<\/p>\n<div class=\"photo-count\">\n<p><span class=\"photo-current\"><img decoding=\"async\" loading=\"lazy\" class=\" wp-image-2533 alignleft\" src=\"http:\/\/www.brasal.com.br\/veiculos\/blog\/wp-content\/uploads\/2018\/11\/10Space.jpg\" alt=\"\" width=\"350\" height=\"197\" srcset=\"https:\/\/www.brasal.com.br\/veiculos\/blog\/wp-content\/uploads\/2018\/11\/10Space.jpg 1280w, https:\/\/www.brasal.com.br\/veiculos\/blog\/wp-content\/uploads\/2018\/11\/10Space-300x169.jpg 300w, https:\/\/www.brasal.com.br\/veiculos\/blog\/wp-content\/uploads\/2018\/11\/10Space-768x432.jpg 768w, https:\/\/www.brasal.com.br\/veiculos\/blog\/wp-content\/uploads\/2018\/11\/10Space-1024x576.jpg 1024w\" sizes=\"(max-width: 350px) 100vw, 350px\" \/>9 |\u00a0<\/span><span class=\"divisor\">11<br \/>\n<\/span><strong>Volkswagen SpaceFox<\/strong><\/p>\n<div class=\"photo-text\">\n<div class=\"photo-description\">\n<p>Quase em extin\u00e7\u00e3o, a categoria de Station Wagon Compacta teve a SpaceFox como grande vencedora: 16 pontos.<\/p>\n<p>&nbsp;<\/p>\n<\/div>\n<p>&nbsp;<\/p>\n<div style=\"text-align: justify;\">\n<div class=\"photo-text\">\n<div class=\"photo-description\">\n<div class=\"photo-count\">\n<p><span class=\"photo-current\"><img decoding=\"async\" loading=\"lazy\" class=\" wp-image-2534 alignleft\" src=\"http:\/\/www.brasal.com.br\/veiculos\/blog\/wp-content\/uploads\/2018\/11\/11Space.jpg\" alt=\"\" width=\"355\" height=\"221\" srcset=\"https:\/\/www.brasal.com.br\/veiculos\/blog\/wp-content\/uploads\/2018\/11\/11Space.jpg 1500w, https:\/\/www.brasal.com.br\/veiculos\/blog\/wp-content\/uploads\/2018\/11\/11Space-300x187.jpg 300w, https:\/\/www.brasal.com.br\/veiculos\/blog\/wp-content\/uploads\/2018\/11\/11Space-768x480.jpg 768w, https:\/\/www.brasal.com.br\/veiculos\/blog\/wp-content\/uploads\/2018\/11\/11Space-1024x640.jpg 1024w\" sizes=\"(max-width: 355px) 100vw, 355px\" \/>10 |\u00a0<\/span><span class=\"divisor\">11<br \/>\n<\/span><strong>Peugeot 2008<\/strong><\/p>\n<\/div>\n<div class=\"photo-text\">\n<div class=\"photo-description\">\n<p>O Peugeot 2008 superou v\u00e1rios rivais na categoria de Utilit\u00e1rio Esportivo com \u00edndice 31.<\/p>\n<\/div>\n<\/div>\n<\/div>\n<\/div>\n<p>&nbsp;<\/p>\n<p>&nbsp;<\/p>\n<p>&nbsp;<\/p>\n<p><img decoding=\"async\" loading=\"lazy\" class=\"wp-image-2535 alignleft\" src=\"http:\/\/www.brasal.com.br\/veiculos\/blog\/wp-content\/uploads\/2018\/11\/11suzuki.jpg\" alt=\"\" width=\"357\" height=\"238\" srcset=\"https:\/\/www.brasal.com.br\/veiculos\/blog\/wp-content\/uploads\/2018\/11\/11suzuki.jpg 1920w, https:\/\/www.brasal.com.br\/veiculos\/blog\/wp-content\/uploads\/2018\/11\/11suzuki-300x200.jpg 300w, https:\/\/www.brasal.com.br\/veiculos\/blog\/wp-content\/uploads\/2018\/11\/11suzuki-768x512.jpg 768w, https:\/\/www.brasal.com.br\/veiculos\/blog\/wp-content\/uploads\/2018\/11\/11suzuki-1024x683.jpg 1024w\" sizes=\"(max-width: 357px) 100vw, 357px\" \/><\/p>\n<div class=\"photo-count\">\n<p><span class=\"photo-current\">11 |\u00a0<\/span><span class=\"divisor\">11<br \/>\n<\/span><strong>Suzuki Jimny<\/strong><\/p>\n<\/div>\n<div class=\"photo-text\">\n<div class=\"photo-description\">\n<p>O Suzuki Jimny levou a melhor na categoria de Utilit\u00e1rio Esportivo Off-Road com \u00edndice 31.<\/p>\n<\/div>\n<\/div>\n<p>&nbsp;<\/p>\n<p>&nbsp;<\/p>\n<p>&nbsp;<\/p>\n<p>Fonte: <a href=\"https:\/\/carros.uol.com.br\/\">Uol Carros<\/a><\/p>\n<\/div>\n<\/div>\n<\/div>\n<\/div>\n<\/div>\n<\/div>\n<\/div>\n<\/div>\n<\/div>\n<\/div>\n<\/div>\n<\/div>\n<\/div>\n<\/div>\n<\/div>\n<\/div>\n<\/div>\n<\/div>\n<\/div>\n<\/div>\n<\/div>\n<\/div>\n<\/div>\n<\/div>\n<\/div>\n<\/div>\n","protected":false},"excerpt":{"rendered":"<p>A edi\u00e7\u00e3o 2018 do Ranking Car Group (do CESVI Brasil) teve dom\u00ednio da Volkswagen, vencedora de 7 das 11 categorias. 1 |\u00a011 Volkswagen UP! O melhor hatch compacto foi o UP! com \u00edndice 10 &#8212; quanto menor a nota, mais f\u00e1cil e menor \u00e9 o custo de reparabilidade do ve\u00edculo. &nbsp; &nbsp; &nbsp; 2 |\u00a011 &hellip;<\/p>\n","protected":false},"author":4,"featured_media":2525,"comment_status":"open","ping_status":"open","sticky":false,"template":"","format":"standard","meta":[],"categories":[39,170],"tags":[511,512,45,510,509,99,54],"_links":{"self":[{"href":"https:\/\/www.brasal.com.br\/veiculos\/blog\/wp-json\/wp\/v2\/posts\/2524"}],"collection":[{"href":"https:\/\/www.brasal.com.br\/veiculos\/blog\/wp-json\/wp\/v2\/posts"}],"about":[{"href":"https:\/\/www.brasal.com.br\/veiculos\/blog\/wp-json\/wp\/v2\/types\/post"}],"author":[{"embeddable":true,"href":"https:\/\/www.brasal.com.br\/veiculos\/blog\/wp-json\/wp\/v2\/users\/4"}],"replies":[{"embeddable":true,"href":"https:\/\/www.brasal.com.br\/veiculos\/blog\/wp-json\/wp\/v2\/comments?post=2524"}],"version-history":[{"count":9,"href":"https:\/\/www.brasal.com.br\/veiculos\/blog\/wp-json\/wp\/v2\/posts\/2524\/revisions"}],"predecessor-version":[{"id":2544,"href":"https:\/\/www.brasal.com.br\/veiculos\/blog\/wp-json\/wp\/v2\/posts\/2524\/revisions\/2544"}],"wp:featuredmedia":[{"embeddable":true,"href":"https:\/\/www.brasal.com.br\/veiculos\/blog\/wp-json\/wp\/v2\/media\/2525"}],"wp:attachment":[{"href":"https:\/\/www.brasal.com.br\/veiculos\/blog\/wp-json\/wp\/v2\/media?parent=2524"}],"wp:term":[{"taxonomy":"category","embeddable":true,"href":"https:\/\/www.brasal.com.br\/veiculos\/blog\/wp-json\/wp\/v2\/categories?post=2524"},{"taxonomy":"post_tag","embeddable":true,"href":"https:\/\/www.brasal.com.br\/veiculos\/blog\/wp-json\/wp\/v2\/tags?post=2524"}],"curies":[{"name":"wp","href":"https:\/\/api.w.org\/{rel}","templated":true}]}}