{"id":2502,"date":"2018-11-01T15:16:42","date_gmt":"2018-11-01T18:16:42","guid":{"rendered":"http:\/\/www.brasal.com.br\/veiculos\/blog\/?p=2502"},"modified":"2018-11-01T15:34:41","modified_gmt":"2018-11-01T18:34:41","slug":"horario-de-verao-ajuste-o-relogio-do-seu-carro","status":"publish","type":"post","link":"https:\/\/www.brasal.com.br\/veiculos\/blog\/2018\/11\/01\/horario-de-verao-ajuste-o-relogio-do-seu-carro\/","title":{"rendered":"Hor\u00e1rio de Ver\u00e3o: Aprenda a ajustar o rel\u00f3gio do seu Volkswagen"},"content":{"rendered":"<div style=\"text-align: justify;\">\n<p><strong>O hor\u00e1rio de ver\u00e3o est\u00e1 chegando!!\u00a0<\/strong>E pra n\u00e3o precisar ficar calculando que horas s\u00e3o ao olhar o rel\u00f3gio do seu carro, a\u00a0gente te ensina a mudar a hora do seu Volkswagen.<br \/>\n\u00c9 s\u00f3 apertar o play aqui embaixo &#8211; a gente promete que \u00e9 bem facinho:<\/p>\n<div style=\"width: 618px;\" class=\"wp-video\"><!--[if lt IE 9]><script>document.createElement('video');<\/script><![endif]-->\n<video class=\"wp-video-shortcode\" id=\"video-2502-1\" width=\"618\" height=\"1099\" preload=\"metadata\" controls=\"controls\"><source type=\"video\/mp4\" src=\"http:\/\/www.brasal.com.br\/veiculos\/blog\/wp-content\/uploads\/2018\/11\/112018_Hor\u00e1riodeVer\u00e3oJetta-1.mp4?_=1\" \/><a href=\"http:\/\/www.brasal.com.br\/veiculos\/blog\/wp-content\/uploads\/2018\/11\/112018_Hor\u00e1riodeVer\u00e3oJetta-1.mp4\">http:\/\/www.brasal.com.br\/veiculos\/blog\/wp-content\/uploads\/2018\/11\/112018_Hor\u00e1riodeVer\u00e3oJetta-1.mp4<\/a><\/video><\/div>\n<h3>Eai, voc\u00ea gosta ou n\u00e3o gosta do hor\u00e1rio de ver\u00e3o? #AGenteGosta \ud83d\ude42<\/h3>\n<\/div>\n","protected":false},"excerpt":{"rendered":"<p>O hor\u00e1rio de ver\u00e3o est\u00e1 chegando!!\u00a0E pra n\u00e3o precisar ficar calculando que horas s\u00e3o ao olhar o rel\u00f3gio do seu carro, a\u00a0gente te ensina a mudar a hora do seu Volkswagen. \u00c9 s\u00f3 apertar o play aqui embaixo &#8211; a gente promete que \u00e9 bem facinho: Eai, voc\u00ea gosta ou n\u00e3o gosta do hor\u00e1rio de &hellip;<\/p>\n","protected":false},"author":4,"featured_media":2509,"comment_status":"open","ping_status":"open","sticky":false,"template":"","format":"standard","meta":[],"categories":[1,39],"tags":[447,450,506,449,206,505,327,207,448,99],"_links":{"self":[{"href":"https:\/\/www.brasal.com.br\/veiculos\/blog\/wp-json\/wp\/v2\/posts\/2502"}],"collection":[{"href":"https:\/\/www.brasal.com.br\/veiculos\/blog\/wp-json\/wp\/v2\/posts"}],"about":[{"href":"https:\/\/www.brasal.com.br\/veiculos\/blog\/wp-json\/wp\/v2\/types\/post"}],"author":[{"embeddable":true,"href":"https:\/\/www.brasal.com.br\/veiculos\/blog\/wp-json\/wp\/v2\/users\/4"}],"replies":[{"embeddable":true,"href":"https:\/\/www.brasal.com.br\/veiculos\/blog\/wp-json\/wp\/v2\/comments?post=2502"}],"version-history":[{"count":4,"href":"https:\/\/www.brasal.com.br\/veiculos\/blog\/wp-json\/wp\/v2\/posts\/2502\/revisions"}],"predecessor-version":[{"id":2508,"href":"https:\/\/www.brasal.com.br\/veiculos\/blog\/wp-json\/wp\/v2\/posts\/2502\/revisions\/2508"}],"wp:featuredmedia":[{"embeddable":true,"href":"https:\/\/www.brasal.com.br\/veiculos\/blog\/wp-json\/wp\/v2\/media\/2509"}],"wp:attachment":[{"href":"https:\/\/www.brasal.com.br\/veiculos\/blog\/wp-json\/wp\/v2\/media?parent=2502"}],"wp:term":[{"taxonomy":"category","embeddable":true,"href":"https:\/\/www.brasal.com.br\/veiculos\/blog\/wp-json\/wp\/v2\/categories?post=2502"},{"taxonomy":"post_tag","embeddable":true,"href":"https:\/\/www.brasal.com.br\/veiculos\/blog\/wp-json\/wp\/v2\/tags?post=2502"}],"curies":[{"name":"wp","href":"https:\/\/api.w.org\/{rel}","templated":true}]}}