{"id":2471,"date":"2018-10-23T14:21:38","date_gmt":"2018-10-23T17:21:38","guid":{"rendered":"http:\/\/www.brasal.com.br\/veiculos\/blog\/?p=2471"},"modified":"2018-10-23T14:47:36","modified_gmt":"2018-10-23T17:47:36","slug":"spoiler-suv-volkswagen-t-cross","status":"publish","type":"post","link":"https:\/\/www.brasal.com.br\/veiculos\/blog\/2018\/10\/23\/spoiler-suv-volkswagen-t-cross\/","title":{"rendered":"Spoiler: O que j\u00e1 se sabe do SUV compacto T-Cross."},"content":{"rendered":"<div style=\"text-align: justify;\">\n<div class=\"mc-column content-text active-extra-styles active-capital-letter\" data-block-type=\"unstyled\" data-block-weight=\"39\" data-block-id=\"2\">\n<p class=\"content-text__container theme-color-primary-first-letter\" data-track-category=\"Link no Texto\" data-track-links=\"\">Estamos prestes a conhecer a vers\u00e3o final do\u00a0<a href=\"http:\/\/g1.globo.com\/carros\/modelos\/volkswagen-t-cross.html\">T-Cross<\/a>. Mas mesmo o lan\u00e7amento sendo na pr\u00f3xima quinta-feira (25), em eventos simult\u00e2neos no Brasil e na Europa, a Volkswagen j\u00e1 divulgou um teaser com novas imagens do modelo. Vem conhecer!<\/p>\n<\/div>\n<div class=\"row medium-uncollapsed content-media content-photo\" data-block-type=\"backstage-photo\" data-block-id=\"5\">\n<div class=\"column medium-22 large-20 medium-centered content-media__container\">\n<div class=\"progressive-img can-open-lightbox\" data-min-size=\"1008x614\" data-min-size-url=\"https:\/\/s2.glbimg.com\/k0Jg0JAos8EbZUA0PiCJz1j8Kk4=\/0x0:1574x960\/1008x0\/smart\/filters:strip_icc()\/i.s3.glbimg.com\/v1\/AUTH_59edd422c0c84a879bd37670ae4f538a\/internal_photos\/bs\/2018\/u\/x\/2dAp92QCq2yvJCbQ2FAw\/tcross1.jpg\" data-max-size=\"1600x975\" data-max-size-url=\"https:\/\/s2.glbimg.com\/sVXJSMSFhgA0TcrOuVM3GvUGzX8=\/0x0:1574x960\/1600x0\/smart\/filters:strip_icc()\/i.s3.glbimg.com\/v1\/AUTH_59edd422c0c84a879bd37670ae4f538a\/internal_photos\/bs\/2018\/u\/x\/2dAp92QCq2yvJCbQ2FAw\/tcross1.jpg\" data-media-index=\"1\">\n<div class=\"placeholder-container\"><picture><img decoding=\"async\" class=\"image content-media__image progressive-loaded\" title=\"Volante do Volkswagen T-Cross \u2014 Foto: Reprodu\u00e7\u00e3o\" src=\"https:\/\/s2.glbimg.com\/k0Jg0JAos8EbZUA0PiCJz1j8Kk4=\/0x0:1574x960\/1008x0\/smart\/filters:strip_icc()\/i.s3.glbimg.com\/v1\/AUTH_59edd422c0c84a879bd37670ae4f538a\/internal_photos\/bs\/2018\/u\/x\/2dAp92QCq2yvJCbQ2FAw\/tcross1.jpg\" alt=\"Volante do Volkswagen T-Cross \u2014 Foto: Reprodu\u00e7\u00e3o\" data-src=\"https:\/\/s2.glbimg.com\/k0Jg0JAos8EbZUA0PiCJz1j8Kk4=\/0x0:1574x960\/1008x0\/smart\/filters:strip_icc()\/i.s3.glbimg.com\/v1\/AUTH_59edd422c0c84a879bd37670ae4f538a\/internal_photos\/bs\/2018\/u\/x\/2dAp92QCq2yvJCbQ2FAw\/tcross1.jpg\" \/><\/picture><\/div>\n<\/div>\n<\/div>\n<\/div>\n<div class=\"mc-column content-text active-extra-styles \" data-block-type=\"unstyled\" data-block-weight=\"22\" data-block-id=\"6\">\n<p data-track-category=\"Link no Texto\" data-track-links=\"\">\n<p class=\"content-text__container \" data-track-category=\"Link no Texto\" data-track-links=\"\">No v\u00eddeo, de pouco menos de 20 segundos, aparecem detalhes como rodas, far\u00f3is, lanternas, bancos e volante, que por sinal, traz desenho in\u00e9dito, com a parte central menor, em forma de hexagono e bot\u00f5es em nova disposi\u00e7\u00e3o.<\/p>\n<\/div>\n<div class=\"mc-column content-text active-extra-styles \" data-block-type=\"unstyled\" data-block-weight=\"29\" data-block-id=\"7\">\n<p class=\"content-text__container \" data-track-category=\"Link no Texto\" data-track-links=\"\">Al\u00e9m disso, \u00e9 poss\u00edvel ver o contorno dos far\u00f3is principais e de neblina, das lanternas com luzes e LED e da inscri\u00e7\u00e3o T-Cross no centro da tampa do porta-malas.<\/p>\n<\/div>\n<div class=\"mc-column content-text active-extra-styles \" data-block-type=\"unstyled\" data-block-weight=\"20\" data-block-id=\"8\">\n<p class=\"content-text__container \" data-track-category=\"Link no Texto\" data-track-links=\"\">Tamb\u00e9m \u00e9 poss\u00edvel identificar a inscri\u00e7\u00e3o R-Line na grade frontal, referente \u00e0s vers\u00f5es com visual esportivo dos carros da Volkswagen.<\/p>\n<\/div>\n<div class=\"mc-column content-media content-media--normal content-video\" data-block-type=\"youtube\" data-block-id=\"9\">\n<div class=\"content-media__container\">\n<div class=\"block-youtube\"><iframe loading=\"lazy\" src=\"https:\/\/www.youtube.com\/embed\/BBYHikQI94k?origin=http:\/\/g1.globo.com\" width=\"640px\" height=\"360px\" frameborder=\"0\" allowfullscreen=\"allowfullscreen\" data-mce-fragment=\"1\"><\/iframe><\/div>\n<\/div>\n<\/div>\n<div class=\"content-ads content-ads--reveal\" data-block-type=\"ads\" data-block-id=\"10\">\n<div id=\"banner_materia2\" class=\"tag-manager-publicidade-container has-reveal has-ad-lazyload tag-manager-publicidade-banner_materia2 tag-manager-publicidade-container--carregado tag-manager-publicidade-container--visivel\" data-id=\"banner_materia2\" data-google-query-id=\"CP3xhamGnd4CFYkFgQodLSgGXQ\" data-cid=\"138247828906\" data-lid=\"4833926392\">\n<div id=\"google_ads_iframe_\/95377733\/tvg_G1\/Carros_2__container__\"><\/div>\n<\/div>\n<\/div>\n<div class=\"mc-column content-text active-extra-styles\" data-block-type=\"raw\" data-block-weight=\"6\" data-block-id=\"11\">\n<div class=\"content-intertitle\">\n<h2>O que se sabe do T-Cross<\/h2>\n<\/div>\n<\/div>\n<div class=\"mc-column content-text active-extra-styles \" data-block-type=\"unstyled\" data-block-weight=\"36\" data-block-id=\"12\">\n<p class=\"content-text__container \" data-track-category=\"Link no Texto\" data-track-links=\"\">O T-Cross ser\u00e1 vendido no Brasil com duas motoriza\u00e7\u00f5es, sempre turbo: 1.0 de 3 cilindros e 128 cavalos e 1.4 de 4 cilindros e 150 cv. A transmiss\u00e3o, nos dois casos, ser\u00e1 autom\u00e1tica, de 6 marchas.<\/p>\n<\/div>\n<div class=\"mc-column content-text active-extra-styles \" data-block-type=\"unstyled\" data-block-weight=\"39\" data-block-id=\"13\">\n<p class=\"content-text__container \" data-track-category=\"Link no Texto\" data-track-links=\"\">Sua carroceria \u00e9 de 4,20 metros e o porta-malas varia de 373 litros a 420 l.\u00a0O entre-eixos, \u00e9 maior que o habitual, medindo 2,65 m. O T-Cross usa a mesma base de Polo e Golf, a plataforma MQB.<\/p>\n<\/div>\n<div class=\"row medium-uncollapsed content-media content-photo\" data-block-type=\"backstage-photo\" data-block-id=\"14\">\n<div class=\"mc-column content-media__container\">\n<div class=\"progressive-img can-open-lightbox\" data-min-size=\"1008x631\" data-min-size-url=\"https:\/\/s2.glbimg.com\/YgeGvccTr2PxDgBpjF14_MvnZMI=\/0x0:1700x1065\/1008x0\/smart\/filters:strip_icc()\/i.s3.glbimg.com\/v1\/AUTH_59edd422c0c84a879bd37670ae4f538a\/internal_photos\/bs\/2018\/4\/q\/zzK6ZBTomh5Bj2E70G5A\/volkswagen-t-cross-dimensoes.jpg\" data-max-size=\"1600x1002\" data-max-size-url=\"https:\/\/s2.glbimg.com\/lv3Lqw8H0QMBvPOEJe4DnS7UrrM=\/0x0:1700x1065\/1600x0\/smart\/filters:strip_icc()\/i.s3.glbimg.com\/v1\/AUTH_59edd422c0c84a879bd37670ae4f538a\/internal_photos\/bs\/2018\/4\/q\/zzK6ZBTomh5Bj2E70G5A\/volkswagen-t-cross-dimensoes.jpg\" data-media-index=\"2\">\n<div class=\"placeholder-container\"><\/div>\n<p><img decoding=\"async\" class=\"progressive-draft\" title=\"Veja as medidas do Volkswagen T-Cross para o Brasil \u2014 Foto: Divulga\u00e7\u00e3o\" src=\"data:image\/jpeg;base64,\/9j\/4AAQSkZJRgABAQAAAQABAAD\/2wBDAAMCAgMCAgMDAwMEAwMEBQgFBQQEBQoHBwYIDAoMDAsKCwsNDhIQDQ4RDgsLEBYQERMUFRUVDA8XGBYUGBIUFRT\/2wBDAQMEBAUEBQkFBQkUDQsNFBQUFBQUFBQUFBQUFBQUFBQUFBQUFBQUFBQUFBQUFBQUFBQUFBQUFBQUFBQUFBQUFBT\/wgARCAAQABkDASIAAhEBAxEB\/8QAGAAAAwEBAAAAAAAAAAAAAAAAAgMEBQj\/xAAVAQEBAAAAAAAAAAAAAAAAAAABAP\/aAAwDAQACEAMQAAAB6hlMUVpTtL\/\/xAAcEAABBAMBAAAAAAAAAAAAAAACAAEDEwQQEhH\/2gAIAQEAAQUCtTT+m2QejhLgI5eqXVbr\/8QAFBEBAAAAAAAAAAAAAAAAAAAAEP\/aAAgBAwEBPwE\/\/8QAFBEBAAAAAAAAAAAAAAAAAAAAEP\/aAAgBAgEBPwE\/\/8QAIRAAAgAEBwEAAAAAAAAAAAAAAAESMTJxAhARIVFhodH\/2gAIAQEABj8C+s0iaViUXeWzdhROXBUyvF4f\/8QAHxAAAgICAQUAAAAAAAAAAAAAAREAITFRoUFhsdHw\/9oACAEBAAE\/ISHRDRVLBaWAvSgIYIdiF2xcZ3GgeSZLxCCYlFK4gERbdNVxPq9J\/9oADAMBAAIAAwAAABDTv\/\/EABYRAQEBAAAAAAAAAAAAAAAAAAABIf\/aAAgBAwEBPxDUf\/\/EABYRAQEBAAAAAAAAAAAAAAAAAAABEf\/aAAgBAgEBPxDYr\/\/EAB4QAQEAAgICAwAAAAAAAAAAAAERACExQVFhEIGR\/9oACAEBAAE\/EHcSaCB3KHMx5oQwNtpFRjzmriqm9tAbMkTlz3fwytR7G8VL4VcK4CAL9DwmITN2MW\/b4F\/\/2Q==\" alt=\"Veja as medidas do Volkswagen T-Cross para o Brasil \u2014 Foto: Divulga\u00e7\u00e3o\" \/><picture><source srcset=\"https:\/\/s2.glbimg.com\/ITQC0SfL7ekMmKs6m-phcqPmMe8=\/0x0:1700x1065\/600x0\/smart\/filters:strip_icc()\/i.s3.glbimg.com\/v1\/AUTH_59edd422c0c84a879bd37670ae4f538a\/internal_photos\/bs\/2018\/4\/q\/zzK6ZBTomh5Bj2E70G5A\/volkswagen-t-cross-dimensoes.jpg 1x, https:\/\/s2.glbimg.com\/pyPMkAvl4saWAcY0A_QtMDdOgF8=\/0x0:1700x1065\/1200x0\/smart\/filters:strip_icc()\/i.s3.glbimg.com\/v1\/AUTH_59edd422c0c84a879bd37670ae4f538a\/internal_photos\/bs\/2018\/4\/q\/zzK6ZBTomh5Bj2E70G5A\/volkswagen-t-cross-dimensoes.jpg 2x\" media=\"(max-width: 1024px)\" data-src=\"https:\/\/s2.glbimg.com\/ITQC0SfL7ekMmKs6m-phcqPmMe8=\/0x0:1700x1065\/600x0\/smart\/filters:strip_icc()\/i.s3.glbimg.com\/v1\/AUTH_59edd422c0c84a879bd37670ae4f538a\/internal_photos\/bs\/2018\/4\/q\/zzK6ZBTomh5Bj2E70G5A\/volkswagen-t-cross-dimensoes.jpg 1x, https:\/\/s2.glbimg.com\/pyPMkAvl4saWAcY0A_QtMDdOgF8=\/0x0:1700x1065\/1200x0\/smart\/filters:strip_icc()\/i.s3.glbimg.com\/v1\/AUTH_59edd422c0c84a879bd37670ae4f538a\/internal_photos\/bs\/2018\/4\/q\/zzK6ZBTomh5Bj2E70G5A\/volkswagen-t-cross-dimensoes.jpg 2x\" \/><source srcset=\"https:\/\/s2.glbimg.com\/DSzIwIjvK0sw5kUwj_1Qosv00eA=\/0x0:1700x1065\/640x0\/smart\/filters:strip_icc()\/i.s3.glbimg.com\/v1\/AUTH_59edd422c0c84a879bd37670ae4f538a\/internal_photos\/bs\/2018\/4\/q\/zzK6ZBTomh5Bj2E70G5A\/volkswagen-t-cross-dimensoes.jpg 1x, https:\/\/s2.glbimg.com\/cFqBKy6B9Q91Vsap9wOzgQ2nyGo=\/0x0:1700x1065\/1280x0\/smart\/filters:strip_icc()\/i.s3.glbimg.com\/v1\/AUTH_59edd422c0c84a879bd37670ae4f538a\/internal_photos\/bs\/2018\/4\/q\/zzK6ZBTomh5Bj2E70G5A\/volkswagen-t-cross-dimensoes.jpg 2x\" media=\"(max-width: 1280px)\" data-src=\"https:\/\/s2.glbimg.com\/DSzIwIjvK0sw5kUwj_1Qosv00eA=\/0x0:1700x1065\/640x0\/smart\/filters:strip_icc()\/i.s3.glbimg.com\/v1\/AUTH_59edd422c0c84a879bd37670ae4f538a\/internal_photos\/bs\/2018\/4\/q\/zzK6ZBTomh5Bj2E70G5A\/volkswagen-t-cross-dimensoes.jpg 1x, https:\/\/s2.glbimg.com\/cFqBKy6B9Q91Vsap9wOzgQ2nyGo=\/0x0:1700x1065\/1280x0\/smart\/filters:strip_icc()\/i.s3.glbimg.com\/v1\/AUTH_59edd422c0c84a879bd37670ae4f538a\/internal_photos\/bs\/2018\/4\/q\/zzK6ZBTomh5Bj2E70G5A\/volkswagen-t-cross-dimensoes.jpg 2x\" \/><source srcset=\"https:\/\/s2.glbimg.com\/MuoJBObZtJZMp0w_xiDiHraXGeA=\/0x0:1700x1065\/984x0\/smart\/filters:strip_icc()\/i.s3.glbimg.com\/v1\/AUTH_59edd422c0c84a879bd37670ae4f538a\/internal_photos\/bs\/2018\/4\/q\/zzK6ZBTomh5Bj2E70G5A\/volkswagen-t-cross-dimensoes.jpg 1x, https:\/\/s2.glbimg.com\/89bfkyupUjyWBE2-GmGqjb7Qw-0=\/0x0:1700x1065\/1968x0\/smart\/filters:strip_icc()\/i.s3.glbimg.com\/v1\/AUTH_59edd422c0c84a879bd37670ae4f538a\/internal_photos\/bs\/2018\/4\/q\/zzK6ZBTomh5Bj2E70G5A\/volkswagen-t-cross-dimensoes.jpg 2x\" media=\"(max-width: 1360px)\" data-src=\"https:\/\/s2.glbimg.com\/MuoJBObZtJZMp0w_xiDiHraXGeA=\/0x0:1700x1065\/984x0\/smart\/filters:strip_icc()\/i.s3.glbimg.com\/v1\/AUTH_59edd422c0c84a879bd37670ae4f538a\/internal_photos\/bs\/2018\/4\/q\/zzK6ZBTomh5Bj2E70G5A\/volkswagen-t-cross-dimensoes.jpg 1x, https:\/\/s2.glbimg.com\/89bfkyupUjyWBE2-GmGqjb7Qw-0=\/0x0:1700x1065\/1968x0\/smart\/filters:strip_icc()\/i.s3.glbimg.com\/v1\/AUTH_59edd422c0c84a879bd37670ae4f538a\/internal_photos\/bs\/2018\/4\/q\/zzK6ZBTomh5Bj2E70G5A\/volkswagen-t-cross-dimensoes.jpg 2x\" \/><source srcset=\"https:\/\/s2.glbimg.com\/PQwJVIyYhp1-8jRgXBmRjFn2S4Q=\/0x0:1700x1065\/1000x0\/smart\/filters:strip_icc()\/i.s3.glbimg.com\/v1\/AUTH_59edd422c0c84a879bd37670ae4f538a\/internal_photos\/bs\/2018\/4\/q\/zzK6ZBTomh5Bj2E70G5A\/volkswagen-t-cross-dimensoes.jpg 1x, https:\/\/s2.glbimg.com\/oiiwEkIZ_BZCZLCjkwRHWHAUNPY=\/0x0:1700x1065\/2000x0\/smart\/filters:strip_icc()\/i.s3.glbimg.com\/v1\/AUTH_59edd422c0c84a879bd37670ae4f538a\/internal_photos\/bs\/2018\/4\/q\/zzK6ZBTomh5Bj2E70G5A\/volkswagen-t-cross-dimensoes.jpg 2x\" media=\"(min-width: 1361px)\" data-src=\"https:\/\/s2.glbimg.com\/PQwJVIyYhp1-8jRgXBmRjFn2S4Q=\/0x0:1700x1065\/1000x0\/smart\/filters:strip_icc()\/i.s3.glbimg.com\/v1\/AUTH_59edd422c0c84a879bd37670ae4f538a\/internal_photos\/bs\/2018\/4\/q\/zzK6ZBTomh5Bj2E70G5A\/volkswagen-t-cross-dimensoes.jpg 1x, https:\/\/s2.glbimg.com\/oiiwEkIZ_BZCZLCjkwRHWHAUNPY=\/0x0:1700x1065\/2000x0\/smart\/filters:strip_icc()\/i.s3.glbimg.com\/v1\/AUTH_59edd422c0c84a879bd37670ae4f538a\/internal_photos\/bs\/2018\/4\/q\/zzK6ZBTomh5Bj2E70G5A\/volkswagen-t-cross-dimensoes.jpg 2x\" \/><source srcset=\"https:\/\/s2.glbimg.com\/MuoJBObZtJZMp0w_xiDiHraXGeA=\/0x0:1700x1065\/984x0\/smart\/filters:strip_icc()\/i.s3.glbimg.com\/v1\/AUTH_59edd422c0c84a879bd37670ae4f538a\/internal_photos\/bs\/2018\/4\/q\/zzK6ZBTomh5Bj2E70G5A\/volkswagen-t-cross-dimensoes.jpg\" data-src=\"https:\/\/s2.glbimg.com\/MuoJBObZtJZMp0w_xiDiHraXGeA=\/0x0:1700x1065\/984x0\/smart\/filters:strip_icc()\/i.s3.glbimg.com\/v1\/AUTH_59edd422c0c84a879bd37670ae4f538a\/internal_photos\/bs\/2018\/4\/q\/zzK6ZBTomh5Bj2E70G5A\/volkswagen-t-cross-dimensoes.jpg\" \/><img decoding=\"async\" class=\"image content-media__image progressive-loaded\" title=\"Veja as medidas do Volkswagen T-Cross para o Brasil \u2014 Foto: Divulga\u00e7\u00e3o\" src=\"https:\/\/s2.glbimg.com\/MuoJBObZtJZMp0w_xiDiHraXGeA=\/0x0:1700x1065\/984x0\/smart\/filters:strip_icc()\/i.s3.glbimg.com\/v1\/AUTH_59edd422c0c84a879bd37670ae4f538a\/internal_photos\/bs\/2018\/4\/q\/zzK6ZBTomh5Bj2E70G5A\/volkswagen-t-cross-dimensoes.jpg\" alt=\"Veja as medidas do Volkswagen T-Cross para o Brasil \u2014 Foto: Divulga\u00e7\u00e3o\" data-src=\"https:\/\/s2.glbimg.com\/MuoJBObZtJZMp0w_xiDiHraXGeA=\/0x0:1700x1065\/984x0\/smart\/filters:strip_icc()\/i.s3.glbimg.com\/v1\/AUTH_59edd422c0c84a879bd37670ae4f538a\/internal_photos\/bs\/2018\/4\/q\/zzK6ZBTomh5Bj2E70G5A\/volkswagen-t-cross-dimensoes.jpg\" \/><\/picture>\n<\/div>\n<\/div>\n<\/div>\n<div class=\"mc-column content-text active-extra-styles \" data-block-type=\"unstyled\" data-block-weight=\"21\" data-block-id=\"15\">\n<p class=\"content-text__container \" data-track-category=\"Link no Texto\" data-track-links=\"\">O entre-eixos, por\u00e9m, \u00e9 maior, de 2,65 m. O T-Cross usa a mesma base de Polo e Golf, a plataforma MQB.<\/p>\n<\/div>\n<div class=\"row medium-uncollapsed content-media content-photo\" data-block-type=\"backstage-photo\" data-block-id=\"17\">\n<div class=\"column medium-22 large-20 medium-centered content-media__container\">\n<div class=\"progressive-img can-open-lightbox\" data-min-size=\"1008x534\" data-min-size-url=\"https:\/\/s2.glbimg.com\/PHQW65NFrs88YJMpCwx4sfNoP3w=\/0x0:1744x925\/1008x0\/smart\/filters:strip_icc()\/i.s3.glbimg.com\/v1\/AUTH_59edd422c0c84a879bd37670ae4f538a\/internal_photos\/bs\/2018\/A\/h\/TNdK0xRseCF0XwRL2ngA\/tcross4.jpg\" data-max-size=\"1600x848\" data-max-size-url=\"https:\/\/s2.glbimg.com\/QXwZJ1ZQtI74qK5tA8wRHSpvLVk=\/0x0:1744x925\/1600x0\/smart\/filters:strip_icc()\/i.s3.glbimg.com\/v1\/AUTH_59edd422c0c84a879bd37670ae4f538a\/internal_photos\/bs\/2018\/A\/h\/TNdK0xRseCF0XwRL2ngA\/tcross4.jpg\" data-media-index=\"3\">\n<div class=\"placeholder-container\"><\/div>\n<picture><img decoding=\"async\" class=\"image content-media__image progressive-loaded\" title=\"Lanternas do Volkswagen T-Cross \u2014 Foto: Reprodu\u00e7\u00e3o\" src=\"https:\/\/s2.glbimg.com\/PHQW65NFrs88YJMpCwx4sfNoP3w=\/0x0:1744x925\/1008x0\/smart\/filters:strip_icc()\/i.s3.glbimg.com\/v1\/AUTH_59edd422c0c84a879bd37670ae4f538a\/internal_photos\/bs\/2018\/A\/h\/TNdK0xRseCF0XwRL2ngA\/tcross4.jpg\" alt=\"Lanternas do Volkswagen T-Cross \u2014 Foto: Reprodu\u00e7\u00e3o\" data-src=\"https:\/\/s2.glbimg.com\/PHQW65NFrs88YJMpCwx4sfNoP3w=\/0x0:1744x925\/1008x0\/smart\/filters:strip_icc()\/i.s3.glbimg.com\/v1\/AUTH_59edd422c0c84a879bd37670ae4f538a\/internal_photos\/bs\/2018\/A\/h\/TNdK0xRseCF0XwRL2ngA\/tcross4.jpg\" \/><\/picture>\n<\/div>\n<\/div>\n<\/div>\n<div class=\"content-ads content-ads--reveal\" data-block-type=\"ads\" data-block-id=\"18\">\n<div id=\"banner_materia__fa75fdb2534347f8b0bc7746d8c9fd75\" class=\"tag-manager-publicidade-container has-reveal has-ad-lazyload tag-manager-publicidade-banner_materia__fa75fdb2534347f8b0bc7746d8c9fd75 tag-manager-publicidade-container--carregado tag-manager-publicidade-container--visivel\" data-id=\"banner_materia__fa75fdb2534347f8b0bc7746d8c9fd75\" data-google-query-id=\"CPKUhLOGnd4CFcN0wQod28AFYA\" data-cid=\"138247663442\" data-lid=\"4834313019\">\n<div id=\"google_ads_iframe_\/95377733\/tvg_G1\/Carros_3__container__\"><\/div>\n<\/div>\n<\/div>\n<div class=\"mc-column content-text active-extra-styles\" data-block-type=\"raw\" data-block-weight=\"1\" data-block-id=\"19\">\n<div class=\"content-intertitle\">\n<h2>Equipamentos<\/h2>\n<\/div>\n<\/div>\n<div class=\"mc-column content-text active-extra-styles \" data-block-type=\"unstyled\" data-block-weight=\"23\" data-block-id=\"20\">\n<p class=\"content-text__container \" data-track-category=\"Link no Texto\" data-track-links=\"\">A Volkswagen ainda n\u00e3o divulgou quantas e quais ser\u00e3o as configura\u00e7\u00f5es de venda do T-Cross. Disse apenas que, de s\u00e9rie, o SUV ter\u00e1:<\/p>\n<\/div>\n<div data-track-category=\"fim do conteudo\" data-track-action=\"ultimo chunk conteudo\" data-track-noninteraction=\"false\" data-track-scroll=\"entrada completa viewport\">\n<div class=\"mc-column content-text active-extra-styles\" data-block-type=\"raw\" data-block-weight=\"83\" data-block-id=\"21\">\n<ul class=\"content-unordered-list\">\n<li>ar-condicionado digital<\/li>\n<li>partida com bot\u00e3o<\/li>\n<li>far\u00f3is de LED<\/li>\n<li>LEDs diurnos (DRL)<\/li>\n<li>teto panor\u00e2mico<\/li>\n<li>rodas de 16 ou 17 polegadas<\/li>\n<li>assistente de estacionamento<\/li>\n<li>sensor dianteiro e traseiro de estacionamento<\/li>\n<li>alerta de fadiga do motorista<\/li>\n<li>sistema de som da marca Beats<\/li>\n<li>sa\u00eddas de ar traseiras<\/li>\n<li>4 entradas USB<\/li>\n<li>seletor de modo de condu\u00e7\u00e3o<\/li>\n<li>start stop (s\u00f3 no 1.4, desligando o motor em paradas tempor\u00e1rias)<\/li>\n<li>central multim\u00eddia de 8 polegadas (opcional)<\/li>\n<li>virtual cockpit (opcional)<\/li>\n<li>Cores da carroceria: branco, preto, prata, cinza, vermelho, bronze, laranja e azul<\/li>\n<\/ul>\n<\/div>\n<p>Ficou curioso? O T-Cross ser\u00e1 o principal modelo da Volks no Sal\u00e3o de S\u00e3o Paulo, entre os dias 8 e 18 de novembro. No entanto, as vendas s\u00f3 come\u00e7am no ano que vem.<\/p>\n<\/div>\n<p>fonte: <em><a href=\"https:\/\/g1.globo.com\/carros\/noticia\/2018\/10\/22\/volkswagen-da-spoiler-e-mostra-detalhes-do-suv-compacto-t-cross.ghtml\">G1<\/a><\/em><\/p>\n<\/div>\n","protected":false},"excerpt":{"rendered":"<p>Estamos prestes a conhecer a vers\u00e3o final do\u00a0T-Cross. Mas mesmo o lan\u00e7amento sendo na pr\u00f3xima quinta-feira (25), em eventos simult\u00e2neos no Brasil e na Europa, a Volkswagen j\u00e1 divulgou um teaser com novas imagens do modelo. Vem conhecer! No v\u00eddeo, de pouco menos de 20 segundos, aparecem detalhes como rodas, far\u00f3is, lanternas, bancos e volante, &hellip;<\/p>\n","protected":false},"author":5,"featured_media":2472,"comment_status":"open","ping_status":"open","sticky":false,"template":"","format":"standard","meta":[],"categories":[113,498],"tags":[168,55,500,44,296,499,99],"_links":{"self":[{"href":"https:\/\/www.brasal.com.br\/veiculos\/blog\/wp-json\/wp\/v2\/posts\/2471"}],"collection":[{"href":"https:\/\/www.brasal.com.br\/veiculos\/blog\/wp-json\/wp\/v2\/posts"}],"about":[{"href":"https:\/\/www.brasal.com.br\/veiculos\/blog\/wp-json\/wp\/v2\/types\/post"}],"author":[{"embeddable":true,"href":"https:\/\/www.brasal.com.br\/veiculos\/blog\/wp-json\/wp\/v2\/users\/5"}],"replies":[{"embeddable":true,"href":"https:\/\/www.brasal.com.br\/veiculos\/blog\/wp-json\/wp\/v2\/comments?post=2471"}],"version-history":[{"count":5,"href":"https:\/\/www.brasal.com.br\/veiculos\/blog\/wp-json\/wp\/v2\/posts\/2471\/revisions"}],"predecessor-version":[{"id":2478,"href":"https:\/\/www.brasal.com.br\/veiculos\/blog\/wp-json\/wp\/v2\/posts\/2471\/revisions\/2478"}],"wp:featuredmedia":[{"embeddable":true,"href":"https:\/\/www.brasal.com.br\/veiculos\/blog\/wp-json\/wp\/v2\/media\/2472"}],"wp:attachment":[{"href":"https:\/\/www.brasal.com.br\/veiculos\/blog\/wp-json\/wp\/v2\/media?parent=2471"}],"wp:term":[{"taxonomy":"category","embeddable":true,"href":"https:\/\/www.brasal.com.br\/veiculos\/blog\/wp-json\/wp\/v2\/categories?post=2471"},{"taxonomy":"post_tag","embeddable":true,"href":"https:\/\/www.brasal.com.br\/veiculos\/blog\/wp-json\/wp\/v2\/tags?post=2471"}],"curies":[{"name":"wp","href":"https:\/\/api.w.org\/{rel}","templated":true}]}}