{"id":2460,"date":"2018-10-18T10:33:03","date_gmt":"2018-10-18T13:33:03","guid":{"rendered":"http:\/\/www.brasal.com.br\/veiculos\/blog\/?p=2460"},"modified":"2018-10-18T10:33:03","modified_gmt":"2018-10-18T13:33:03","slug":"festa-de-lancamento-novo-jetta","status":"publish","type":"post","link":"https:\/\/www.brasal.com.br\/veiculos\/blog\/2018\/10\/18\/festa-de-lancamento-novo-jetta\/","title":{"rendered":"Festa de Lan\u00e7amento Novo Jetta"},"content":{"rendered":"<div style=\"text-align: justify;\">\n<p>Voc\u00ea \u00e9 nosso(a) convidado(a) especial para a festa de lan\u00e7amento do\u00a0<strong><em>Novo Jetta<\/em>.<\/strong><\/p>\n<p>\u2022 Brunch<br \/>\n\u2022 Coquetel<br \/>\n\u2022 Test Drive<br \/>\n\u2022 Atra\u00e7\u00e3o Musical: Junior Ferreira<\/p>\n<p>\ud83d\udccdBrasal Ve\u00edculos &#8211; Sia Trecho 01, lote 555<br \/>\n20\/10 &#8211; s\u00e1bado a partir das 9h.<\/p>\n<p><em>#NovoJetta<\/em><br \/>\nTecnologia que move voc\u00ea.<br \/>\nAgende seu test e viva essa experi\u00eancia!<\/p>\n<p><img decoding=\"async\" loading=\"lazy\" class=\"wp-image-2461 size-large alignleft\" src=\"http:\/\/www.brasal.com.br\/veiculos\/blog\/wp-content\/uploads\/2018\/10\/ConviteWhatsApp-1024x677.png\" alt=\"\" width=\"618\" height=\"409\" srcset=\"https:\/\/www.brasal.com.br\/veiculos\/blog\/wp-content\/uploads\/2018\/10\/ConviteWhatsApp-1024x677.png 1024w, https:\/\/www.brasal.com.br\/veiculos\/blog\/wp-content\/uploads\/2018\/10\/ConviteWhatsApp-300x198.png 300w, https:\/\/www.brasal.com.br\/veiculos\/blog\/wp-content\/uploads\/2018\/10\/ConviteWhatsApp-768x508.png 768w, https:\/\/www.brasal.com.br\/veiculos\/blog\/wp-content\/uploads\/2018\/10\/ConviteWhatsApp-310x205.png 310w, https:\/\/www.brasal.com.br\/veiculos\/blog\/wp-content\/uploads\/2018\/10\/ConviteWhatsApp.png 1210w\" sizes=\"(max-width: 618px) 100vw, 618px\" \/><\/p>\n<\/div>\n","protected":false},"excerpt":{"rendered":"<p>Voc\u00ea \u00e9 nosso(a) convidado(a) especial para a festa de lan\u00e7amento do\u00a0Novo Jetta. \u2022 Brunch \u2022 Coquetel \u2022 Test Drive \u2022 Atra\u00e7\u00e3o Musical: Junior Ferreira \ud83d\udccdBrasal Ve\u00edculos &#8211; Sia Trecho 01, lote 555 20\/10 &#8211; s\u00e1bado a partir das 9h. #NovoJetta Tecnologia que move voc\u00ea. Agende seu test e viva essa experi\u00eancia!<\/p>\n","protected":false},"author":4,"featured_media":2462,"comment_status":"open","ping_status":"open","sticky":false,"template":"","format":"standard","meta":[],"categories":[1],"tags":[168,489,156,44,464,315,255,99,481,54],"_links":{"self":[{"href":"https:\/\/www.brasal.com.br\/veiculos\/blog\/wp-json\/wp\/v2\/posts\/2460"}],"collection":[{"href":"https:\/\/www.brasal.com.br\/veiculos\/blog\/wp-json\/wp\/v2\/posts"}],"about":[{"href":"https:\/\/www.brasal.com.br\/veiculos\/blog\/wp-json\/wp\/v2\/types\/post"}],"author":[{"embeddable":true,"href":"https:\/\/www.brasal.com.br\/veiculos\/blog\/wp-json\/wp\/v2\/users\/4"}],"replies":[{"embeddable":true,"href":"https:\/\/www.brasal.com.br\/veiculos\/blog\/wp-json\/wp\/v2\/comments?post=2460"}],"version-history":[{"count":1,"href":"https:\/\/www.brasal.com.br\/veiculos\/blog\/wp-json\/wp\/v2\/posts\/2460\/revisions"}],"predecessor-version":[{"id":2463,"href":"https:\/\/www.brasal.com.br\/veiculos\/blog\/wp-json\/wp\/v2\/posts\/2460\/revisions\/2463"}],"wp:featuredmedia":[{"embeddable":true,"href":"https:\/\/www.brasal.com.br\/veiculos\/blog\/wp-json\/wp\/v2\/media\/2462"}],"wp:attachment":[{"href":"https:\/\/www.brasal.com.br\/veiculos\/blog\/wp-json\/wp\/v2\/media?parent=2460"}],"wp:term":[{"taxonomy":"category","embeddable":true,"href":"https:\/\/www.brasal.com.br\/veiculos\/blog\/wp-json\/wp\/v2\/categories?post=2460"},{"taxonomy":"post_tag","embeddable":true,"href":"https:\/\/www.brasal.com.br\/veiculos\/blog\/wp-json\/wp\/v2\/tags?post=2460"}],"curies":[{"name":"wp","href":"https:\/\/api.w.org\/{rel}","templated":true}]}}