{"id":2455,"date":"2018-10-11T09:06:37","date_gmt":"2018-10-11T12:06:37","guid":{"rendered":"http:\/\/www.brasal.com.br\/veiculos\/blog\/?p=2455"},"modified":"2018-10-11T09:42:46","modified_gmt":"2018-10-11T12:42:46","slug":"novo-jetta-vence-corolla-civic-e-cruze","status":"publish","type":"post","link":"https:\/\/www.brasal.com.br\/veiculos\/blog\/2018\/10\/11\/novo-jetta-vence-corolla-civic-e-cruze\/","title":{"rendered":"Novo Jetta vence Corolla, Civic e Cruze em comparativo do Jornal do Carro"},"content":{"rendered":"<div style=\"text-align: justify;\">\n<p><span style=\"color: black; font-family: VW Headline OT-Book,sans-serif;\">O VW Novo Jetta venceu com ampla vantagem os concorrentes Honda Civic, Chevrolet Cruze e Toyota Corolla em comparativo do Jornal do Carro, de O Estado de S. Paulo. \u201cO Novo Jetta tem boas armas para brigar com Civic, Corolla e Cruze. O VW evoluiu em pontos aparentes, como tecnologia. Nenhum rival traz recursos como controlador de velocidade adaptativo e painel virtual totalmente personaliz\u00e1vel\u201d, diz o jornal.<\/span><\/p>\n<p>&nbsp;<\/p>\n<\/div>\n<div><img decoding=\"async\" loading=\"lazy\" class=\"wp-image-2390 size-full aligncenter\" src=\"http:\/\/www.brasal.com.br\/veiculos\/blog\/wp-content\/uploads\/2018\/09\/20180920192905629323o.jpg\" alt=\"\" width=\"750\" height=\"450\" srcset=\"https:\/\/www.brasal.com.br\/veiculos\/blog\/wp-content\/uploads\/2018\/09\/20180920192905629323o.jpg 750w, https:\/\/www.brasal.com.br\/veiculos\/blog\/wp-content\/uploads\/2018\/09\/20180920192905629323o-300x180.jpg 300w\" sizes=\"(max-width: 750px) 100vw, 750px\" \/><\/div>\n<div><\/div>\n<div style=\"text-align: justify;\">\n<p><span style=\"color: black; font-family: VW Headline OT-Book,sans-serif;\">Entre os destaques do Novo Jetta, a reportagem aponta a \u201cmoderna e intuitiva\u201d central multim\u00eddia do modelo, com tela sens\u00edv<\/span><span style=\"color: black; font-family: 'VW Headline OT-Book', sans-serif;\">el ao toque que j\u00e1 \u201cdesperta\u201d pela aproxima\u00e7\u00e3o das m\u00e3os do usu\u00e1rio.\u00a0<\/span><\/p>\n<div><span style=\"color: black; font-family: VW Headline OT-Book,sans-serif;\">Na compara\u00e7\u00e3o entre os modelos, o Novo Jetta destacou-se nos itens transmiss\u00e3o, conforto, desempenho, equipamentos<\/span><span style=\"color: black; font-family: VW Headline OT-Book,sans-serif;\">, motor, ergonomia, espa\u00e7o, estabilidade, instrumentos, manuten\u00e7\u00e3o (com as tr\u00eas primeiras revis\u00f5es gratuitas), porta-malas, pre\u00e7o e usabilidade. O VW foi o \u00fanico a superar os 100 pontos na avalia\u00e7\u00e3o!<\/span><\/div>\n<div><span style=\"color: #1f497d; font-family: VW Headline OT-Book,sans-serif;\">\u00a0<\/span><\/div>\n<div>\n<p><span style=\"color: black; font-family: VW Headline OT-Book,sans-serif;\">Esta \u00e9 a segunda vit\u00f3ria do Novo Jetta em comparativos de imprensa. Ele tamb\u00e9m atropelou os rivais em reportagem de capa da revista AutoEsporte.<\/span><\/p>\n<p>Fonte: <a href=\"https:\/\/www.vw.com.br\/pt.html\">Volkswagen do Brasil<\/a><\/p>\n<\/div>\n<\/div>\n<p>&nbsp;<\/p>\n","protected":false},"excerpt":{"rendered":"<p>O VW Novo Jetta venceu com ampla vantagem os concorrentes Honda Civic, Chevrolet Cruze e Toyota Corolla em comparativo do Jornal do Carro, de O Estado de S. Paulo. \u201cO Novo Jetta tem boas armas para brigar com Civic, Corolla e Cruze. O VW evoluiu em pontos aparentes, como tecnologia. Nenhum rival traz recursos como &hellip;<\/p>\n","protected":false},"author":4,"featured_media":2394,"comment_status":"open","ping_status":"open","sticky":false,"template":"","format":"standard","meta":[],"categories":[40],"tags":[74,168,486,482,487,484,485,483,156,488,464,99,481,54],"_links":{"self":[{"href":"https:\/\/www.brasal.com.br\/veiculos\/blog\/wp-json\/wp\/v2\/posts\/2455"}],"collection":[{"href":"https:\/\/www.brasal.com.br\/veiculos\/blog\/wp-json\/wp\/v2\/posts"}],"about":[{"href":"https:\/\/www.brasal.com.br\/veiculos\/blog\/wp-json\/wp\/v2\/types\/post"}],"author":[{"embeddable":true,"href":"https:\/\/www.brasal.com.br\/veiculos\/blog\/wp-json\/wp\/v2\/users\/4"}],"replies":[{"embeddable":true,"href":"https:\/\/www.brasal.com.br\/veiculos\/blog\/wp-json\/wp\/v2\/comments?post=2455"}],"version-history":[{"count":2,"href":"https:\/\/www.brasal.com.br\/veiculos\/blog\/wp-json\/wp\/v2\/posts\/2455\/revisions"}],"predecessor-version":[{"id":2458,"href":"https:\/\/www.brasal.com.br\/veiculos\/blog\/wp-json\/wp\/v2\/posts\/2455\/revisions\/2458"}],"wp:featuredmedia":[{"embeddable":true,"href":"https:\/\/www.brasal.com.br\/veiculos\/blog\/wp-json\/wp\/v2\/media\/2394"}],"wp:attachment":[{"href":"https:\/\/www.brasal.com.br\/veiculos\/blog\/wp-json\/wp\/v2\/media?parent=2455"}],"wp:term":[{"taxonomy":"category","embeddable":true,"href":"https:\/\/www.brasal.com.br\/veiculos\/blog\/wp-json\/wp\/v2\/categories?post=2455"},{"taxonomy":"post_tag","embeddable":true,"href":"https:\/\/www.brasal.com.br\/veiculos\/blog\/wp-json\/wp\/v2\/tags?post=2455"}],"curies":[{"name":"wp","href":"https:\/\/api.w.org\/{rel}","templated":true}]}}