{"id":2366,"date":"2018-09-18T17:42:38","date_gmt":"2018-09-18T20:42:38","guid":{"rendered":"http:\/\/www.brasal.com.br\/veiculos\/blog\/?p=2366"},"modified":"2018-09-26T17:27:31","modified_gmt":"2018-09-26T20:27:31","slug":"descontos-pcd","status":"publish","type":"post","link":"https:\/\/www.brasal.com.br\/veiculos\/blog\/2018\/09\/18\/descontos-pcd\/","title":{"rendered":"At\u00e9 R$19.000 de descontos para PcD na compra do carro novo."},"content":{"rendered":"<div style=\"text-align: justify;\">\n<p>De acordo com dados do IBGE, quase 24% dos brasileiros tem algum tipo de defici\u00eancia,\u00a0que d\u00e1 direito \u00e0 isen\u00e7\u00e3o de impostos na hora de comprar um autom\u00f3vel.<\/p>\n<p>A gente j\u00e1 citou <a href=\"http:\/\/www.brasal.com.br\/veiculos\/blog\/2018\/01\/10\/doencas-que-dao-direito-a-desconto-na-compra-de-veiculo-0km\/\"><em><strong>aqui<\/strong><\/em><\/a>\u00a0algumas dessas doen\u00e7as, como h\u00e9rnia de disco, hepatite, osteoporose, diabetes, artrite, artrose, AVC e LER. S\u00f3 que muitos dos que podem ter acesso ao benef\u00edcio n\u00e3o sabem disso.<\/p>\n<p>A lei de isen\u00e7\u00e3o de impostos foi criada para\u00a0facilitar a mobilidade de pessoas que, em raz\u00e3o de defici\u00eancias f\u00edsicas ou debilidades, tenham restri\u00e7\u00f5es para realizar atos comuns no seu dia a dia, como dirigir e\u00a0se deslocar de um lugar ao outro. E os descontos podem chegar \u00e0 30%.<\/p>\n<p>Mas algumas pessoas podem ter d\u00favidas sobre quais carros se encaixam nessa condi\u00e7\u00e3o. Pensando nisso,\u00a0disponibilizamos uma lista com os descontos que cada carro possui, aqui na <strong>Brasal Veiculos<\/strong>. Confira:<\/p>\n<table border=\"0\" cellspacing=\"0\">\n<colgroup span=\"3\" width=\"85\"><\/colgroup>\n<tbody>\n<tr>\n<td align=\"left\" height=\"17\"><em>Volkswagen<\/em><\/td>\n<td align=\"left\"><em>Pre\u00e7o Pessoa F\u00edsica<\/em><\/td>\n<td align=\"left\"><em>Com desconto IPI, ICMS e B\u00f4nus Volkswagen<\/em><\/td>\n<\/tr>\n<tr>\n<td align=\"left\" height=\"17\">Move UP!<\/td>\n<td align=\"left\">\u00a0De: R$53.690,00<\/td>\n<td align=\"left\"><strong>Por: R$ 40.671,48<\/strong><\/td>\n<\/tr>\n<tr>\n<td align=\"left\" height=\"17\">Novo Polo\u00a0<span style=\"font-family: inherit; font-size: inherit;\">Comfortline\u00a0 TSI At<\/span><\/td>\n<td align=\"left\">De: R$68.120,00<\/td>\n<td align=\"left\"><strong>Por: R$ 53.285,25<\/strong><\/td>\n<\/tr>\n<tr>\n<td align=\"left\" height=\"17\">Fox Connect 1.6 I-Motion<\/td>\n<td align=\"left\">De: R$53.390,00<\/td>\n<td align=\"left\"><strong>Por: R$ 40.023,07<\/strong><\/td>\n<\/tr>\n<tr>\n<td align=\"left\" height=\"17\">SpaceFox Trendline 1.6<\/td>\n<td align=\"left\">De: R$67.050,00<\/td>\n<td align=\"left\"><strong>Por: R$ 47.617,68<\/strong><\/td>\n<\/tr>\n<tr>\n<td align=\"left\" height=\"17\">Gol Autom\u00e1tico 1.6<\/td>\n<td align=\"left\">De: R$54.580,00<\/td>\n<td align=\"left\"><strong>Por: R$ 40.915,15<\/strong><\/td>\n<\/tr>\n<tr>\n<td align=\"left\" height=\"17\">Voyage Autom\u00e1tico 1.6<\/td>\n<td align=\"left\">De: R$59.990,00<\/td>\n<td align=\"left\"><strong>Por: R$ 42.840,49<\/strong><\/td>\n<\/tr>\n<tr>\n<td align=\"left\" height=\"17\">Novo Polo 1.6 Autom\u00e1tico<\/td>\n<td align=\"left\">De: R$62.690,00<\/td>\n<td align=\"left\"><strong>Por: R$ 46.994,70<\/strong><\/td>\n<\/tr>\n<tr>\n<td align=\"left\" height=\"17\">Virtus Autom\u00e1tico MSI<\/td>\n<td align=\"left\">De: R$66.525,00<\/td>\n<td align=\"left\"><strong>Por: R$ 49.869,55<\/strong><\/td>\n<\/tr>\n<\/tbody>\n<\/table>\n<div style=\"text-align: justify;\">\n<p>*O valores apresentados aqui, s\u00e3o referentes ao m\u00eas de Setembro\/18.<\/p>\n<p>\u00c9 ou n\u00e3o \u00e9 um DESCONT\u00c3O?! Ent\u00e3o n\u00e3o perde tempo, vem pra Brasal e aproveite as condi\u00e7\u00f5es especiais.<\/p>\n<p><a href=\"http:\/\/vw.brasal.com.br\/pcd\">www.brasalveiculos.com\/VendasParaPcd<\/a><br \/>\n<strong>(61) 3962-6807 | Sia Trecho 01 &#8211; lote 555 &#8211; Bras\u00edlia DF<\/strong><\/p>\n<\/div>\n<\/div>\n","protected":false},"excerpt":{"rendered":"<p>De acordo com dados do IBGE, quase 24% dos brasileiros tem algum tipo de defici\u00eancia,\u00a0que d\u00e1 direito \u00e0 isen\u00e7\u00e3o de impostos na hora de comprar um autom\u00f3vel. A gente j\u00e1 citou aqui\u00a0algumas dessas doen\u00e7as, como h\u00e9rnia de disco, hepatite, osteoporose, diabetes, artrite, artrose, AVC e LER. S\u00f3 que muitos dos que podem ter acesso ao &hellip;<\/p>\n","protected":false},"author":5,"featured_media":1907,"comment_status":"open","ping_status":"open","sticky":false,"template":"","format":"standard","meta":[],"categories":[458],"tags":[168,463,300,460,459,267,420,462,117,322,461,99],"_links":{"self":[{"href":"https:\/\/www.brasal.com.br\/veiculos\/blog\/wp-json\/wp\/v2\/posts\/2366"}],"collection":[{"href":"https:\/\/www.brasal.com.br\/veiculos\/blog\/wp-json\/wp\/v2\/posts"}],"about":[{"href":"https:\/\/www.brasal.com.br\/veiculos\/blog\/wp-json\/wp\/v2\/types\/post"}],"author":[{"embeddable":true,"href":"https:\/\/www.brasal.com.br\/veiculos\/blog\/wp-json\/wp\/v2\/users\/5"}],"replies":[{"embeddable":true,"href":"https:\/\/www.brasal.com.br\/veiculos\/blog\/wp-json\/wp\/v2\/comments?post=2366"}],"version-history":[{"count":20,"href":"https:\/\/www.brasal.com.br\/veiculos\/blog\/wp-json\/wp\/v2\/posts\/2366\/revisions"}],"predecessor-version":[{"id":2412,"href":"https:\/\/www.brasal.com.br\/veiculos\/blog\/wp-json\/wp\/v2\/posts\/2366\/revisions\/2412"}],"wp:featuredmedia":[{"embeddable":true,"href":"https:\/\/www.brasal.com.br\/veiculos\/blog\/wp-json\/wp\/v2\/media\/1907"}],"wp:attachment":[{"href":"https:\/\/www.brasal.com.br\/veiculos\/blog\/wp-json\/wp\/v2\/media?parent=2366"}],"wp:term":[{"taxonomy":"category","embeddable":true,"href":"https:\/\/www.brasal.com.br\/veiculos\/blog\/wp-json\/wp\/v2\/categories?post=2366"},{"taxonomy":"post_tag","embeddable":true,"href":"https:\/\/www.brasal.com.br\/veiculos\/blog\/wp-json\/wp\/v2\/tags?post=2366"}],"curies":[{"name":"wp","href":"https:\/\/api.w.org\/{rel}","templated":true}]}}