{"id":2335,"date":"2018-08-30T11:34:22","date_gmt":"2018-08-30T14:34:22","guid":{"rendered":"http:\/\/www.brasal.com.br\/veiculos\/blog\/?p=2335"},"modified":"2018-09-24T12:43:15","modified_gmt":"2018-09-24T15:43:15","slug":"festa-do-morango-em-brazlandia-programacao","status":"publish","type":"post","link":"https:\/\/www.brasal.com.br\/veiculos\/blog\/2018\/08\/30\/festa-do-morango-em-brazlandia-programacao\/","title":{"rendered":"Estaremos presente na Festa do Morango, em Brazl\u00e2ndia. Confira a programa\u00e7\u00e3o do evento."},"content":{"rendered":"<div style=\"text-align: justify;\">\n<p>Conhecido como um dos eventos mais tradicionais do setor rural, a Festa do Morango est\u00e1 de volta! Em sua 23\u00aa edi\u00e7\u00e3o, o evento come\u00e7a na pr\u00f3xima sexta-feira (31\/08) e se\u00a0estende at\u00e9 o dia 09 de setembro, no Galp\u00e3o da sede da Arcag, BR-080, Km 13, em Brazl\u00e2ndia. <strong>A entrada \u00e9 gratuita.<\/strong><\/p>\n<p>A festa tem o objetivo de promover e incentivar o cultivo e produ\u00e7\u00e3o de morangos, al\u00e9m de comemorar a crescente exporta\u00e7\u00e3o para outros Estados brasileiros.<\/p>\n<p>Quem participa da festa pode degustar na pra\u00e7a de alimenta\u00e7\u00e3o, chamada de Morangol\u00e2ndia, al\u00e9m da fruta, os pratos\u00a0e iguarias preparadas com ela. A programa\u00e7\u00e3o ainda inclui oficinas, palestras, concursos de receitas e exposi\u00e7\u00e3o de carros.<\/p>\n<p><img decoding=\"async\" loading=\"lazy\" class=\"wp-image-2403 size-medium alignleft\" src=\"http:\/\/www.brasal.com.br\/veiculos\/blog\/wp-content\/uploads\/2018\/08\/Untitled-design-30-300x225.png\" alt=\"\" width=\"300\" height=\"225\" srcset=\"https:\/\/www.brasal.com.br\/veiculos\/blog\/wp-content\/uploads\/2018\/08\/Untitled-design-30-300x225.png 300w, https:\/\/www.brasal.com.br\/veiculos\/blog\/wp-content\/uploads\/2018\/08\/Untitled-design-30-768x576.png 768w, https:\/\/www.brasal.com.br\/veiculos\/blog\/wp-content\/uploads\/2018\/08\/Untitled-design-30.png 1024w\" sizes=\"(max-width: 300px) 100vw, 300px\" \/><\/p>\n<p>N\u00f3s, da <strong>Brasal Ford<\/strong>, estaremos presentes na festa.<\/p>\n<p>Voc\u00ea poder\u00e1 conhecer os nossos carros de perto e conferir as ofertas exclusivas para o evento pra voc\u00ea sair de carro 0km. \u00c9 s\u00f3 passar em nosso stand e falar com um de nossos consultores de vendas.<\/p>\n<p>&nbsp;\n<\/p><\/div>\n<p><strong style=\"text-align: justify;\">Confira a programa\u00e7\u00e3o:<\/strong><\/p>\n<p><strong><img decoding=\"async\" loading=\"lazy\" class=\"aligncenter size-full wp-image-2406\" src=\"http:\/\/www.brasal.com.br\/veiculos\/blog\/wp-content\/uploads\/2018\/08\/programacao_festamorango.png\" alt=\"\" width=\"792\" height=\"1006\" srcset=\"https:\/\/www.brasal.com.br\/veiculos\/blog\/wp-content\/uploads\/2018\/08\/programacao_festamorango.png 792w, https:\/\/www.brasal.com.br\/veiculos\/blog\/wp-content\/uploads\/2018\/08\/programacao_festamorango-236x300.png 236w, https:\/\/www.brasal.com.br\/veiculos\/blog\/wp-content\/uploads\/2018\/08\/programacao_festamorango-768x976.png 768w\" sizes=\"(max-width: 792px) 100vw, 792px\" \/><\/strong><\/p>\n<div style=\"text-align: justify;\">\n<p>&nbsp;<\/p>\n<p>Fonte:\u00a0<a href=\"http:\/\/www.jornaldebrasilia.com.br\">Jornal de Bras\u00edlia<\/a><\/p>\n<\/div>\n","protected":false},"excerpt":{"rendered":"<p>Conhecido como um dos eventos mais tradicionais do setor rural, a Festa do Morango est\u00e1 de volta! Em sua 23\u00aa edi\u00e7\u00e3o, o evento come\u00e7a na pr\u00f3xima sexta-feira (31\/08) e se\u00a0estende at\u00e9 o dia 09 de setembro, no Galp\u00e3o da sede da Arcag, BR-080, Km 13, em Brazl\u00e2ndia. A entrada \u00e9 gratuita. A festa tem o &hellip;<\/p>\n","protected":false},"author":4,"featured_media":2404,"comment_status":"open","ping_status":"open","sticky":false,"template":"","format":"standard","meta":[],"categories":[53],"tags":[371,452,171,204,451,234,453,454],"_links":{"self":[{"href":"https:\/\/www.brasal.com.br\/veiculos\/blog\/wp-json\/wp\/v2\/posts\/2335"}],"collection":[{"href":"https:\/\/www.brasal.com.br\/veiculos\/blog\/wp-json\/wp\/v2\/posts"}],"about":[{"href":"https:\/\/www.brasal.com.br\/veiculos\/blog\/wp-json\/wp\/v2\/types\/post"}],"author":[{"embeddable":true,"href":"https:\/\/www.brasal.com.br\/veiculos\/blog\/wp-json\/wp\/v2\/users\/4"}],"replies":[{"embeddable":true,"href":"https:\/\/www.brasal.com.br\/veiculos\/blog\/wp-json\/wp\/v2\/comments?post=2335"}],"version-history":[{"count":11,"href":"https:\/\/www.brasal.com.br\/veiculos\/blog\/wp-json\/wp\/v2\/posts\/2335\/revisions"}],"predecessor-version":[{"id":2408,"href":"https:\/\/www.brasal.com.br\/veiculos\/blog\/wp-json\/wp\/v2\/posts\/2335\/revisions\/2408"}],"wp:featuredmedia":[{"embeddable":true,"href":"https:\/\/www.brasal.com.br\/veiculos\/blog\/wp-json\/wp\/v2\/media\/2404"}],"wp:attachment":[{"href":"https:\/\/www.brasal.com.br\/veiculos\/blog\/wp-json\/wp\/v2\/media?parent=2335"}],"wp:term":[{"taxonomy":"category","embeddable":true,"href":"https:\/\/www.brasal.com.br\/veiculos\/blog\/wp-json\/wp\/v2\/categories?post=2335"},{"taxonomy":"post_tag","embeddable":true,"href":"https:\/\/www.brasal.com.br\/veiculos\/blog\/wp-json\/wp\/v2\/tags?post=2335"}],"curies":[{"name":"wp","href":"https:\/\/api.w.org\/{rel}","templated":true}]}}