{"id":2245,"date":"2018-07-27T14:23:05","date_gmt":"2018-07-27T17:23:05","guid":{"rendered":"http:\/\/www.brasal.com.br\/veiculos\/blog\/?p=2245"},"modified":"2018-07-28T09:22:49","modified_gmt":"2018-07-28T12:22:49","slug":"sorteio-de-cortesias-brasilia-ice-park","status":"publish","type":"post","link":"https:\/\/www.brasal.com.br\/veiculos\/blog\/2018\/07\/27\/sorteio-de-cortesias-brasilia-ice-park\/","title":{"rendered":"Sorteio de cortesias &#8211; Bras\u00edlia Ice Park"},"content":{"rendered":"<p>T\u00e1 rolando promo\u00e7\u00e3o no nosso instagram (@<a href=\"https:\/\/www.instagram.com\/brasalveiculos\/\" target=\"_blank\">brasalveiculos<\/a>).<br \/>\nSer\u00e3o sorteados 10 pares de cortesias para o <a href=\"https:\/\/www.brasiliaicepark.com.br\/\" target=\"_blank\">Bras\u00edlia Ice Park<\/a>, aventura tamanho fam\u00edlia.<br \/>\nPara participar \u00e9 muito simples, s\u00f3 postar a imagem e o texto promocional no FEED do INSTAGRAM. Essa \u00e9 a oportunidade de curtir esse friozinho com a fam\u00edlia.<\/p>\n<p>Orienta\u00e7\u00f5es para o Sorteio de Cortesias para o Bras\u00edlia Ice Park:<\/p>\n<p>1 &#8211; Poste a imagem e o texto promocional no seu feed.<br \/>\n2 &#8211; Vamos verificar sua postagem na segunda pela manh\u00e3. \ud83d\udc41<br \/>\n3 &#8211; Ser\u00e3o sorteados 10 (dez) pares de cortesias. \ud83d\udd1d<br \/>\n4 &#8211; O resultado ser\u00e1 divulgado \u00e0s 15h na segunda-feira (30\/07).\u23f0<br \/>\n5 &#8211; Vamos entrar em contato pelo direct, fique atento na nossa p\u00e1gina! \ud83d\udcf2<br \/>\n6 &#8211; Boa sorte e marque os amigos e familiares para que todos vivam uma aventura tamanho fam\u00edlia com o seu VW! \ud83d\ude99\ud83d\udca8\u26c4\ufe0f\u2744\ufe0f\ud83d\udc68\u200d\ud83d\udc69\u200d\ud83d\udc67\u200d\ud83d\udc66<br \/>\n7 &#8211; N\u00e3o esquece de marcar a gente, viu? \ud83d\ude09<\/p>\n<p>Segue imagem e texto para postar no seu Instagram:<\/p>\n<p>Imagem:<\/p>\n<p><img decoding=\"async\" loading=\"lazy\" class=\"alignnone size-full wp-image-2246\" src=\"http:\/\/www.brasal.com.br\/veiculos\/blog\/wp-content\/uploads\/2018\/07\/Copy-of-Tijolinhos-Ford-Tag.png\" alt=\"Copy of Tijolinhos Ford Tag\" width=\"800\" height=\"800\" srcset=\"https:\/\/www.brasal.com.br\/veiculos\/blog\/wp-content\/uploads\/2018\/07\/Copy-of-Tijolinhos-Ford-Tag.png 800w, https:\/\/www.brasal.com.br\/veiculos\/blog\/wp-content\/uploads\/2018\/07\/Copy-of-Tijolinhos-Ford-Tag-150x150.png 150w, https:\/\/www.brasal.com.br\/veiculos\/blog\/wp-content\/uploads\/2018\/07\/Copy-of-Tijolinhos-Ford-Tag-300x300.png 300w, https:\/\/www.brasal.com.br\/veiculos\/blog\/wp-content\/uploads\/2018\/07\/Copy-of-Tijolinhos-Ford-Tag-768x768.png 768w\" sizes=\"(max-width: 800px) 100vw, 800px\" \/><\/p>\n<p>Texto:<br \/>\n<strong>\u201cEssa \u00e9 sua chance de comprar o seu carro novo ou seminovo! \ud83d\ude97\ud83d\ude99\ud83d\udca8<\/strong><br \/>\n<strong>\u2800<\/strong><br \/>\n<strong>Neste final de semana tem o FEIR\u00c3O BARATO DE VERDADE NA BRASAL VE\u00cdCULOS! \ud83d\ude31\ud83e\udd29 \u2800<\/strong><br \/>\n<strong>Com pre\u00e7os e condi\u00e7\u00f5es exclusivas que voc\u00ea s\u00f3 encontra na Brasal Ve\u00edculos! \ud83c\udf89\ud83d\udc4f\ud83c\udffb<\/strong><br \/>\n<strong>\u2800<\/strong><br \/>\n<strong>Tem taxa Zero , troca com troco, estoque a pronta entrega e muitos lan\u00e7amentos. \ud83d\udea8<\/strong><\/p>\n<p><strong>Fa\u00e7a sua proposta, traga o seu or\u00e7amento. Estamos no Sia Trecho 01, em Taguatinga Sul e na Ceil\u00e2ndia Sul. \ud83d\udccd<\/strong><br \/>\n<strong>\u2800<\/strong><br \/>\n<strong>Nos envie uma mensagem: (61) 99811-2225 (WhatsApp) \u2705\ud83d\udcf2<\/strong><br \/>\n<strong>\u2800<\/strong><br \/>\n<strong>E quem postar essa Imagem e texto vai concorrer a 02 (duas) cortesias para o Bras\u00edlia Ice Park. \u2744\ufe0f\u26c4\ufe0f \u2800<\/strong><br \/>\n<strong><a class=\"notranslate\" href=\"https:\/\/www.instagram.com\/brasalveiculos\/\">@brasalveiculos<\/a>\u00a0<a class=\"notranslate\" href=\"https:\/\/www.instagram.com\/brasiliaicepark\/\">@brasiliaicepark<\/a><\/strong><br \/>\n<strong>\u2800<\/strong><br \/>\n<strong><a class=\"\" href=\"https:\/\/www.instagram.com\/explore\/tags\/feir%C3%A3obrasal\/\">#Feir\u00e3oBrasal<\/a>\u00a0<a class=\"\" href=\"https:\/\/www.instagram.com\/explore\/tags\/baratodeverdade\/\">#BaratodeVerdade<\/a><a class=\"\" href=\"https:\/\/www.instagram.com\/explore\/tags\/carronovo\/\">#CarroNovo<\/a>\u00a0<a class=\"\" href=\"https:\/\/www.instagram.com\/explore\/tags\/carroseminovo\/\">#CarroSeminovo<\/a>\u00a0<a class=\"\" href=\"https:\/\/www.instagram.com\/explore\/tags\/taxazero\/\">#TaxaZero<\/a><a class=\"\" href=\"https:\/\/www.instagram.com\/explore\/tags\/trocacomtroco\/\">#TrocacomTroco<\/a>\u00a0<a class=\"\" href=\"https:\/\/www.instagram.com\/explore\/tags\/brasalveiculos\/\">#BrasalVeiculos<\/a>\u00a0<a class=\"\" href=\"https:\/\/www.instagram.com\/explore\/tags\/brasal\/\">#Brasal<\/a><a class=\"\" href=\"https:\/\/www.instagram.com\/explore\/tags\/bras%C3%ADliaicepark\/\">#Bras\u00edliaIcePark<\/a>\u00a0<a class=\"\" href=\"https:\/\/www.instagram.com\/explore\/tags\/aventuratamanhofam%C3%ADlia\/\">#AventuraTamanhoFam\u00edlia<\/a><a class=\"\" href=\"https:\/\/www.instagram.com\/explore\/tags\/pont%C3%A3odolagosul\/\">#Pont\u00e3odoLagoSul<\/a>\u00a0<a class=\"\" href=\"https:\/\/www.instagram.com\/explore\/tags\/eventosbras%C3%ADlia\/\">#EventosBras\u00edlia<\/a><a class=\"\" href=\"https:\/\/www.instagram.com\/explore\/tags\/ganhe\/\">#Ganhe<\/a>\u00a0<a class=\"\" href=\"https:\/\/www.instagram.com\/explore\/tags\/promo%C3%A7%C3%A3o\/\">#Promo\u00e7\u00e3o<\/a>\u00a0&#8220;<\/strong><\/p>\n<p>&nbsp;<\/p>\n<p>Aproveite para curtir o nosso Feir\u00e3o Barato de verdade \u00e9 na Brasal Ve\u00edculos, com pre\u00e7os e condi\u00e7\u00f5es imperd\u00edveis at\u00e9 o dia 31\/07\/2018.<\/p>\n","protected":false},"excerpt":{"rendered":"<p>T\u00e1 rolando promo\u00e7\u00e3o no nosso instagram (@brasalveiculos). Ser\u00e3o sorteados 10 pares de cortesias para o Bras\u00edlia Ice Park, aventura tamanho fam\u00edlia. Para participar \u00e9 muito simples, s\u00f3 postar a imagem e o texto promocional no FEED do INSTAGRAM. Essa \u00e9 a oportunidade de curtir esse friozinho com a fam\u00edlia. Orienta\u00e7\u00f5es para o Sorteio de Cortesias &hellip;<\/p>\n","protected":false},"author":4,"featured_media":2253,"comment_status":"open","ping_status":"open","sticky":false,"template":"","format":"standard","meta":[],"categories":[53],"tags":[427,74,168,55,425,171,431,65,176,424,234,81,429,430,229,79,103,80,416,428,426,75,99,54],"_links":{"self":[{"href":"https:\/\/www.brasal.com.br\/veiculos\/blog\/wp-json\/wp\/v2\/posts\/2245"}],"collection":[{"href":"https:\/\/www.brasal.com.br\/veiculos\/blog\/wp-json\/wp\/v2\/posts"}],"about":[{"href":"https:\/\/www.brasal.com.br\/veiculos\/blog\/wp-json\/wp\/v2\/types\/post"}],"author":[{"embeddable":true,"href":"https:\/\/www.brasal.com.br\/veiculos\/blog\/wp-json\/wp\/v2\/users\/4"}],"replies":[{"embeddable":true,"href":"https:\/\/www.brasal.com.br\/veiculos\/blog\/wp-json\/wp\/v2\/comments?post=2245"}],"version-history":[{"count":13,"href":"https:\/\/www.brasal.com.br\/veiculos\/blog\/wp-json\/wp\/v2\/posts\/2245\/revisions"}],"predecessor-version":[{"id":2264,"href":"https:\/\/www.brasal.com.br\/veiculos\/blog\/wp-json\/wp\/v2\/posts\/2245\/revisions\/2264"}],"wp:featuredmedia":[{"embeddable":true,"href":"https:\/\/www.brasal.com.br\/veiculos\/blog\/wp-json\/wp\/v2\/media\/2253"}],"wp:attachment":[{"href":"https:\/\/www.brasal.com.br\/veiculos\/blog\/wp-json\/wp\/v2\/media?parent=2245"}],"wp:term":[{"taxonomy":"category","embeddable":true,"href":"https:\/\/www.brasal.com.br\/veiculos\/blog\/wp-json\/wp\/v2\/categories?post=2245"},{"taxonomy":"post_tag","embeddable":true,"href":"https:\/\/www.brasal.com.br\/veiculos\/blog\/wp-json\/wp\/v2\/tags?post=2245"}],"curies":[{"name":"wp","href":"https:\/\/api.w.org\/{rel}","templated":true}]}}