{"id":2220,"date":"2018-07-09T09:49:33","date_gmt":"2018-07-09T12:49:33","guid":{"rendered":"http:\/\/www.brasal.com.br\/veiculos\/blog\/?p=2220"},"modified":"2018-07-09T09:51:01","modified_gmt":"2018-07-09T12:51:01","slug":"mes-do-taxista-carro-com-desconto","status":"publish","type":"post","link":"https:\/\/www.brasal.com.br\/veiculos\/blog\/2018\/07\/09\/mes-do-taxista-carro-com-desconto\/","title":{"rendered":"No m\u00eas do Taxista: desconto de at\u00e9 22% no seu Volkswagen"},"content":{"rendered":"<div style=\"text-align: justify;\">\n<p class=\"x_x_MsoNormal\">Em comemora\u00e7\u00e3o ao\u00a0<b>Dia<\/b>\u00a0<b>do<\/b>\u00a0<b>Taxista<\/b><strong>\u00a0&#8211; 25\/07<\/strong>, a Volkswagen anuncia\u00a0<b>condi\u00e7\u00f5es<\/b>\u00a0<b>imperd\u00edveis\u00a0<\/b>para este segmento em Julho\/18.<\/p>\n<p class=\"x_x_MsoNormal\"><img decoding=\"async\" loading=\"lazy\" class=\"aligncenter size-full wp-image-2221\" src=\"http:\/\/www.brasal.com.br\/veiculos\/blog\/wp-content\/uploads\/2018\/07\/email-taxista_01.jpg\" alt=\"email-taxista_01\" width=\"900\" height=\"410\" srcset=\"https:\/\/www.brasal.com.br\/veiculos\/blog\/wp-content\/uploads\/2018\/07\/email-taxista_01.jpg 900w, https:\/\/www.brasal.com.br\/veiculos\/blog\/wp-content\/uploads\/2018\/07\/email-taxista_01-300x137.jpg 300w, https:\/\/www.brasal.com.br\/veiculos\/blog\/wp-content\/uploads\/2018\/07\/email-taxista_01-768x350.jpg 768w\" sizes=\"(max-width: 900px) 100vw, 900px\" \/><\/p>\n<p class=\"x_x_MsoNormal\">Os modelos\u00a0<b>SpaceFox<\/b>\u00a0e\u00a0<b>Virtus<\/b>,\u00a0com amplo espa\u00e7o interno, \u00f3tima capacidade de carga no porta-malas, robustez, seguran\u00e7a, entre demais atributos, apenas neste m\u00eas, possuir\u00e3o desconto <strong>super<\/strong>\u00a0<b>especial.<\/b><\/p>\n<p class=\"x_x_MsoNormal\">Confiram abaixo os descontos v\u00e1lidos para\u00a0<b>faturamento at\u00e9 o dia 31\/07\/2018<\/b>:<\/p>\n<p class=\"x_x_MsoNormal\"><img decoding=\"async\" loading=\"lazy\" class=\"aligncenter size-full wp-image-2223\" src=\"http:\/\/www.brasal.com.br\/veiculos\/blog\/wp-content\/uploads\/2018\/07\/email-taxista_05.jpg\" alt=\"email-taxista_05\" width=\"900\" height=\"352\" srcset=\"https:\/\/www.brasal.com.br\/veiculos\/blog\/wp-content\/uploads\/2018\/07\/email-taxista_05.jpg 900w, https:\/\/www.brasal.com.br\/veiculos\/blog\/wp-content\/uploads\/2018\/07\/email-taxista_05-300x117.jpg 300w, https:\/\/www.brasal.com.br\/veiculos\/blog\/wp-content\/uploads\/2018\/07\/email-taxista_05-768x300.jpg 768w\" sizes=\"(max-width: 900px) 100vw, 900px\" \/> <img decoding=\"async\" loading=\"lazy\" class=\"aligncenter size-full wp-image-2224\" src=\"http:\/\/www.brasal.com.br\/veiculos\/blog\/wp-content\/uploads\/2018\/07\/email-taxista_04.jpg\" alt=\"email-taxista_04\" width=\"900\" height=\"346\" srcset=\"https:\/\/www.brasal.com.br\/veiculos\/blog\/wp-content\/uploads\/2018\/07\/email-taxista_04.jpg 900w, https:\/\/www.brasal.com.br\/veiculos\/blog\/wp-content\/uploads\/2018\/07\/email-taxista_04-300x115.jpg 300w, https:\/\/www.brasal.com.br\/veiculos\/blog\/wp-content\/uploads\/2018\/07\/email-taxista_04-768x295.jpg 768w\" sizes=\"(max-width: 900px) 100vw, 900px\" \/> <img decoding=\"async\" loading=\"lazy\" class=\"aligncenter size-full wp-image-2225\" src=\"http:\/\/www.brasal.com.br\/veiculos\/blog\/wp-content\/uploads\/2018\/07\/email-taxista_03.jpg\" alt=\"email-taxista_03\" width=\"900\" height=\"409\" srcset=\"https:\/\/www.brasal.com.br\/veiculos\/blog\/wp-content\/uploads\/2018\/07\/email-taxista_03.jpg 900w, https:\/\/www.brasal.com.br\/veiculos\/blog\/wp-content\/uploads\/2018\/07\/email-taxista_03-300x136.jpg 300w, https:\/\/www.brasal.com.br\/veiculos\/blog\/wp-content\/uploads\/2018\/07\/email-taxista_03-768x349.jpg 768w\" sizes=\"(max-width: 900px) 100vw, 900px\" \/><\/p>\n<p class=\"x_x_MsoNormal\"><strong>Entre em contato com a gente e garanta o seu VW: (61) 3962-6807.<\/strong><\/p>\n<\/div>\n","protected":false},"excerpt":{"rendered":"<p>Em comemora\u00e7\u00e3o ao\u00a0Dia\u00a0do\u00a0Taxista\u00a0&#8211; 25\/07, a Volkswagen anuncia\u00a0condi\u00e7\u00f5es\u00a0imperd\u00edveis\u00a0para este segmento em Julho\/18. Os modelos\u00a0SpaceFox\u00a0e\u00a0Virtus,\u00a0com amplo espa\u00e7o interno, \u00f3tima capacidade de carga no porta-malas, robustez, seguran\u00e7a, entre demais atributos, apenas neste m\u00eas, possuir\u00e3o desconto super\u00a0especial. Confiram abaixo os descontos v\u00e1lidos para\u00a0faturamento at\u00e9 o dia 31\/07\/2018: Entre em contato com a gente e garanta o seu VW: (61) &hellip;<\/p>\n","protected":false},"author":4,"featured_media":2222,"comment_status":"open","ping_status":"open","sticky":false,"template":"","format":"standard","meta":[],"categories":[53,9,326],"tags":[74,168,413,412,300,411,196,410,414,415,294,99,54],"_links":{"self":[{"href":"https:\/\/www.brasal.com.br\/veiculos\/blog\/wp-json\/wp\/v2\/posts\/2220"}],"collection":[{"href":"https:\/\/www.brasal.com.br\/veiculos\/blog\/wp-json\/wp\/v2\/posts"}],"about":[{"href":"https:\/\/www.brasal.com.br\/veiculos\/blog\/wp-json\/wp\/v2\/types\/post"}],"author":[{"embeddable":true,"href":"https:\/\/www.brasal.com.br\/veiculos\/blog\/wp-json\/wp\/v2\/users\/4"}],"replies":[{"embeddable":true,"href":"https:\/\/www.brasal.com.br\/veiculos\/blog\/wp-json\/wp\/v2\/comments?post=2220"}],"version-history":[{"count":2,"href":"https:\/\/www.brasal.com.br\/veiculos\/blog\/wp-json\/wp\/v2\/posts\/2220\/revisions"}],"predecessor-version":[{"id":2227,"href":"https:\/\/www.brasal.com.br\/veiculos\/blog\/wp-json\/wp\/v2\/posts\/2220\/revisions\/2227"}],"wp:featuredmedia":[{"embeddable":true,"href":"https:\/\/www.brasal.com.br\/veiculos\/blog\/wp-json\/wp\/v2\/media\/2222"}],"wp:attachment":[{"href":"https:\/\/www.brasal.com.br\/veiculos\/blog\/wp-json\/wp\/v2\/media?parent=2220"}],"wp:term":[{"taxonomy":"category","embeddable":true,"href":"https:\/\/www.brasal.com.br\/veiculos\/blog\/wp-json\/wp\/v2\/categories?post=2220"},{"taxonomy":"post_tag","embeddable":true,"href":"https:\/\/www.brasal.com.br\/veiculos\/blog\/wp-json\/wp\/v2\/tags?post=2220"}],"curies":[{"name":"wp","href":"https:\/\/api.w.org\/{rel}","templated":true}]}}