{"id":2086,"date":"2018-05-22T11:41:12","date_gmt":"2018-05-22T14:41:12","guid":{"rendered":"http:\/\/www.brasal.com.br\/veiculos\/blog\/?p=2086"},"modified":"2018-05-22T11:41:12","modified_gmt":"2018-05-22T14:41:12","slug":"detran-informa-quilometragem-na-vistoria","status":"publish","type":"post","link":"https:\/\/www.brasal.com.br\/veiculos\/blog\/2018\/05\/22\/detran-informa-quilometragem-na-vistoria\/","title":{"rendered":"Para evitar fraudes: Detran-DF passa a informar quilometragem de ve\u00edculos em vistorias"},"content":{"rendered":"<div style=\"text-align: justify;\">\n<p><img decoding=\"async\" loading=\"lazy\" class=\" wp-image-2087 alignright\" src=\"http:\/\/www.brasal.com.br\/veiculos\/blog\/wp-content\/uploads\/2018\/05\/Detran-mutir\u00e3o-300x201.jpg\" alt=\"Detran-mutir\u00e3o\" width=\"412\" height=\"276\" srcset=\"https:\/\/www.brasal.com.br\/veiculos\/blog\/wp-content\/uploads\/2018\/05\/Detran-mutir\u00e3o-300x201.jpg 300w, https:\/\/www.brasal.com.br\/veiculos\/blog\/wp-content\/uploads\/2018\/05\/Detran-mutir\u00e3o-768x515.jpg 768w, https:\/\/www.brasal.com.br\/veiculos\/blog\/wp-content\/uploads\/2018\/05\/Detran-mutir\u00e3o-110x75.jpg 110w, https:\/\/www.brasal.com.br\/veiculos\/blog\/wp-content\/uploads\/2018\/05\/Detran-mutir\u00e3o.jpg 840w\" sizes=\"(max-width: 412px) 100vw, 412px\" \/><\/p>\n<p>O Detran do Distrito Federal vai passar a informar a quilometragem do od\u00f4metro durante vistoria. A informa\u00e7\u00e3o vai ficar dispon\u00edvel na base de dados do ve\u00edculo.<\/p>\n<p>A quilometragem observada ser\u00e1 inserida em um campo pr\u00f3prio do banco de dados de cada ve\u00edculo, evitando, assim, que no processo de venda fraudadores possam adulterar a marca\u00e7\u00e3o do hod\u00f4metro. Segundo o Detran, a lei\u00a0foi sancionada e passa a valer a partir de sua publica\u00e7\u00e3o (15\/05\/2018), obedecendo aos mesmos crit\u00e9rios de acesso \u00e0 consulta de multas, taxas e d\u00e9bitos.<\/p>\n<div class=\"mc-column content-text active-extra-styles \" data-block-type=\"unstyled\" data-block-weight=\"46\" data-block-id=\"4\">\n<p class=\"content-text__container \" data-track-category=\"Link no Texto\" data-track-links=\"\">A medida visa coibir a adultera\u00e7\u00e3o da marca\u00e7\u00e3o do hod\u00f4metro para reduzir a quilometragem percorrida pelo ve\u00edculo\u00a0\u2013\u00a0fraude\u00a0usada para aumentar o valor de venda.<\/p>\n<p class=\"content-text__container \" data-track-category=\"Link no Texto\" data-track-links=\"\">Se for constatada altera\u00e7\u00e3o na quilometragem do veiculo, o mesmo n\u00e3o passar\u00e1 na vistoria e os carros neste caso podem ser enviados para per\u00edcia na pol\u00edcia civil.<\/p>\n<p class=\"content-text__container \" data-track-category=\"Link no Texto\" data-track-links=\"\">Fonte: <a href=\"https:\/\/g1.globo.com\/df\/distrito-federal\/noticia\/detran-do-df-passa-a-informar-quilometragem-de-veiculos-em-vistorias-para-evitar-fraudes.ghtml\">G1<\/a><\/p>\n<\/div>\n<\/div>\n","protected":false},"excerpt":{"rendered":"<p>O Detran do Distrito Federal vai passar a informar a quilometragem do od\u00f4metro durante vistoria. A informa\u00e7\u00e3o vai ficar dispon\u00edvel na base de dados do ve\u00edculo. A quilometragem observada ser\u00e1 inserida em um campo pr\u00f3prio do banco de dados de cada ve\u00edculo, evitando, assim, que no processo de venda fraudadores possam adulterar a marca\u00e7\u00e3o do &hellip;<\/p>\n","protected":false},"author":5,"featured_media":2087,"comment_status":"open","ping_status":"open","sticky":false,"template":"","format":"standard","meta":[],"categories":[170],"tags":[256,74,168,55,368,201,367,366],"_links":{"self":[{"href":"https:\/\/www.brasal.com.br\/veiculos\/blog\/wp-json\/wp\/v2\/posts\/2086"}],"collection":[{"href":"https:\/\/www.brasal.com.br\/veiculos\/blog\/wp-json\/wp\/v2\/posts"}],"about":[{"href":"https:\/\/www.brasal.com.br\/veiculos\/blog\/wp-json\/wp\/v2\/types\/post"}],"author":[{"embeddable":true,"href":"https:\/\/www.brasal.com.br\/veiculos\/blog\/wp-json\/wp\/v2\/users\/5"}],"replies":[{"embeddable":true,"href":"https:\/\/www.brasal.com.br\/veiculos\/blog\/wp-json\/wp\/v2\/comments?post=2086"}],"version-history":[{"count":8,"href":"https:\/\/www.brasal.com.br\/veiculos\/blog\/wp-json\/wp\/v2\/posts\/2086\/revisions"}],"predecessor-version":[{"id":2097,"href":"https:\/\/www.brasal.com.br\/veiculos\/blog\/wp-json\/wp\/v2\/posts\/2086\/revisions\/2097"}],"wp:featuredmedia":[{"embeddable":true,"href":"https:\/\/www.brasal.com.br\/veiculos\/blog\/wp-json\/wp\/v2\/media\/2087"}],"wp:attachment":[{"href":"https:\/\/www.brasal.com.br\/veiculos\/blog\/wp-json\/wp\/v2\/media?parent=2086"}],"wp:term":[{"taxonomy":"category","embeddable":true,"href":"https:\/\/www.brasal.com.br\/veiculos\/blog\/wp-json\/wp\/v2\/categories?post=2086"},{"taxonomy":"post_tag","embeddable":true,"href":"https:\/\/www.brasal.com.br\/veiculos\/blog\/wp-json\/wp\/v2\/tags?post=2086"}],"curies":[{"name":"wp","href":"https:\/\/api.w.org\/{rel}","templated":true}]}}