{"id":2037,"date":"2018-05-02T16:57:20","date_gmt":"2018-05-02T19:57:20","guid":{"rendered":"http:\/\/www.brasal.com.br\/veiculos\/blog\/?p=2037"},"modified":"2018-05-02T17:12:19","modified_gmt":"2018-05-02T20:12:19","slug":"conheca-o-movimento-maio-amarelo","status":"publish","type":"post","link":"https:\/\/www.brasal.com.br\/veiculos\/blog\/2018\/05\/02\/conheca-o-movimento-maio-amarelo\/","title":{"rendered":"N\u00f3s somos o tr\u00e2nsito. Confira a nova campanha do Maio Amarelo."},"content":{"rendered":"<div style=\"text-align: justify;\">\n<p>Maio Amarelo chega a sua 5\u00b0 edi\u00e7\u00e3o. O tema &#8220;N\u00f3s somos o tr\u00e2nsito&#8221;\u00a0 tem como intuito\u00a0chamar a aten\u00e7\u00e3o da sociedade para o alto \u00edndice de mortos e feridos no tr\u00e2nsito em todo o mundo. O objetivo \u00e9 tornar o tema tr\u00e2nsito pauta di\u00e1ria durante todo o m\u00eas de Maio e estimular, desta forma, a participa\u00e7\u00e3o de toda a popula\u00e7\u00e3o, empresas, governos e entidades.<\/p>\n<p>Trata-se de um est\u00edmulo a todos os condutores, seja de caminh\u00f5es, \u00f4nibus, vans, autom\u00f3veis, motocicletas ou bicicletas, e aos pedestres e passageiros, a optarem por um tr\u00e2nsito mais seguro.<\/p>\n<p>De acordo com o Observat\u00f3rio Nacional de Seguran\u00e7a Vi\u00e1ria, os acidentes n\u00e3o acontecem, mas sim s\u00e3o frutos de escolhas inadequadas e arriscadas. Para Jos\u00e9 Aur\u00e9lio Ramalho, diretor-presidente do Observat\u00f3rio e idealizador do Movimento Maio Amarelo, 90% dos acidentes t\u00eam como motiva\u00e7\u00e3o as falhas humanas como imper\u00edcia, imprud\u00eancia e desaten\u00e7\u00e3o. \u201cSomos os respons\u00e1veis pelos nossos atos no tr\u00e2nsito e ter consci\u00eancia clara disso \u00e9 um dos caminhos para a revers\u00e3o do triste cen\u00e1rio n\u00e3o s\u00f3 do Brasil, mas de todo o mundo\u201d, ressalta.<\/p>\n<div style=\"width: 618px;\" class=\"wp-video\"><!--[if lt IE 9]><script>document.createElement('video');<\/script><![endif]-->\n<video class=\"wp-video-shortcode\" id=\"video-2037-1\" width=\"618\" height=\"348\" preload=\"metadata\" controls=\"controls\"><source type=\"video\/mp4\" src=\"http:\/\/www.brasal.com.br\/veiculos\/blog\/wp-content\/uploads\/2018\/05\/Maio-Amarelo-2018-N\u00f3s-Somos-o-Tr\u00e2nsito.mp4?_=1\" \/><a href=\"http:\/\/www.brasal.com.br\/veiculos\/blog\/wp-content\/uploads\/2018\/05\/Maio-Amarelo-2018-N\u00f3s-Somos-o-Tr\u00e2nsito.mp4\">http:\/\/www.brasal.com.br\/veiculos\/blog\/wp-content\/uploads\/2018\/05\/Maio-Amarelo-2018-N\u00f3s-Somos-o-Tr\u00e2nsito.mp4<\/a><\/video><\/div>\n<p><em><strong>La\u00e7o Amarelo &#8211;\u00a0 o que \u00e9?<\/strong><\/em><\/p>\n<div class=\"vc_row wpb_row section vc_row-fluid grid_section\">\n<div class=\" section_inner clearfix\">\n<div class=\"section_inner_margin clearfix\">\n<div class=\"wpb_column vc_column_container vc_col-sm-8\">\n<div class=\"vc_column-inner \">\n<div class=\"wpb_wrapper\">\n<div class=\"wpb_text_column wpb_content_element \">\n<div class=\"wpb_wrapper\">\n<p>Centenas de vidas s\u00e3o perdidas todos os dias, gerando enorme desgaste emocional e at\u00e9 mesmo financeiro para toda a sociedade. Algumas entidades e munic\u00edpios j\u00e1 compreenderam o problema e est\u00e3o se mobilizando pela solu\u00e7\u00e3o.<\/p>\n<p>O selo La\u00e7o Amarelo \u00e9 uma forma de reconhecer boas a\u00e7\u00f5es e permitir que empresas e governos colaborem ainda mais com projetos estruturados na busca por um tr\u00e2nsito mais seguro. Aderindo ao programa Empresa La\u00e7o Amarelo ou Munic\u00edpio La\u00e7o Amarelo, voc\u00ea ter\u00e1:<\/p>\n<\/div>\n<\/div>\n<\/div>\n<\/div>\n<\/div>\n<ul>\n<li class=\"wpb_column vc_column_container vc_col-sm-2\">Direito de utiliza\u00e7\u00e3o da marca La\u00e7o Amarelo em embalagens, camisetas, ve\u00edculos, m\u00eddias sociais, produtos, etc.<\/li>\n<\/ul>\n<\/div>\n<\/div>\n<\/div>\n<div class=\"vc_row wpb_row section vc_row-fluid grid_section\">\n<div class=\" section_inner clearfix\">\n<div class=\"section_inner_margin clearfix\">\n<div class=\"wpb_column vc_column_container vc_col-sm-4\">\n<div class=\"vc_column-inner \">\n<div class=\"wpb_wrapper\">\n<div class=\"q_icon_list\">\n<ul>\n<li>Reconhecimento por meio de um certificado.<\/li>\n<\/ul>\n<\/div>\n<div class=\"q_icon_list\">\n<ul>\n<li>Ferramenta de autoavalia\u00e7\u00e3o em seguran\u00e7a vi\u00e1ria.<\/li>\n<\/ul>\n<\/div>\n<div class=\"q_icon_list\">\n<ul>\n<li>Conte\u00fados e materiais de comunica\u00e7\u00e3o relacionados a seguran\u00e7a vi\u00e1ria.<\/li>\n<\/ul>\n<\/div>\n<div class=\"q_icon_list\">\n<ul>\n<li>Acesso a todo acervo de pesquisas, estudos e materiais do OBSERVAT\u00d3RIO.<\/li>\n<\/ul>\n<\/div>\n<\/div>\n<\/div>\n<\/div>\n<div class=\"wpb_column vc_column_container vc_col-sm-4\">\n<div class=\"vc_column-inner \">\n<div class=\"wpb_wrapper\">\n<div class=\"q_icon_list\">\n<ul>\n<li>Sua marca ou seu munic\u00edpio divulgados no site e nas m\u00eddias sociais do OBSERVAT\u00d3RIO e do Maio Amarelo, al\u00e9m de diversos \u00f3rg\u00e3os de imprensa nacional e internacional.<\/li>\n<\/ul>\n<\/div>\n<div class=\"q_icon_list\">\n<ul>\n<li>Convite para participa\u00e7\u00e3o em eventos promovidos pelo OBSERVAT\u00d3RIO.<\/li>\n<\/ul>\n<\/div>\n<div class=\"q_icon_list\">\n<ul>\n<li>Acesso ao SOMA (Sistema de Observa\u00e7\u00e3o, Monitoramento e A\u00e7\u00e3o). Somente para Munic\u00edpios La\u00e7o Amarelo.<\/li>\n<\/ul>\n<\/div>\n<\/div>\n<\/div>\n<\/div>\n<div class=\"wpb_column vc_column_container vc_col-sm-2\">Ao final do movimento, \u00e9 dada uma premia\u00e7\u00e3o \u00e0s empresas, entidades do setor p\u00fablico e sociedade civil organizada que mais disseminarem os conceitos e pr\u00e1ticas propostas pelo Maio Amarelo. As a\u00e7\u00f5es devem estar direcionadas \u00e0 conscientiza\u00e7\u00e3o para a seguran\u00e7a no tr\u00e2nsito e o incentivo \u00e0 mudan\u00e7a de comportamento de todos que transitam. Para mais informa\u00e7\u00f5es, \u00e9 s\u00f3 acessar o site\u00a0<a href=\"https:\/\/www.maioamarelo.com\">www.maioamarelo.com<\/a>.<\/div>\n<\/div>\n<\/div>\n<\/div>\n<p>Fonte: <a href=\"https:\/\/www.maioamarelo.com\/\">Maio Amarelo<\/a><\/p>\n<\/div>\n","protected":false},"excerpt":{"rendered":"<p>Maio Amarelo chega a sua 5\u00b0 edi\u00e7\u00e3o. O tema &#8220;N\u00f3s somos o tr\u00e2nsito&#8221;\u00a0 tem como intuito\u00a0chamar a aten\u00e7\u00e3o da sociedade para o alto \u00edndice de mortos e feridos no tr\u00e2nsito em todo o mundo. O objetivo \u00e9 tornar o tema tr\u00e2nsito pauta di\u00e1ria durante todo o m\u00eas de Maio e estimular, desta forma, a participa\u00e7\u00e3o &hellip;<\/p>\n","protected":false},"author":5,"featured_media":2045,"comment_status":"open","ping_status":"open","sticky":false,"template":"","format":"standard","meta":[],"categories":[140],"tags":[339,227,224,349,351,114,350],"_links":{"self":[{"href":"https:\/\/www.brasal.com.br\/veiculos\/blog\/wp-json\/wp\/v2\/posts\/2037"}],"collection":[{"href":"https:\/\/www.brasal.com.br\/veiculos\/blog\/wp-json\/wp\/v2\/posts"}],"about":[{"href":"https:\/\/www.brasal.com.br\/veiculos\/blog\/wp-json\/wp\/v2\/types\/post"}],"author":[{"embeddable":true,"href":"https:\/\/www.brasal.com.br\/veiculos\/blog\/wp-json\/wp\/v2\/users\/5"}],"replies":[{"embeddable":true,"href":"https:\/\/www.brasal.com.br\/veiculos\/blog\/wp-json\/wp\/v2\/comments?post=2037"}],"version-history":[{"count":8,"href":"https:\/\/www.brasal.com.br\/veiculos\/blog\/wp-json\/wp\/v2\/posts\/2037\/revisions"}],"predecessor-version":[{"id":2049,"href":"https:\/\/www.brasal.com.br\/veiculos\/blog\/wp-json\/wp\/v2\/posts\/2037\/revisions\/2049"}],"wp:featuredmedia":[{"embeddable":true,"href":"https:\/\/www.brasal.com.br\/veiculos\/blog\/wp-json\/wp\/v2\/media\/2045"}],"wp:attachment":[{"href":"https:\/\/www.brasal.com.br\/veiculos\/blog\/wp-json\/wp\/v2\/media?parent=2037"}],"wp:term":[{"taxonomy":"category","embeddable":true,"href":"https:\/\/www.brasal.com.br\/veiculos\/blog\/wp-json\/wp\/v2\/categories?post=2037"},{"taxonomy":"post_tag","embeddable":true,"href":"https:\/\/www.brasal.com.br\/veiculos\/blog\/wp-json\/wp\/v2\/tags?post=2037"}],"curies":[{"name":"wp","href":"https:\/\/api.w.org\/{rel}","templated":true}]}}