{"id":2026,"date":"2018-04-11T18:12:37","date_gmt":"2018-04-11T21:12:37","guid":{"rendered":"http:\/\/www.brasal.com.br\/veiculos\/blog\/?p=2026"},"modified":"2018-05-02T10:07:18","modified_gmt":"2018-05-02T13:07:18","slug":"multas-de-transito-poderao-ser-pagas-com-cartoes-de-credito-e-debito","status":"publish","type":"post","link":"https:\/\/www.brasal.com.br\/veiculos\/blog\/2018\/04\/11\/multas-de-transito-poderao-ser-pagas-com-cartoes-de-credito-e-debito\/","title":{"rendered":"Multas de tr\u00e2nsito poder\u00e3o ser pagas com cart\u00f5es de cr\u00e9dito e d\u00e9bito."},"content":{"rendered":"<div style=\"text-align: justify;\">\n<p><img decoding=\"async\" loading=\"lazy\" class=\"size-full wp-image-2027 aligncenter\" src=\"http:\/\/www.brasal.com.br\/veiculos\/blog\/wp-content\/uploads\/2018\/04\/02.jpg\" alt=\"02\" width=\"675\" height=\"369\" srcset=\"https:\/\/www.brasal.com.br\/veiculos\/blog\/wp-content\/uploads\/2018\/04\/02.jpg 675w, https:\/\/www.brasal.com.br\/veiculos\/blog\/wp-content\/uploads\/2018\/04\/02-300x164.jpg 300w\" sizes=\"(max-width: 675px) 100vw, 675px\" \/>Agora motoristas com multas de tr\u00e2nsito ter\u00e3o mais facilidade para pagar multas dos seus ve\u00edculos.\u00a0O Conselho Nacional de Tr\u00e2nsito (Contran) publicou nesta quarta-feira (18) uma resolu\u00e7\u00e3o quer permite o pagamento de multas de tr\u00e2nsito com cart\u00f5es de d\u00e9bito ou cr\u00e9dito. E aten\u00e7\u00e3o, os valores a serem pagos tamb\u00e9m\u00a0poder\u00e3o\u00a0ser\u00a0parcelados!\u00a0Hoje em dia, o pagamento s\u00f3 \u00e9 feito\u00a0por meio de guias de recolhimento.\u00a0Confira\u00a0como ir\u00e1 ocorrer essa mudan\u00e7a:<\/p>\n<ul>\n<li>Os propriet\u00e1rios de ve\u00edculos ou infratores poder\u00e3o quitar os\u00a0d\u00e9bitos \u00e0 vista ou em parcelas mensais.<\/li>\n<li>Mesmo que o valor seja parcelado, a situa\u00e7\u00e3o do ve\u00edculo \u00e9 regularizada imediatamente.<\/li>\n<li><span data-ccp-props=\"{&quot;201341983&quot;:0,&quot;335559739&quot;:160,&quot;335559740&quot;:259}\">Depois de realizado o pagamento, em um tempo estimado de 30 a 60 minutos, os comprovantes definitivos de quita\u00e7\u00e3o dos d\u00e9bitos ser\u00e3o enviados por meio de mensagem no celular ou por e-mail indicado pelo motorista.<\/span><\/li>\n<li>Nos locais de atendimento ao p\u00fablico, como nos postos do Detran de cada estado, dever\u00e1 haver instala\u00e7\u00f5es onde o p\u00fablico possa quitar as d\u00edvidas utilizando o cart\u00e3o de cr\u00e9dito ou d\u00e9bito.<\/li>\n<\/ul>\n<p>&nbsp;<\/p>\n<p>Fonte: <a href=\"http:\/\/www.brasil.gov.br\/cidadania-e-justica\/2018\/03\/multas-de-transito-poderao-ser-pagas-com-cartoes-de-credito-e-debito\">Governo do Brasil<\/a><\/p>\n<\/div>\n","protected":false},"excerpt":{"rendered":"<p>Agora motoristas com multas de tr\u00e2nsito ter\u00e3o mais facilidade para pagar multas dos seus ve\u00edculos.\u00a0O Conselho Nacional de Tr\u00e2nsito (Contran) publicou nesta quarta-feira (18) uma resolu\u00e7\u00e3o quer permite o pagamento de multas de tr\u00e2nsito com cart\u00f5es de d\u00e9bito ou cr\u00e9dito. E aten\u00e7\u00e3o, os valores a serem pagos tamb\u00e9m\u00a0poder\u00e3o\u00a0ser\u00a0parcelados!\u00a0Hoje em dia, o pagamento s\u00f3 \u00e9 feito\u00a0por &hellip;<\/p>\n","protected":false},"author":5,"featured_media":2027,"comment_status":"open","ping_status":"open","sticky":false,"template":"","format":"standard","meta":[],"categories":[40],"tags":[256,55,347,348,114,343],"_links":{"self":[{"href":"https:\/\/www.brasal.com.br\/veiculos\/blog\/wp-json\/wp\/v2\/posts\/2026"}],"collection":[{"href":"https:\/\/www.brasal.com.br\/veiculos\/blog\/wp-json\/wp\/v2\/posts"}],"about":[{"href":"https:\/\/www.brasal.com.br\/veiculos\/blog\/wp-json\/wp\/v2\/types\/post"}],"author":[{"embeddable":true,"href":"https:\/\/www.brasal.com.br\/veiculos\/blog\/wp-json\/wp\/v2\/users\/5"}],"replies":[{"embeddable":true,"href":"https:\/\/www.brasal.com.br\/veiculos\/blog\/wp-json\/wp\/v2\/comments?post=2026"}],"version-history":[{"count":6,"href":"https:\/\/www.brasal.com.br\/veiculos\/blog\/wp-json\/wp\/v2\/posts\/2026\/revisions"}],"predecessor-version":[{"id":2034,"href":"https:\/\/www.brasal.com.br\/veiculos\/blog\/wp-json\/wp\/v2\/posts\/2026\/revisions\/2034"}],"wp:featuredmedia":[{"embeddable":true,"href":"https:\/\/www.brasal.com.br\/veiculos\/blog\/wp-json\/wp\/v2\/media\/2027"}],"wp:attachment":[{"href":"https:\/\/www.brasal.com.br\/veiculos\/blog\/wp-json\/wp\/v2\/media?parent=2026"}],"wp:term":[{"taxonomy":"category","embeddable":true,"href":"https:\/\/www.brasal.com.br\/veiculos\/blog\/wp-json\/wp\/v2\/categories?post=2026"},{"taxonomy":"post_tag","embeddable":true,"href":"https:\/\/www.brasal.com.br\/veiculos\/blog\/wp-json\/wp\/v2\/tags?post=2026"}],"curies":[{"name":"wp","href":"https:\/\/api.w.org\/{rel}","templated":true}]}}