{"id":1995,"date":"2018-03-26T10:05:52","date_gmt":"2018-03-26T13:05:52","guid":{"rendered":"http:\/\/www.brasal.com.br\/veiculos\/blog\/?p=1995"},"modified":"2018-03-26T10:05:52","modified_gmt":"2018-03-26T13:05:52","slug":"nova-amarok-v6","status":"publish","type":"post","link":"https:\/\/www.brasal.com.br\/veiculos\/blog\/2018\/03\/26\/nova-amarok-v6\/","title":{"rendered":"Uma viagem \u00e0 bordo da Nova Amarok V6"},"content":{"rendered":"<div style=\"text-align: justify;\">Encarar o tr\u00e2nsito da cidade, a aventura da lama e o imprevisto das pedras \u00e9 um desafio que exige for\u00e7a. Ou melhor, for\u00e7a e intelig\u00eancia.<br \/>\nCom essas credenciais de f\u00e1brica, a <strong>Amarok V6<\/strong> ganha uma carga extra de inova\u00e7\u00e3o que confere ainda mais seguran\u00e7a, robustez, conectividade e exclusividade.<\/div>\n<div style=\"text-align: justify;\">\n<p>Colocamos a nova Amarok V6 na estrada para Goi\u00e2nia e o resultado voc\u00ea pode conferir\u00a0<strong><a href=\"https:\/\/www.youtube.com\/watch?v=HpZFbEIzVwc&amp;feature=youtu.be\">AQUI<\/a>.<br \/>\nUm spoiler: foi incr\u00edvel!\u00a0<\/strong><\/p>\n<\/div>\n<p><img decoding=\"async\" loading=\"lazy\" class=\"aligncenter size-full wp-image-1996\" src=\"http:\/\/www.brasal.com.br\/veiculos\/blog\/wp-content\/uploads\/2018\/03\/WhatsApp-Image-2018-03-26-at-09.59.42.jpeg\" alt=\"WhatsApp Image 2018-03-26 at 09.59.42\" width=\"1280\" height=\"814\" srcset=\"https:\/\/www.brasal.com.br\/veiculos\/blog\/wp-content\/uploads\/2018\/03\/WhatsApp-Image-2018-03-26-at-09.59.42.jpeg 1280w, https:\/\/www.brasal.com.br\/veiculos\/blog\/wp-content\/uploads\/2018\/03\/WhatsApp-Image-2018-03-26-at-09.59.42-300x191.jpeg 300w, https:\/\/www.brasal.com.br\/veiculos\/blog\/wp-content\/uploads\/2018\/03\/WhatsApp-Image-2018-03-26-at-09.59.42-768x488.jpeg 768w, https:\/\/www.brasal.com.br\/veiculos\/blog\/wp-content\/uploads\/2018\/03\/WhatsApp-Image-2018-03-26-at-09.59.42-1024x651.jpeg 1024w\" sizes=\"(max-width: 1280px) 100vw, 1280px\" \/><\/p>\n<div style=\"text-align: justify;\"><\/div>\n","protected":false},"excerpt":{"rendered":"<p>Encarar o tr\u00e2nsito da cidade, a aventura da lama e o imprevisto das pedras \u00e9 um desafio que exige for\u00e7a. Ou melhor, for\u00e7a e intelig\u00eancia. Com essas credenciais de f\u00e1brica, a Amarok V6 ganha uma carga extra de inova\u00e7\u00e3o que confere ainda mais seguran\u00e7a, robustez, conectividade e exclusividade. Colocamos a nova Amarok V6 na estrada &hellip;<\/p>\n","protected":false},"author":4,"featured_media":1996,"comment_status":"open","ping_status":"open","sticky":false,"template":"","format":"standard","meta":[],"categories":[2],"tags":[42,337,74,62,338,186,255,46,99,54],"_links":{"self":[{"href":"https:\/\/www.brasal.com.br\/veiculos\/blog\/wp-json\/wp\/v2\/posts\/1995"}],"collection":[{"href":"https:\/\/www.brasal.com.br\/veiculos\/blog\/wp-json\/wp\/v2\/posts"}],"about":[{"href":"https:\/\/www.brasal.com.br\/veiculos\/blog\/wp-json\/wp\/v2\/types\/post"}],"author":[{"embeddable":true,"href":"https:\/\/www.brasal.com.br\/veiculos\/blog\/wp-json\/wp\/v2\/users\/4"}],"replies":[{"embeddable":true,"href":"https:\/\/www.brasal.com.br\/veiculos\/blog\/wp-json\/wp\/v2\/comments?post=1995"}],"version-history":[{"count":1,"href":"https:\/\/www.brasal.com.br\/veiculos\/blog\/wp-json\/wp\/v2\/posts\/1995\/revisions"}],"predecessor-version":[{"id":1997,"href":"https:\/\/www.brasal.com.br\/veiculos\/blog\/wp-json\/wp\/v2\/posts\/1995\/revisions\/1997"}],"wp:featuredmedia":[{"embeddable":true,"href":"https:\/\/www.brasal.com.br\/veiculos\/blog\/wp-json\/wp\/v2\/media\/1996"}],"wp:attachment":[{"href":"https:\/\/www.brasal.com.br\/veiculos\/blog\/wp-json\/wp\/v2\/media?parent=1995"}],"wp:term":[{"taxonomy":"category","embeddable":true,"href":"https:\/\/www.brasal.com.br\/veiculos\/blog\/wp-json\/wp\/v2\/categories?post=1995"},{"taxonomy":"post_tag","embeddable":true,"href":"https:\/\/www.brasal.com.br\/veiculos\/blog\/wp-json\/wp\/v2\/tags?post=1995"}],"curies":[{"name":"wp","href":"https:\/\/api.w.org\/{rel}","templated":true}]}}