{"id":1915,"date":"2018-01-22T13:15:23","date_gmt":"2018-01-22T15:15:23","guid":{"rendered":"http:\/\/www.brasal.com.br\/veiculos\/blog\/?p=1915"},"modified":"2018-01-22T15:20:57","modified_gmt":"2018-01-22T17:20:57","slug":"nota-legal","status":"publish","type":"post","link":"https:\/\/www.brasal.com.br\/veiculos\/blog\/2018\/01\/22\/nota-legal\/","title":{"rendered":"Nota Legal: Saiba at\u00e9 quando voc\u00ea pode utilizar seus cr\u00e9ditos para o abatimento no IPVA."},"content":{"rendered":"<div style=\"text-align: justify;\">\n<p>Muitos j\u00e1 conhecem o Nota legal, um programa criado em 2008 para que o consumidor exija o documento fiscal em compras de mercadorias e servi\u00e7os, e assim decidir entre o abatimento no valor do IPTU e do IPVA.<img decoding=\"async\" loading=\"lazy\" class=\"alignnone size-medium wp-image-1917 alignright\" src=\"http:\/\/www.brasal.com.br\/veiculos\/blog\/wp-content\/uploads\/2018\/01\/Nota-Legal-300x200.jpg\" alt=\"Nota-Legal\" width=\"300\" height=\"200\" srcset=\"https:\/\/www.brasal.com.br\/veiculos\/blog\/wp-content\/uploads\/2018\/01\/Nota-Legal-300x200.jpg 300w, https:\/\/www.brasal.com.br\/veiculos\/blog\/wp-content\/uploads\/2018\/01\/Nota-Legal.jpg 400w\" sizes=\"(max-width: 300px) 100vw, 300px\" \/><\/p>\n<p>Esse ano, desde o dia 4 de Janeiro os consumidores j\u00e1 indicam seus creditos. \u00a0E \u00a0dia 31 de janeiro, \u00e9 o prazo final para \u00a0o contribuinte estar entrando no\u00a0<a href=\"http:\/\/www.notalegal.df.gov.br\/\" target=\"_blank\"><strong>site do Nota Legal<\/strong><\/a>\u00a0e indicando em qual dos dois impostos deseja usar os cr\u00e9ditos para desconto. Para utiliza\u00e7\u00e3o do benef\u00edcio, o consumidor deve ser cadastrado no site do governo e pedir a inclus\u00e3o do CPF nas compras que realizar.<\/p>\n<p><strong>Boletos IPVA<\/strong><\/p>\n<p>Desde 2017, a Secretaria de Fazenda trabalha com a cobran\u00e7a da 1\u00aa parcela do IPVA em fevereiro. Com isso, os boletos chegam ao endere\u00e7o dos contribuintes ainda em janeiro com o valor integral do imposto.Se o dono do carro quiser usar o desconto obtido por meio do Nota Legal, o governo informa que \u00e9 necess\u00e1rio desconsiderar o documento recebido pelos Correios e emitir a segunda via com os valores atualizados.<\/p>\n<p><img decoding=\"async\" loading=\"lazy\" class=\"size-medium wp-image-1916 alignleft\" src=\"http:\/\/www.brasal.com.br\/veiculos\/blog\/wp-content\/uploads\/2018\/01\/8e056b3564b54c64e858cbe6e2805c2f2d5df342-300x213.jpg\" alt=\"8e056b3564b54c64e858cbe6e2805c2f2d5df342\" width=\"300\" height=\"213\" srcset=\"https:\/\/www.brasal.com.br\/veiculos\/blog\/wp-content\/uploads\/2018\/01\/8e056b3564b54c64e858cbe6e2805c2f2d5df342-300x213.jpg 300w, https:\/\/www.brasal.com.br\/veiculos\/blog\/wp-content\/uploads\/2018\/01\/8e056b3564b54c64e858cbe6e2805c2f2d5df342-768x545.jpg 768w, https:\/\/www.brasal.com.br\/veiculos\/blog\/wp-content\/uploads\/2018\/01\/8e056b3564b54c64e858cbe6e2805c2f2d5df342-1024x726.jpg 1024w\" sizes=\"(max-width: 300px) 100vw, 300px\" \/><\/p>\n<p style=\"text-align: left;\"><strong>Site\u00a0<\/strong><\/p>\n<p>Foi criado um mecanismo de \u201cindica\u00e7\u00e3o direta\u201d de cr\u00e9ditos no Nota Legal, para abatimento no IPVA ou IPTU. Um banner no\u00a0site do programa\u00a0d\u00e1 acesso a uma \u00e1rea onde \u00e9 necess\u00e1rio apenas fornecer o Renavam do ve\u00edculo, no caso do IPVA, ou o inscri\u00e7\u00e3o do im\u00f3vel, no caso do IPTU.<\/p>\n<p>Os contribuintes que tiverem d\u00favidas sobre a utiliza\u00e7\u00e3o dos recursos podem consultar o<a href=\"http:\/\/www.notalegal.df.gov.br\/aplicacoes\/manual_old\/index.html\" target=\"_blank\"><strong> Manual do Consumidor<\/strong><\/a>, tamb\u00e9m dispon\u00edvel na p\u00e1gina do programa na internet. Al\u00e9m disso, a Secretaria de Fazenda conta com equipes para dar suporte e orienta\u00e7\u00e3o virtual via Facebook.<\/p>\n<\/div>\n<p>&nbsp;<\/p>\n<p>Fonte: <a href=\"https:\/\/g1.globo.com\/df\/distrito-federal\/noticia\/nota-legal-contribuintes-do-df-podem-indicar-creditos-a-partir-desta-quinta.ghtml\" target=\"_blank\">G1<\/a><\/p>\n","protected":false},"excerpt":{"rendered":"<p>Muitos j\u00e1 conhecem o Nota legal, um programa criado em 2008 para que o consumidor exija o documento fiscal em compras de mercadorias e servi\u00e7os, e assim decidir entre o abatimento no valor do IPTU e do IPVA. Esse ano, desde o dia 4 de Janeiro os consumidores j\u00e1 indicam seus creditos. \u00a0E \u00a0dia 31 &hellip;<\/p>\n","protected":false},"author":5,"featured_media":1916,"comment_status":"open","ping_status":"open","sticky":false,"template":"","format":"standard","meta":[],"categories":[113],"tags":[324,300,234,264,323,99],"_links":{"self":[{"href":"https:\/\/www.brasal.com.br\/veiculos\/blog\/wp-json\/wp\/v2\/posts\/1915"}],"collection":[{"href":"https:\/\/www.brasal.com.br\/veiculos\/blog\/wp-json\/wp\/v2\/posts"}],"about":[{"href":"https:\/\/www.brasal.com.br\/veiculos\/blog\/wp-json\/wp\/v2\/types\/post"}],"author":[{"embeddable":true,"href":"https:\/\/www.brasal.com.br\/veiculos\/blog\/wp-json\/wp\/v2\/users\/5"}],"replies":[{"embeddable":true,"href":"https:\/\/www.brasal.com.br\/veiculos\/blog\/wp-json\/wp\/v2\/comments?post=1915"}],"version-history":[{"count":10,"href":"https:\/\/www.brasal.com.br\/veiculos\/blog\/wp-json\/wp\/v2\/posts\/1915\/revisions"}],"predecessor-version":[{"id":1926,"href":"https:\/\/www.brasal.com.br\/veiculos\/blog\/wp-json\/wp\/v2\/posts\/1915\/revisions\/1926"}],"wp:featuredmedia":[{"embeddable":true,"href":"https:\/\/www.brasal.com.br\/veiculos\/blog\/wp-json\/wp\/v2\/media\/1916"}],"wp:attachment":[{"href":"https:\/\/www.brasal.com.br\/veiculos\/blog\/wp-json\/wp\/v2\/media?parent=1915"}],"wp:term":[{"taxonomy":"category","embeddable":true,"href":"https:\/\/www.brasal.com.br\/veiculos\/blog\/wp-json\/wp\/v2\/categories?post=1915"},{"taxonomy":"post_tag","embeddable":true,"href":"https:\/\/www.brasal.com.br\/veiculos\/blog\/wp-json\/wp\/v2\/tags?post=1915"}],"curies":[{"name":"wp","href":"https:\/\/api.w.org\/{rel}","templated":true}]}}