{"id":1890,"date":"2018-01-04T17:02:04","date_gmt":"2018-01-04T19:02:04","guid":{"rendered":"http:\/\/www.brasal.com.br\/veiculos\/blog\/?p=1890"},"modified":"2018-01-05T11:46:35","modified_gmt":"2018-01-05T13:46:35","slug":"saiba-o-que-mudou-no-transito-do-sia-trecho-i","status":"publish","type":"post","link":"https:\/\/www.brasal.com.br\/veiculos\/blog\/2018\/01\/04\/saiba-o-que-mudou-no-transito-do-sia-trecho-i\/","title":{"rendered":"Saiba o que mudou no tr\u00e2nsito do SIA Trecho I."},"content":{"rendered":"<div style=\"text-align: justify;\">Quem passou pelo Trecho I do SIA &#8211; Setor de industria e Abastecimento, no m\u00eas de Dezembro, se deparou com v\u00e1rios trechos em obras, e certa lentid\u00e3o no transito, o motivo, foi a coloca\u00e7\u00e3o de v\u00e1rios sem\u00e1foros na via, al\u00e9m da realoca\u00e7\u00e3o dos retornos, que passaram de sete (7) para tr\u00eas (3) o numero de retornos no trecho. Com obras j\u00e1 conclu\u00eddas, as mudan\u00e7as prometem\u00a0aumentar a seguran\u00e7a dos motoristas e pedestres, que passam pelo local diariamente.<\/p>\n<p>E pra voc\u00ea que vem aqui na Brasal Ve\u00edculos, fica ligado, fizemos um mapa mostrando onde est\u00e3o os retornos agora. Confira:<\/p>\n<p><em><strong>Mapa Antigo do Trecho I<\/strong><\/em><\/p>\n<p><img decoding=\"async\" loading=\"lazy\" class=\"aligncenter size-full wp-image-1891\" src=\"http:\/\/www.brasal.com.br\/veiculos\/blog\/wp-content\/uploads\/2018\/01\/Mapas-Retornos-SIA-1.png\" alt=\"Mapas Retornos SIA (1)\" width=\"1024\" height=\"512\" srcset=\"https:\/\/www.brasal.com.br\/veiculos\/blog\/wp-content\/uploads\/2018\/01\/Mapas-Retornos-SIA-1.png 1024w, https:\/\/www.brasal.com.br\/veiculos\/blog\/wp-content\/uploads\/2018\/01\/Mapas-Retornos-SIA-1-300x150.png 300w, https:\/\/www.brasal.com.br\/veiculos\/blog\/wp-content\/uploads\/2018\/01\/Mapas-Retornos-SIA-1-768x384.png 768w, https:\/\/www.brasal.com.br\/veiculos\/blog\/wp-content\/uploads\/2018\/01\/Mapas-Retornos-SIA-1-660x330.png 660w\" sizes=\"(max-width: 1024px) 100vw, 1024px\" \/><\/p>\n<p><em><strong>Mapa Atual do Trecho I<\/strong><\/em><\/p>\n<p><img decoding=\"async\" loading=\"lazy\" class=\"aligncenter size-full wp-image-1898\" src=\"http:\/\/www.brasal.com.br\/veiculos\/blog\/wp-content\/uploads\/2018\/01\/Mapas-Retornos-SIA-3.png\" alt=\"Mapas Retornos SIA (3)\" width=\"1024\" height=\"512\" srcset=\"https:\/\/www.brasal.com.br\/veiculos\/blog\/wp-content\/uploads\/2018\/01\/Mapas-Retornos-SIA-3.png 1024w, https:\/\/www.brasal.com.br\/veiculos\/blog\/wp-content\/uploads\/2018\/01\/Mapas-Retornos-SIA-3-300x150.png 300w, https:\/\/www.brasal.com.br\/veiculos\/blog\/wp-content\/uploads\/2018\/01\/Mapas-Retornos-SIA-3-768x384.png 768w, https:\/\/www.brasal.com.br\/veiculos\/blog\/wp-content\/uploads\/2018\/01\/Mapas-Retornos-SIA-3-660x330.png 660w\" sizes=\"(max-width: 1024px) 100vw, 1024px\" \/><\/p>\n<p>&nbsp;<\/p>\n<p>&nbsp;\n<\/p><\/div>\n","protected":false},"excerpt":{"rendered":"<p>Quem passou pelo Trecho I do SIA &#8211; Setor de industria e Abastecimento, no m\u00eas de Dezembro, se deparou com v\u00e1rios trechos em obras, e certa lentid\u00e3o no transito, o motivo, foi a coloca\u00e7\u00e3o de v\u00e1rios sem\u00e1foros na via, al\u00e9m da realoca\u00e7\u00e3o dos retornos, que passaram de sete (7) para tr\u00eas (3) o numero de &hellip;<\/p>\n","protected":false},"author":4,"featured_media":1894,"comment_status":"open","ping_status":"open","sticky":false,"template":"","format":"standard","meta":[],"categories":[170,40],"tags":[168,320,319,315,114],"_links":{"self":[{"href":"https:\/\/www.brasal.com.br\/veiculos\/blog\/wp-json\/wp\/v2\/posts\/1890"}],"collection":[{"href":"https:\/\/www.brasal.com.br\/veiculos\/blog\/wp-json\/wp\/v2\/posts"}],"about":[{"href":"https:\/\/www.brasal.com.br\/veiculos\/blog\/wp-json\/wp\/v2\/types\/post"}],"author":[{"embeddable":true,"href":"https:\/\/www.brasal.com.br\/veiculos\/blog\/wp-json\/wp\/v2\/users\/4"}],"replies":[{"embeddable":true,"href":"https:\/\/www.brasal.com.br\/veiculos\/blog\/wp-json\/wp\/v2\/comments?post=1890"}],"version-history":[{"count":8,"href":"https:\/\/www.brasal.com.br\/veiculos\/blog\/wp-json\/wp\/v2\/posts\/1890\/revisions"}],"predecessor-version":[{"id":1902,"href":"https:\/\/www.brasal.com.br\/veiculos\/blog\/wp-json\/wp\/v2\/posts\/1890\/revisions\/1902"}],"wp:featuredmedia":[{"embeddable":true,"href":"https:\/\/www.brasal.com.br\/veiculos\/blog\/wp-json\/wp\/v2\/media\/1894"}],"wp:attachment":[{"href":"https:\/\/www.brasal.com.br\/veiculos\/blog\/wp-json\/wp\/v2\/media?parent=1890"}],"wp:term":[{"taxonomy":"category","embeddable":true,"href":"https:\/\/www.brasal.com.br\/veiculos\/blog\/wp-json\/wp\/v2\/categories?post=1890"},{"taxonomy":"post_tag","embeddable":true,"href":"https:\/\/www.brasal.com.br\/veiculos\/blog\/wp-json\/wp\/v2\/tags?post=1890"}],"curies":[{"name":"wp","href":"https:\/\/api.w.org\/{rel}","templated":true}]}}