{"id":1880,"date":"2017-12-21T16:38:06","date_gmt":"2017-12-21T18:38:06","guid":{"rendered":"http:\/\/www.brasal.com.br\/veiculos\/blog\/?p=1880"},"modified":"2018-06-04T11:27:19","modified_gmt":"2018-06-04T14:27:19","slug":"kmhistorias","status":"publish","type":"post","link":"https:\/\/www.brasal.com.br\/veiculos\/blog\/2017\/12\/21\/kmhistorias\/","title":{"rendered":"KM&#038;Hist\u00f3rias EJC &#8211; As pessoas s\u00e3o nossa inspira\u00e7\u00e3o.."},"content":{"rendered":"<div style=\"width: 618px;\" class=\"wp-video\"><!--[if lt IE 9]><script>document.createElement('video');<\/script><![endif]-->\n<video class=\"wp-video-shortcode\" id=\"video-1880-1\" width=\"618\" height=\"347\" autoplay=\"1\" preload=\"metadata\" controls=\"controls\"><source type=\"video\/mp4\" src=\"http:\/\/www.brasal.com.br\/veiculos\/blog\/wp-content\/uploads\/2017\/12\/KM-HIST\u00d3RIAS_VERS\u00c3OBLOG21.mp4?_=1\" \/><a href=\"http:\/\/www.brasal.com.br\/veiculos\/blog\/wp-content\/uploads\/2017\/12\/KM-HIST\u00d3RIAS_VERS\u00c3OBLOG21.mp4\">http:\/\/www.brasal.com.br\/veiculos\/blog\/wp-content\/uploads\/2017\/12\/KM-HIST\u00d3RIAS_VERS\u00c3OBLOG21.mp4<\/a><\/video><\/div>\n<div style=\"text-align: justify;\">\n<p>Uma web s\u00e9rie com historias reais e inspiradoras. No\u00a0epis\u00f3dio de hoje\u00a0n\u00f3s vamos conhecer um pouco sobre\u00a0o movimento EJC (Encontro de Jovens com Cristo). Ah, antes de\u00a0apertar o play l\u00e1 vai um conselho: pega um lencinho\u00a0porque as l\u00e1grimas v\u00e3o escorrer..<\/p>\n<p>Um resuminho sobre essa hist\u00f3rias:<\/p>\n<p>O EJC tem como intuito\u00a0<span style=\"font-weight: 400;\">despertar os jovens para que vivam seu crescimento de uma maneira crist\u00e3, a partir de valores humanos. P<\/span>raticar a caridade, na busca de mostrar que todos s\u00e3o iguais, independente de n\u00edvel social, cor ou religi\u00e3o. O movimento est\u00e1 presente em toda a regi\u00e3o do Centro-Oeste, mas essa hist\u00f3ria \u00e9 vivida pelo EJC de \u00c1guas Lindas de Goi\u00e1s, onde\u00a0sempre s\u00e3o realizadas a\u00e7\u00f5es sociais voltadas para a comunidade carente. \u00a0Hoje voc\u00ea vai ver a a\u00e7\u00e3o do EJC Kids Day, um Dia das Crian\u00e7as diferente, que leva alegria, amor e divers\u00e3o, para as crian\u00e7as da cidade. Um dia que \u00e9 marcante para todos\u00a0os envolvidos e que serve como aprendizado para a vida toda. Essa experi\u00eancia encheu nossos cora\u00e7\u00f5es e a nossa Amarok de amor, solidariedade e inspira\u00e7\u00e3o. At\u00e9 o pr\u00f3ximo KM &amp; Hist\u00f3rias. #guentacora\u00e7\u00e3o<\/p>\n<\/div>\n","protected":false},"excerpt":{"rendered":"<p>Uma web s\u00e9rie com historias reais e inspiradoras. No\u00a0epis\u00f3dio de hoje\u00a0n\u00f3s vamos conhecer um pouco sobre\u00a0o movimento EJC (Encontro de Jovens com Cristo). Ah, antes de\u00a0apertar o play l\u00e1 vai um conselho: pega um lencinho\u00a0porque as l\u00e1grimas v\u00e3o escorrer.. Um resuminho sobre essa hist\u00f3rias: O EJC tem como intuito\u00a0despertar os jovens para que vivam seu &hellip;<\/p>\n","protected":false},"author":5,"featured_media":1885,"comment_status":"open","ping_status":"open","sticky":false,"template":"","format":"standard","meta":[],"categories":[2,170],"tags":[74,168,313,312,311,310,309,314],"_links":{"self":[{"href":"https:\/\/www.brasal.com.br\/veiculos\/blog\/wp-json\/wp\/v2\/posts\/1880"}],"collection":[{"href":"https:\/\/www.brasal.com.br\/veiculos\/blog\/wp-json\/wp\/v2\/posts"}],"about":[{"href":"https:\/\/www.brasal.com.br\/veiculos\/blog\/wp-json\/wp\/v2\/types\/post"}],"author":[{"embeddable":true,"href":"https:\/\/www.brasal.com.br\/veiculos\/blog\/wp-json\/wp\/v2\/users\/5"}],"replies":[{"embeddable":true,"href":"https:\/\/www.brasal.com.br\/veiculos\/blog\/wp-json\/wp\/v2\/comments?post=1880"}],"version-history":[{"count":6,"href":"https:\/\/www.brasal.com.br\/veiculos\/blog\/wp-json\/wp\/v2\/posts\/1880\/revisions"}],"predecessor-version":[{"id":2146,"href":"https:\/\/www.brasal.com.br\/veiculos\/blog\/wp-json\/wp\/v2\/posts\/1880\/revisions\/2146"}],"wp:featuredmedia":[{"embeddable":true,"href":"https:\/\/www.brasal.com.br\/veiculos\/blog\/wp-json\/wp\/v2\/media\/1885"}],"wp:attachment":[{"href":"https:\/\/www.brasal.com.br\/veiculos\/blog\/wp-json\/wp\/v2\/media?parent=1880"}],"wp:term":[{"taxonomy":"category","embeddable":true,"href":"https:\/\/www.brasal.com.br\/veiculos\/blog\/wp-json\/wp\/v2\/categories?post=1880"},{"taxonomy":"post_tag","embeddable":true,"href":"https:\/\/www.brasal.com.br\/veiculos\/blog\/wp-json\/wp\/v2\/tags?post=1880"}],"curies":[{"name":"wp","href":"https:\/\/api.w.org\/{rel}","templated":true}]}}