{"id":1872,"date":"2017-12-13T17:14:59","date_gmt":"2017-12-13T19:14:59","guid":{"rendered":"http:\/\/www.brasal.com.br\/veiculos\/blog\/?p=1872"},"modified":"2017-12-13T17:16:28","modified_gmt":"2017-12-13T19:16:28","slug":"crv-podera-ser-digital-ja-em-2018","status":"publish","type":"post","link":"https:\/\/www.brasal.com.br\/veiculos\/blog\/2017\/12\/13\/crv-podera-ser-digital-ja-em-2018\/","title":{"rendered":"Documento do carro poder\u00e1 ser digital j\u00e1 em 2018"},"content":{"rendered":"<div style=\"text-align: justify;\">Ap\u00f3s aprovar a cria\u00e7\u00e3o da CNH digital, agora, o Conselho Nacional de Tr\u00e2nsito (Contran) aprovou a Resolu\u00e7\u00e3o n\u00ba 720, publicada hoje (13\/12) no Di\u00e1rio Oficial da Uni\u00e3o, criando o Certificado de Registro e Licenciamento de Ve\u00edculo Eletr\u00f4nico (CRLVe), que estar\u00e1 dispon\u00edvel em todo o pa\u00eds at\u00e9 o final de 2018.<br \/>\n<img decoding=\"async\" loading=\"lazy\" class=\"aligncenter size-full wp-image-1873\" src=\"http:\/\/www.brasal.com.br\/veiculos\/blog\/wp-content\/uploads\/2017\/12\/LICENCIAMENTO-ANUAL-CRLV-DETRAN-1.jpg\" alt=\"LICENCIAMENTO-ANUAL-CRLV-DETRAN (1)\" width=\"900\" height=\"473\" srcset=\"https:\/\/www.brasal.com.br\/veiculos\/blog\/wp-content\/uploads\/2017\/12\/LICENCIAMENTO-ANUAL-CRLV-DETRAN-1.jpg 900w, https:\/\/www.brasal.com.br\/veiculos\/blog\/wp-content\/uploads\/2017\/12\/LICENCIAMENTO-ANUAL-CRLV-DETRAN-1-300x158.jpg 300w, https:\/\/www.brasal.com.br\/veiculos\/blog\/wp-content\/uploads\/2017\/12\/LICENCIAMENTO-ANUAL-CRLV-DETRAN-1-768x404.jpg 768w\" sizes=\"(max-width: 900px) 100vw, 900px\" \/><br \/>\nEsta decis\u00e3o permitir\u00e1 que o Denatran promova o desenvolvimento de um modelo digital do CRLV que hoje existe apenas em meio f\u00edsico, no formato impresso, conhecido de todos os propriet\u00e1rios de ve\u00edculos no pa\u00eds e de porte obrigat\u00f3rio, caso o agente fiscalizador n\u00e3o tenha como verificar as informa\u00e7\u00f5es do carro por outros meios.A Resolu\u00e7\u00e3o determina tamb\u00e9m que o Detran de cada estado e do Distrito Federal ter\u00e3o 180 dias para atualizar as suas bases de dados junto ao Renavam com as informa\u00e7\u00f5es sobre os d\u00e9bitos relativos a tributos, encargos e multas de tr\u00e2nsito e ambientais, vinculados ao ve\u00edculo, bem como sobre o Licenciamento, pois o CRLV e somente ser\u00e1 expedido para os propriet\u00e1rios dos ve\u00edculos ap\u00f3s a plena quita\u00e7\u00e3o dos d\u00e9bitos, bem como o pagamento do Seguro DPVAT.<\/p>\n<p>O Detran ter\u00e1 at\u00e9 31 de dezembro de 2018 para oferecer esta op\u00e7\u00e3o aos propriet\u00e1rios de ve\u00edculos de todo o pa\u00eds. Os condutores poder\u00e3o optar pelo porte do documento tradicional, impresso, ou do documento eletr\u00f4nico.<\/p>\n<p>O Denatran trabalha no desenvolvimento do modelo junto ao Servi\u00e7o Federal de Processamento de Dados (Serpro) e apresentar\u00e1 um prot\u00f3tipo do novo documento digital em breve.<\/p>\n<p>Fonte: <a href=\"http:\/\/www.icarros.com.br\/noticias\/index.jsp\">Icarros<\/a><\/p>\n<\/div>\n","protected":false},"excerpt":{"rendered":"<p>Ap\u00f3s aprovar a cria\u00e7\u00e3o da CNH digital, agora, o Conselho Nacional de Tr\u00e2nsito (Contran) aprovou a Resolu\u00e7\u00e3o n\u00ba 720, publicada hoje (13\/12) no Di\u00e1rio Oficial da Uni\u00e3o, criando o Certificado de Registro e Licenciamento de Ve\u00edculo Eletr\u00f4nico (CRLVe), que estar\u00e1 dispon\u00edvel em todo o pa\u00eds at\u00e9 o final de 2018. Esta decis\u00e3o permitir\u00e1 que o &hellip;<\/p>\n","protected":false},"author":4,"featured_media":1874,"comment_status":"open","ping_status":"open","sticky":false,"template":"","format":"standard","meta":[],"categories":[170],"tags":[55,307,308,306,201,262],"_links":{"self":[{"href":"https:\/\/www.brasal.com.br\/veiculos\/blog\/wp-json\/wp\/v2\/posts\/1872"}],"collection":[{"href":"https:\/\/www.brasal.com.br\/veiculos\/blog\/wp-json\/wp\/v2\/posts"}],"about":[{"href":"https:\/\/www.brasal.com.br\/veiculos\/blog\/wp-json\/wp\/v2\/types\/post"}],"author":[{"embeddable":true,"href":"https:\/\/www.brasal.com.br\/veiculos\/blog\/wp-json\/wp\/v2\/users\/4"}],"replies":[{"embeddable":true,"href":"https:\/\/www.brasal.com.br\/veiculos\/blog\/wp-json\/wp\/v2\/comments?post=1872"}],"version-history":[{"count":3,"href":"https:\/\/www.brasal.com.br\/veiculos\/blog\/wp-json\/wp\/v2\/posts\/1872\/revisions"}],"predecessor-version":[{"id":1877,"href":"https:\/\/www.brasal.com.br\/veiculos\/blog\/wp-json\/wp\/v2\/posts\/1872\/revisions\/1877"}],"wp:featuredmedia":[{"embeddable":true,"href":"https:\/\/www.brasal.com.br\/veiculos\/blog\/wp-json\/wp\/v2\/media\/1874"}],"wp:attachment":[{"href":"https:\/\/www.brasal.com.br\/veiculos\/blog\/wp-json\/wp\/v2\/media?parent=1872"}],"wp:term":[{"taxonomy":"category","embeddable":true,"href":"https:\/\/www.brasal.com.br\/veiculos\/blog\/wp-json\/wp\/v2\/categories?post=1872"},{"taxonomy":"post_tag","embeddable":true,"href":"https:\/\/www.brasal.com.br\/veiculos\/blog\/wp-json\/wp\/v2\/tags?post=1872"}],"curies":[{"name":"wp","href":"https:\/\/api.w.org\/{rel}","templated":true}]}}