{"id":1857,"date":"2017-12-06T15:52:17","date_gmt":"2017-12-06T17:52:17","guid":{"rendered":"http:\/\/www.brasal.com.br\/veiculos\/blog\/?p=1857"},"modified":"2017-12-06T15:59:45","modified_gmt":"2017-12-06T17:59:45","slug":"nova-amarok-v6-vw","status":"publish","type":"post","link":"https:\/\/www.brasal.com.br\/veiculos\/blog\/2017\/12\/06\/nova-amarok-v6-vw\/","title":{"rendered":"Amarok V6: Saiba mais sobre a novidade da VW."},"content":{"rendered":"<div style=\"text-align: justify;\">\n<p>A Amarok V6, chegou com tudo. Com pr\u00e9 venda j\u00e1 em andamento pelo site da <a href=\"https:\/\/prevendaamarokv6.vw.com.br\/?utm_medium=display_click&amp;utm_source=instagram&amp;utm_campaign=pre-venda-amarok&amp;utm_content=pre-venda-amarok|instagram|newsfeed|carrossel-1x1|pre-venda|por&amp;dclid=COOAqYz59dcCFZOHkQodhIUCYQ\">Volkswagen<\/a>, \u00a0a reserva custar\u00e1 R$ 10 mil para os primeiros interessados. Conhe\u00e7a um pouco sobre a novidade.<\/p>\n<p><img decoding=\"async\" loading=\"lazy\" class=\"alignnone wp-image-1860 size-full\" src=\"http:\/\/www.brasal.com.br\/veiculos\/blog\/wp-content\/uploads\/2017\/12\/volkswagen-amarok-v6-highline-1-e1512580694994.jpg\" alt=\"volkswagen-amarok-v6-highline-1\" width=\"640\" height=\"480\" srcset=\"https:\/\/www.brasal.com.br\/veiculos\/blog\/wp-content\/uploads\/2017\/12\/volkswagen-amarok-v6-highline-1-e1512580694994.jpg 640w, https:\/\/www.brasal.com.br\/veiculos\/blog\/wp-content\/uploads\/2017\/12\/volkswagen-amarok-v6-highline-1-e1512580694994-300x225.jpg 300w\" sizes=\"(max-width: 640px) 100vw, 640px\" \/><\/p>\n<p>Baseada na vers\u00e3o top de linha Highline, a novidade ter\u00e1 itens como central multim\u00eddia com espelhamento de smartphones via Android Auto e Apple Car Play, freios a disco nas quatro rodas e bancos com regulagens el\u00e9tricas. No entanto, a grande novidade est\u00e1 sob o cap\u00f4, onde residir\u00e1 o motor V6, emprestado diretamente do Audi Q7.<\/p>\n<p>O propulsor\u00a03.0 V6 turbodiesel entrega\u00a0225 cv de pot\u00eancia e 56,1 kgfm de torque\u00a0dispon\u00edveis entre 1.500 a 2.500 rpm. A \u00fanica op\u00e7\u00e3o de c\u00e2mbio \u00e9 o autom\u00e1tico de oito velocidades, o mesmo usado no 2.0 turbodiesel, e a tra\u00e7\u00e3o ser\u00e1 integral.\u00a0Segundo a Volkswagen, a Amarok V6 acelera de 0 a 100 km\/h em 8 segundos, o que, para a marca, a coloca como a <strong>&#8220;mais r\u00e1pida e potente da categoria&#8221;<\/strong>.<\/p>\n<p><img decoding=\"async\" loading=\"lazy\" class=\"alignnone wp-image-1861 size-full\" src=\"http:\/\/www.brasal.com.br\/veiculos\/blog\/wp-content\/uploads\/2017\/12\/Amarok-V6-1.jpg\" alt=\"Amarok-V6 (1)\" width=\"640\" height=\"263\" srcset=\"https:\/\/www.brasal.com.br\/veiculos\/blog\/wp-content\/uploads\/2017\/12\/Amarok-V6-1.jpg 640w, https:\/\/www.brasal.com.br\/veiculos\/blog\/wp-content\/uploads\/2017\/12\/Amarok-V6-1-300x123.jpg 300w\" sizes=\"(max-width: 640px) 100vw, 640px\" \/><\/p>\n<p>Essa edi\u00e7\u00e3o de lan\u00e7amento \u00e9 limitada a 450 unidades, todas na cor s\u00f3lida branco cristal.\u00a0As reservas v\u00e3o at\u00e9 20 de janeiro &#8211; ou o t\u00e9rmino do lote inicial, e posteriormente chegar\u00e3o as vers\u00f5es com pre\u00e7o reduzido e rodas de 18 polegadas.<\/p>\n<p><img decoding=\"async\" loading=\"lazy\" class=\"alignnone wp-image-1858 size-full\" src=\"http:\/\/www.brasal.com.br\/veiculos\/blog\/wp-content\/uploads\/2017\/12\/volkswagen-amarok-v6-highline-22.jpg\" alt=\"volkswagen-amarok-v6-highline-22\" width=\"640\" height=\"427\" srcset=\"https:\/\/www.brasal.com.br\/veiculos\/blog\/wp-content\/uploads\/2017\/12\/volkswagen-amarok-v6-highline-22.jpg 640w, https:\/\/www.brasal.com.br\/veiculos\/blog\/wp-content\/uploads\/2017\/12\/volkswagen-amarok-v6-highline-22-300x200.jpg 300w\" sizes=\"(max-width: 640px) 100vw, 640px\" \/><\/p>\n<p>O modelo chega por valores a partir de R$ 184.990, mas as primeiras unidades ser\u00e3o comercializadas na pr\u00e9-venda por R$ 187.710, valor que j\u00e1 inclui o \u00fanico opcional: o jogo de rodas aro 19. \u00a0As entregas ser\u00e3o a partir de 14 de fevereiro e o lan\u00e7amento \u00e0 imprensa est\u00e1 marcado para o dia 22 do m\u00eas.<\/p>\n<p><img decoding=\"async\" loading=\"lazy\" class=\"alignnone wp-image-1859 size-full\" src=\"http:\/\/www.brasal.com.br\/veiculos\/blog\/wp-content\/uploads\/2017\/12\/Amarok-V6-Brasil-2.jpg\" alt=\"Amarok-V6-Brasil (2)\" width=\"640\" height=\"382\" srcset=\"https:\/\/www.brasal.com.br\/veiculos\/blog\/wp-content\/uploads\/2017\/12\/Amarok-V6-Brasil-2.jpg 640w, https:\/\/www.brasal.com.br\/veiculos\/blog\/wp-content\/uploads\/2017\/12\/Amarok-V6-Brasil-2-300x179.jpg 300w\" sizes=\"(max-width: 640px) 100vw, 640px\" \/><\/p>\n<p><b>Ficha T\u00e9cnica &#8211; VW Amarok V6 2018<\/b><br \/>\n\u2022 MOTOR :<br \/>\n\u2022 Configurac\u00e3o : Turbodiesel, longitudinal, 6 cilindros V,4 v\u00e1lvulas por cilindro<br \/>\n\u2022 Cilindrada (cm\u00b3) : 2967<br \/>\n\u2022 Alimenta\u00e7\u00e3o : Inje\u00e7\u00e3o direta common-rail, um turbocompresor de geometria var\u00e1vel e intercooler<br \/>\n\u2022 Potencia m\u00e1xima &#8211; cv (kW) \/ rpm : 225 (165) \/ 4.000<br \/>\n\u2022 Torque m\u00e1ximo &#8211; kgfm (Nm) \/ rpm : 56,1 (550) \/ 1.500 a 2.500<br \/>\n\u2022 TRANSMISS\u00c3O E TRA\u00c7\u00c3O :<br \/>\n\u2022 Caixa de transmiss\u00e3o : Autom\u00e1tica de 8 velocidades, com modo esportivo (S) e trocas de marchas no volante (shift paddles)<br \/>\n\u2022 Tra\u00e7\u00e3o : 4MOTION permanente<br \/>\n\u2022 Sistemas auxiliares \u00e0 tra\u00e7\u00e3o : Bloqueio eletr\u00f4nico do diferencial (EDS), controle eletr\u00f4nico de tra\u00e7\u00e3o (ASR), controle eletr\u00f4nico de estabilidade (ESC), assist\u00eancia de partida em subida (HSA) e controle autom\u00e1tico de descida (HDC).<br \/>\n\u2022 DESEMPENHO :<br \/>\n\u2022 Velocidade m\u00e1xima (km\/h) : 195<br \/>\n\u2022 Acelera\u00e7\u00e3o de 0 a 100 km\/h (s) : 8<br \/>\n\u2022 SUSPENS\u00c3O :<br \/>\n\u2022 Dianteira : Independente, com bra\u00e7os duplos triangulares, molas helicoidais, amortecedores hidr\u00e1ulicos e barra estabilizadora<br \/>\n\u2022 Traseira : Eixo r\u00edgido, feixe de molas semi-el\u00edpticas de dois est\u00e1gios e amortecedores hidr\u00e1ulicos<br \/>\n\u2022 DIRE\u00c7\u00c3O :<br \/>\n\u2022 Tipo : Sistema de pinh\u00e3o e cremalheira, assist\u00eancia hidr\u00e1ulica progressiva<br \/>\n\u2022 FREIOS :<br \/>\n\u2022 Dianteiros : Disco ventilado<br \/>\n\u2022 Traseiros : Disco r\u00edgido<br \/>\n\u2022 Sistemas auxiliares : ABS com fun\u00e7\u00e3o off-road, sistema de frenagem autom\u00e1tica p\u00f3s-colis\u00e3o, sistema de assist\u00eancia \u00e0 frenagem (BAS), distribui\u00e7\u00e3o eletr\u00f4nica de for\u00e7a de frenagem (EBD), sistema de frenagem sob chuva (RBS).<br \/>\n\u2022 RODAS E PNEUS :<br \/>\n\u2022 Rodas : 7,5 J x 18 de liga-leve<br \/>\n\u2022 Pneus : 255\/60 R18 (Highline)<br \/>\n\u2022 DIMENS\u00d5ES EXTERNAS PRINCIPAIS :<br \/>\n\u2022 Comprimento (mm) : 5254<br \/>\n\u2022 Largura (sem espelhos) (mm) : 1954<br \/>\n\u2022 Altura (mm) : 1834<br \/>\n\u2022 Dist\u00e2ncia entre eixos (mm) : 3097<br \/>\n\u2022 DIMENS\u00d5ES DA CA\u00c7AMBA :<br \/>\n\u2022 Comprimento (mm) : 1555<br \/>\n\u2022 Largura m\u00e1xima (mm) : 1620<br \/>\n\u2022 Largura entre caixas de rodas (mm) : 1222<br \/>\n\u2022 Altura interna (mm) : 508<br \/>\n\u2022 Altura do assoalho em rela\u00e7\u00e3o ao solo (mm) : 780<br \/>\n\u2022 Superficie (m2) : 2,52<br \/>\n\u2022 Volume (litros) : 1280<br \/>\n\u2022 RESERVAT\u00d3RIO DE COMBUST\u00cdVEL :<br \/>\n\u2022 Capacidade (litros) : 80<br \/>\n\u2022 PESOS :<br \/>\n\u2022 Em ordem de marcha (kg) (2) : 2185<br \/>\n\u2022 Carga \u00fatil (kg) : 1105<br \/>\n\u2022 Peso Bruto Total &#8211; PBT (kg) : 3290<\/p>\n<p>Fonte: <a href=\"http:\/\/www.icarros.com.br\/noticias\/lancamentos\/amarok-v6-chega-em-fevereiro-com-225-cv\/23791.html\">ICarros<\/a>\u00a0\/ <a href=\"http:\/\/www.car.blog.br\/2017\/12\/volkswagen-amarok-v6-2018-precos-e.html\">Car Blog<\/a><\/p>\n<p>&nbsp;<\/p>\n<\/div>\n","protected":false},"excerpt":{"rendered":"<p>A Amarok V6, chegou com tudo. Com pr\u00e9 venda j\u00e1 em andamento pelo site da Volkswagen, \u00a0a reserva custar\u00e1 R$ 10 mil para os primeiros interessados. Conhe\u00e7a um pouco sobre a novidade. Baseada na vers\u00e3o top de linha Highline, a novidade ter\u00e1 itens como central multim\u00eddia com espelhamento de smartphones via Android Auto e Apple &hellip;<\/p>\n","protected":false},"author":5,"featured_media":1870,"comment_status":"open","ping_status":"open","sticky":false,"template":"","format":"standard","meta":[],"categories":[2],"tags":[42,74,168,44,155,186,304,305,303,99,54],"_links":{"self":[{"href":"https:\/\/www.brasal.com.br\/veiculos\/blog\/wp-json\/wp\/v2\/posts\/1857"}],"collection":[{"href":"https:\/\/www.brasal.com.br\/veiculos\/blog\/wp-json\/wp\/v2\/posts"}],"about":[{"href":"https:\/\/www.brasal.com.br\/veiculos\/blog\/wp-json\/wp\/v2\/types\/post"}],"author":[{"embeddable":true,"href":"https:\/\/www.brasal.com.br\/veiculos\/blog\/wp-json\/wp\/v2\/users\/5"}],"replies":[{"embeddable":true,"href":"https:\/\/www.brasal.com.br\/veiculos\/blog\/wp-json\/wp\/v2\/comments?post=1857"}],"version-history":[{"count":7,"href":"https:\/\/www.brasal.com.br\/veiculos\/blog\/wp-json\/wp\/v2\/posts\/1857\/revisions"}],"predecessor-version":[{"id":1869,"href":"https:\/\/www.brasal.com.br\/veiculos\/blog\/wp-json\/wp\/v2\/posts\/1857\/revisions\/1869"}],"wp:featuredmedia":[{"embeddable":true,"href":"https:\/\/www.brasal.com.br\/veiculos\/blog\/wp-json\/wp\/v2\/media\/1870"}],"wp:attachment":[{"href":"https:\/\/www.brasal.com.br\/veiculos\/blog\/wp-json\/wp\/v2\/media?parent=1857"}],"wp:term":[{"taxonomy":"category","embeddable":true,"href":"https:\/\/www.brasal.com.br\/veiculos\/blog\/wp-json\/wp\/v2\/categories?post=1857"},{"taxonomy":"post_tag","embeddable":true,"href":"https:\/\/www.brasal.com.br\/veiculos\/blog\/wp-json\/wp\/v2\/tags?post=1857"}],"curies":[{"name":"wp","href":"https:\/\/api.w.org\/{rel}","templated":true}]}}