{"id":1674,"date":"2017-11-01T15:23:42","date_gmt":"2017-11-01T17:23:42","guid":{"rendered":"http:\/\/www.brasal.com.br\/veiculos\/blog\/?p=1674"},"modified":"2017-11-03T08:29:10","modified_gmt":"2017-11-03T10:29:10","slug":"fusion-abra-as-portas-para-a-sofisticacao","status":"publish","type":"post","link":"https:\/\/www.brasal.com.br\/veiculos\/blog\/2017\/11\/01\/fusion-abra-as-portas-para-a-sofisticacao\/","title":{"rendered":"Fusion: Abra as portas para a sofistica\u00e7\u00e3o."},"content":{"rendered":"<h4><strong><img decoding=\"async\" loading=\"lazy\" class=\"alignnone wp-image-1681 size-full\" src=\"http:\/\/www.brasal.com.br\/veiculos\/blog\/wp-content\/uploads\/2017\/11\/fusion.jpg\" alt=\"fusion\" width=\"1250\" height=\"630\" srcset=\"https:\/\/www.brasal.com.br\/veiculos\/blog\/wp-content\/uploads\/2017\/11\/fusion.jpg 1250w, https:\/\/www.brasal.com.br\/veiculos\/blog\/wp-content\/uploads\/2017\/11\/fusion-300x151.jpg 300w, https:\/\/www.brasal.com.br\/veiculos\/blog\/wp-content\/uploads\/2017\/11\/fusion-768x387.jpg 768w, https:\/\/www.brasal.com.br\/veiculos\/blog\/wp-content\/uploads\/2017\/11\/fusion-1024x516.jpg 1024w\" sizes=\"(max-width: 1250px) 100vw, 1250px\" \/><\/strong><\/h4>\n<h4><strong>Especifica\u00e7\u00f5es\u00a0<\/strong><b>T\u00e9cnicas<\/b><\/h4>\n<table>\n<tbody>\n<tr>\n<td class=\"title\">Altura do ve\u00edculo (mm)<\/td>\n<td class=\"data\">1493<\/td>\n<\/tr>\n<tr>\n<td class=\"title\">Capacidade de carga (Kg)<\/td>\n<td class=\"data\">461<\/td>\n<\/tr>\n<tr>\n<td class=\"title\">Comprimento do ve\u00edculo (mm)<\/td>\n<td class=\"data\">4871<\/td>\n<\/tr>\n<tr>\n<td class=\"title\">Combust\u00edvel<\/td>\n<td class=\"data\">Gasolina<\/td>\n<\/tr>\n<tr>\n<td class=\"title\">Desligamento\/Acionamento autom\u00e1tico do motor (AUTO START-STOP)<\/td>\n<td class=\"data\"><\/td>\n<\/tr>\n<tr>\n<td class=\"title\">Dire\u00e7\u00e3o<\/td>\n<td class=\"data\">El\u00e9trica<\/td>\n<\/tr>\n<tr>\n<td class=\"title\">Dist\u00e2ncia entre-eixos (mm)<\/td>\n<td class=\"data\">2850<\/td>\n<\/tr>\n<tr>\n<td class=\"title\">Freios dianteiros<\/td>\n<td class=\"data\">A Disco<\/td>\n<\/tr>\n<tr>\n<td class=\"title\">Freios traseiros<\/td>\n<td class=\"data\">A Disco<\/td>\n<\/tr>\n<tr>\n<td class=\"title\">Largura do ve\u00edculo sem espelhos (mm)<\/td>\n<td class=\"data\">1852<\/td>\n<\/tr>\n<tr>\n<td class=\"title\">Largura do ve\u00edculo com espelhos (mm)<\/td>\n<td class=\"data\">2121<\/td>\n<\/tr>\n<tr>\n<td class=\"title\">Motor<\/td>\n<td class=\"data\">2.0 EcoBoost<\/td>\n<\/tr>\n<tr>\n<td class=\"title\">N\u00famero de cilindros<\/td>\n<td class=\"data\">4<\/td>\n<\/tr>\n<tr>\n<td class=\"title\">Peso do ve\u00edculo em ordem de marcha (Kg)<\/td>\n<td class=\"data\">1626<\/td>\n<\/tr>\n<tr>\n<td class=\"title\">Peso bruto total (Kg)<\/td>\n<td class=\"data\">2087<\/td>\n<\/tr>\n<tr>\n<td class=\"title\">Pneu<\/td>\n<td class=\"data\">235\/45 R18<\/td>\n<\/tr>\n<tr>\n<td class=\"title\">Porta-malas (L)<\/td>\n<td class=\"data\">514<\/td>\n<\/tr>\n<tr>\n<td class=\"title\">Pot\u00eancia (cv)<\/td>\n<td class=\"data\">248 (G)<\/td>\n<\/tr>\n<tr>\n<td class=\"title\">Roda<\/td>\n<td class=\"data\">Liga Leve 18<\/td>\n<\/tr>\n<tr>\n<td class=\"title\">Suspens\u00e3o dianteira<\/td>\n<td class=\"data\">Independente tipo Macpherson<\/td>\n<\/tr>\n<tr>\n<td class=\"title\">Suspens\u00e3o traseira<\/td>\n<td class=\"data\">Independente Controlink<\/td>\n<\/tr>\n<tr>\n<td class=\"title\">Tanque de combust\u00edvel (L)<\/td>\n<td class=\"data\">62<\/td>\n<\/tr>\n<tr>\n<td class=\"title\">Tra\u00e7\u00e3o<\/td>\n<td class=\"data\">Dianteira<\/td>\n<\/tr>\n<tr>\n<td class=\"title\">Torque (Nm)<\/td>\n<td class=\"data\">373 (G)<\/td>\n<\/tr>\n<tr>\n<td class=\"title\">Transmiss\u00e3o Autom\u00e1tica<\/td>\n<td class=\"data\">6 velocidades com PaddleShift<\/td>\n<\/tr>\n<\/tbody>\n<\/table>\n<h4><strong>Exterior<\/strong><\/h4>\n<table>\n<tbody>\n<tr>\n<td class=\"title\">Aplique preto na coluna das portas<\/td>\n<td class=\"data\"><\/td>\n<\/tr>\n<tr>\n<td class=\"title\">Capa dos retrovisores externos<\/td>\n<td class=\"data\">Na cor do ve\u00edculo<\/td>\n<\/tr>\n<tr>\n<td class=\"title\">Escapamento com ponteira cromada<\/td>\n<td class=\"data\"><\/td>\n<\/tr>\n<tr>\n<td class=\"title\">Far\u00f3is com acabamento cromado<\/td>\n<td class=\"data\"><\/td>\n<\/tr>\n<tr>\n<td class=\"title\">Grade dianteira<\/td>\n<td class=\"data\">Cromada<\/td>\n<\/tr>\n<tr>\n<td class=\"title\">Luzes diurnas em LED<\/td>\n<td class=\"data\"><\/td>\n<\/tr>\n<tr>\n<td class=\"title\">Lanterna traseira com luzes de LED<\/td>\n<td class=\"data\"><\/td>\n<\/tr>\n<tr>\n<td class=\"title\">Moldura do farol de neblina dianteiro<\/td>\n<td class=\"data\">Cromada<\/td>\n<\/tr>\n<tr>\n<td class=\"title\">Ma\u00e7anetas externas<\/td>\n<td class=\"data\">Na cor do ve\u00edculo com inserto cromado<\/td>\n<\/tr>\n<tr>\n<td class=\"title\">Para choque traseiro<\/td>\n<td class=\"data\">Na cor do ve\u00edculo<\/td>\n<\/tr>\n<tr>\n<td class=\"title\">Para choque dianteiro<\/td>\n<td class=\"data\">Na cor do ve\u00edculo<\/td>\n<\/tr>\n<tr>\n<td class=\"title\">R\u00e9gua do porta malas<\/td>\n<td class=\"data\">Cromada<\/td>\n<\/tr>\n<tr>\n<td class=\"title\">Teto solar el\u00e9trico<\/td>\n<td class=\"data\"><\/td>\n<\/tr>\n<\/tbody>\n<\/table>\n<h4><strong>Interior<\/strong><\/h4>\n<table>\n<tbody>\n<tr>\n<td class=\"title\">Aviso sonoro de chave na igni\u00e7\u00e3o<\/td>\n<td class=\"data\"><\/td>\n<\/tr>\n<tr>\n<td class=\"title\">Aviso dos far\u00f3is acesos<\/td>\n<td class=\"data\"><\/td>\n<\/tr>\n<tr>\n<td class=\"title\">Aviso de portas abertas<\/td>\n<td class=\"data\"><\/td>\n<\/tr>\n<tr>\n<td class=\"title\">Ar condicionado autom\u00e1tico e digital com controle individual de temperatura para motorista e passageiro<\/td>\n<td class=\"data\"><\/td>\n<\/tr>\n<tr>\n<td class=\"title\">Aquecedor<\/td>\n<td class=\"data\"><\/td>\n<\/tr>\n<tr>\n<td class=\"title\">Apoios de cabe\u00e7a traseiros com regulagem de altura<\/td>\n<td class=\"data\"><\/td>\n<\/tr>\n<tr>\n<td class=\"title\">Apoios de cabe\u00e7a dianteiros com regulagem de altura<\/td>\n<td class=\"data\"><\/td>\n<\/tr>\n<tr>\n<td class=\"title\">Ajuste lombar do banco do motorista<\/td>\n<td class=\"data\">El\u00e9trico<\/td>\n<\/tr>\n<tr>\n<td class=\"title\">Ajuste do banco do passageiro el\u00e9trico<\/td>\n<td class=\"data\">6 Posi\u00e7\u00f5es<\/td>\n<\/tr>\n<tr>\n<td class=\"title\">Ajuste do banco do motorista el\u00e9trico<\/td>\n<td class=\"data\">10 Posi\u00e7\u00f5es<\/td>\n<\/tr>\n<tr>\n<td class=\"title\">Ajuste do banco do motorista e espelhos retrovisores externos com mem\u00f3ria<\/td>\n<td class=\"data\"><\/td>\n<\/tr>\n<tr>\n<td class=\"title\">Ajuste de altura e profundidade do volante<\/td>\n<td class=\"data\"><\/td>\n<\/tr>\n<tr>\n<td class=\"title\">Bolso porta-revistas atr\u00e1s do banco dianteiro<\/td>\n<td class=\"data\"><\/td>\n<\/tr>\n<tr>\n<td class=\"title\">Bancos revestidos em couro*<\/td>\n<td class=\"data\"><\/td>\n<\/tr>\n<tr>\n<td class=\"title\">Bancos dianteiros com aquecimento<\/td>\n<td class=\"data\"><\/td>\n<\/tr>\n<tr>\n<td class=\"title\">Banco traseiro rebat\u00edvel<\/td>\n<td class=\"data\"><\/td>\n<\/tr>\n<tr>\n<td class=\"title\">Banco traseiro bipartido<\/td>\n<td class=\"data\"><\/td>\n<\/tr>\n<tr>\n<td class=\"title\">Controle da intensidade da luz do painel<\/td>\n<td class=\"data\"><\/td>\n<\/tr>\n<tr>\n<td class=\"title\">Console de teto com porta \u00f3culos<\/td>\n<td class=\"data\"><\/td>\n<\/tr>\n<tr>\n<td class=\"title\">Console central com porta objetos<\/td>\n<td class=\"data\"><\/td>\n<\/tr>\n<tr>\n<td class=\"title\">Desemba\u00e7ador do vidro traseiro<\/td>\n<td class=\"data\"><\/td>\n<\/tr>\n<tr>\n<td class=\"title\">Descansa bra\u00e7o integrado ao console central<\/td>\n<td class=\"data\"><\/td>\n<\/tr>\n<tr>\n<td class=\"title\">Descansa bra\u00e7o central integrado ao banco traseiro<\/td>\n<td class=\"data\"><\/td>\n<\/tr>\n<tr>\n<td class=\"title\">Ilumina\u00e7\u00e3o do porta-malas<\/td>\n<td class=\"data\"><\/td>\n<\/tr>\n<tr>\n<td class=\"title\">Ilumina\u00e7\u00e3o do porta-luvas<\/td>\n<td class=\"data\"><\/td>\n<\/tr>\n<tr>\n<td class=\"title\">Luz de leitura<\/td>\n<td class=\"data\">Dianteira \/ Traseira<\/td>\n<\/tr>\n<tr>\n<td class=\"title\">Luz de cortesia<\/td>\n<td class=\"data\">Dianteira \/ Traseira e com temporizador<\/td>\n<\/tr>\n<tr>\n<td class=\"title\">Porta-malas com abertura el\u00e9trica<\/td>\n<td class=\"data\"><\/td>\n<\/tr>\n<tr>\n<td class=\"title\">Porta luvas<\/td>\n<td class=\"data\"><\/td>\n<\/tr>\n<tr>\n<td class=\"title\">Porta Copos<\/td>\n<td class=\"data\"><\/td>\n<\/tr>\n<tr>\n<td class=\"title\">Ponto de For\u00e7a 12V<\/td>\n<td class=\"data\">3<\/td>\n<\/tr>\n<tr>\n<td class=\"title\">P\u00e1ra-sol do passageiro com espelho de cortesia<\/td>\n<td class=\"data\">Com ilumina\u00e7\u00e3o<\/td>\n<\/tr>\n<tr>\n<td class=\"title\">P\u00e1ra-sol do motorista com espelho de cortesia<\/td>\n<td class=\"data\">Com ilumina\u00e7\u00e3o<\/td>\n<\/tr>\n<tr>\n<td class=\"title\">Sa\u00eddas de ar para o banco traseiro<\/td>\n<td class=\"data\"><\/td>\n<\/tr>\n<tr>\n<td class=\"title\">Tapetes em carpete<\/td>\n<td class=\"data\">Dianteiros \/ Traseiros<\/td>\n<\/tr>\n<tr>\n<td class=\"title\">Vidros ac\u00fasticos<\/td>\n<td class=\"data\"><\/td>\n<\/tr>\n<tr>\n<td class=\"title\">Vidros el\u00e9tricos Dianteiros \/ Traseiros com sistema de abertura \/ fechamento com um toque para cima \/ baixo<\/td>\n<td class=\"data\"><\/td>\n<\/tr>\n<tr>\n<td class=\"title\">Vidros el\u00e9tricos<\/td>\n<td class=\"data\"><\/td>\n<\/tr>\n<tr>\n<td class=\"title\">Volante revestido em couro<\/td>\n<td class=\"data\"><\/td>\n<\/tr>\n<\/tbody>\n<\/table>\n<h4><strong>Seguran\u00e7a<\/strong><\/h4>\n<table>\n<tbody>\n<tr>\n<td class=\"title\">8 airbags (Frontais, Laterais e Cortina e Joelhos para motorista e passageiro)<\/td>\n<td class=\"data\"><\/td>\n<\/tr>\n<tr>\n<td class=\"title\">Aviso de utiliza\u00e7\u00e3o do cinto de seguran\u00e7a<\/td>\n<td class=\"data\">Motorista \/ Passageiro<\/td>\n<\/tr>\n<tr>\n<td class=\"title\">Assistente de Partida em Rampas (HLA)<\/td>\n<td class=\"data\"><\/td>\n<\/tr>\n<tr>\n<td class=\"title\">Assistente em Frenagem de Emerg\u00eancia (EBA)<\/td>\n<td class=\"data\"><\/td>\n<\/tr>\n<tr>\n<td class=\"title\">AdvanceTrac\u00ae &#8211; Controle eletr\u00f4nico de estabilidade (ESC) e tra\u00e7\u00e3o (TCS)<\/td>\n<td class=\"data\"><\/td>\n<\/tr>\n<tr>\n<td class=\"title\">Al\u00e7as de seguran\u00e7a<\/td>\n<td class=\"data\">4<\/td>\n<\/tr>\n<tr>\n<td class=\"title\">Alarme anti furto<\/td>\n<td class=\"data\">Perim\u00e9trico<\/td>\n<\/tr>\n<tr>\n<td class=\"title\">Abertura el\u00e9trica da tampa do combust\u00edvel<\/td>\n<td class=\"data\"><\/td>\n<\/tr>\n<tr>\n<td class=\"title\">Abertura e fechamento global das portas, vidros e teto solar<\/td>\n<td class=\"data\"><\/td>\n<\/tr>\n<tr>\n<td class=\"title\">Abertura das portas por c\u00f3digo (Keypad)<\/td>\n<td class=\"data\"><\/td>\n<\/tr>\n<tr>\n<td class=\"title\">Cintos de seguran\u00e7a traseiros laterais e central de 3 pontos<\/td>\n<td class=\"data\"><\/td>\n<\/tr>\n<tr>\n<td class=\"title\">Cintos de seguran\u00e7a dianteiros com ajuste de altura<\/td>\n<td class=\"data\"><\/td>\n<\/tr>\n<tr>\n<td class=\"title\">Cintos de Seguran\u00e7a traseiros laterais Infl\u00e1veis<\/td>\n<td class=\"data\"><\/td>\n<\/tr>\n<tr>\n<td class=\"title\">Farol de neblina dianteiro<\/td>\n<td class=\"data\"><\/td>\n<\/tr>\n<tr>\n<td class=\"title\">Far\u00f3is com temporizador (Follow me Home)<\/td>\n<td class=\"data\"><\/td>\n<\/tr>\n<tr>\n<td class=\"title\">Freios ABS com EBD<\/td>\n<td class=\"data\"><\/td>\n<\/tr>\n<tr>\n<td class=\"title\">Luz elevada de freio (Brake-light)<\/td>\n<td class=\"data\"><\/td>\n<\/tr>\n<tr>\n<td class=\"title\">LATCH &#8211; Ganchos de ancoragem e fita para seguran\u00e7a de cadeiras de crian\u00e7as<\/td>\n<td class=\"data\"><\/td>\n<\/tr>\n<tr>\n<td class=\"title\">My Key &#8211; Chave program\u00e1vel com fun\u00e7\u00f5es de seguran\u00e7a<\/td>\n<td class=\"data\"><\/td>\n<\/tr>\n<tr>\n<td class=\"title\">PATS &#8211; Sistema Ford anti-furto<\/td>\n<td class=\"data\"><\/td>\n<\/tr>\n<tr>\n<td class=\"title\">Retrovisores externos com aquecimento<\/td>\n<td class=\"data\"><\/td>\n<\/tr>\n<tr>\n<td class=\"title\">Retrovisores externos com luz de aproxima\u00e7\u00e3o<\/td>\n<td class=\"data\"><\/td>\n<\/tr>\n<tr>\n<td class=\"title\">Retrovisores externos com ajuste el\u00e9trico<\/td>\n<td class=\"data\"><\/td>\n<\/tr>\n<tr>\n<td class=\"title\">Retrovisores externos com indicador de dire\u00e7\u00e3o<\/td>\n<td class=\"data\"><\/td>\n<\/tr>\n<tr>\n<td class=\"title\">Retrovisores externos com rebatimento el\u00e9trico<\/td>\n<td class=\"data\"><\/td>\n<\/tr>\n<tr>\n<td class=\"title\">Sistema Alerta P\u00f3s Acidente<\/td>\n<td class=\"data\"><\/td>\n<\/tr>\n<tr>\n<td class=\"title\">Sensor de monitoramento de press\u00e3o dos pneus<\/td>\n<td class=\"data\"><\/td>\n<\/tr>\n<tr>\n<td class=\"title\">Sensor de estacionamento traseiro<\/td>\n<td class=\"data\"><\/td>\n<\/tr>\n<tr>\n<td class=\"title\">Travamento autom\u00e1tico das portas<\/td>\n<td class=\"data\"><\/td>\n<\/tr>\n<tr>\n<td class=\"title\">Trava el\u00e9trica das portas<\/td>\n<td class=\"data\"><\/td>\n<\/tr>\n<tr>\n<td class=\"title\">Trava de seguran\u00e7a para crian\u00e7as nas portas traseiras<\/td>\n<td class=\"data\"><\/td>\n<\/tr>\n<tr>\n<td class=\"title\">Travamento dos vidros traseiros pelo motorista<\/td>\n<\/tr>\n<\/tbody>\n<\/table>\n<h4><strong>Tecnologia<\/strong><\/h4>\n<table>\n<tbody>\n<tr>\n<td class=\"title\">Assist\u00eancia de Emerg\u00eancia<\/td>\n<td class=\"data\"><\/td>\n<\/tr>\n<tr>\n<td class=\"title\">Alto falantes<\/td>\n<td class=\"data\">7 alto falantes + 4 tweeters<\/td>\n<\/tr>\n<tr>\n<td class=\"title\">Acendimento autom\u00e1tico dos far\u00f3is<\/td>\n<td class=\"data\"><\/td>\n<\/tr>\n<tr>\n<td class=\"title\">AppLink<\/td>\n<td class=\"data\"><\/td>\n<\/tr>\n<tr>\n<td class=\"title\">Comandos de voz com fun\u00e7\u00f5es de \u00e1udio, telefone, ar condicionado e navegador<\/td>\n<td class=\"data\"><\/td>\n<\/tr>\n<tr>\n<td class=\"title\">Conex\u00e3o bluetooth<\/td>\n<td class=\"data\"><\/td>\n<\/tr>\n<tr>\n<td class=\"title\">CD Player MP3<\/td>\n<td class=\"data\"><\/td>\n<\/tr>\n<tr>\n<td class=\"title\">C\u00e2mera de r\u00e9<\/td>\n<td class=\"data\"><\/td>\n<\/tr>\n<tr>\n<td class=\"title\">Controles de \u00e1udio no volante<\/td>\n<td class=\"data\"><\/td>\n<\/tr>\n<tr>\n<td class=\"title\">Controle ativo da grade frontal<\/td>\n<td class=\"data\"><\/td>\n<\/tr>\n<tr>\n<td class=\"title\">Computador de bordo<\/td>\n<td class=\"data\"><\/td>\n<\/tr>\n<tr>\n<td class=\"title\">Conectividade com Car Play e Android Auto<\/td>\n<td class=\"data\"><\/td>\n<\/tr>\n<tr>\n<td class=\"title\">Chave com sensor de presen\u00e7a: Acesso inteligente e Partida sem chave- Ford Power<\/td>\n<td class=\"data\"><\/td>\n<\/tr>\n<tr>\n<td class=\"title\">Entrada USB<\/td>\n<td class=\"data\">2<\/td>\n<\/tr>\n<tr>\n<td class=\"title\">Espelho retrovisore externo (motorista) eletrocr\u00f4micos<\/td>\n<td class=\"data\"><\/td>\n<\/tr>\n<tr>\n<td class=\"title\">Espelho retrovisor interno eletrocr\u00f4mico<\/td>\n<td class=\"data\"><\/td>\n<\/tr>\n<tr>\n<td class=\"title\">Leitura e envio de mensagens SMS<\/td>\n<td class=\"data\"><\/td>\n<\/tr>\n<tr>\n<td class=\"title\">Limpador do p\u00e1ra-brisa com temporizador e velocidade vari\u00e1vel<\/td>\n<td class=\"data\"><\/td>\n<\/tr>\n<tr>\n<td class=\"title\">Piloto autom\u00e1tico<\/td>\n<td class=\"data\"><\/td>\n<\/tr>\n<tr>\n<td class=\"title\">Palhetas do tipo &#8220;Flat Blade&#8221;<\/td>\n<td class=\"data\"><\/td>\n<\/tr>\n<tr>\n<td class=\"title\">Partida remota &#8211; acionamento do motor atrav\u00e9s do controle remoto<\/td>\n<td class=\"data\"><\/td>\n<\/tr>\n<tr>\n<td class=\"title\">Radio AM, FM<\/td>\n<td class=\"data\"><\/td>\n<\/tr>\n<tr>\n<td class=\"title\">Sistema de navega\u00e7\u00e3o<\/td>\n<td class=\"data\"><\/td>\n<\/tr>\n<tr>\n<td class=\"title\">Sync \u00ae 3<\/td>\n<td class=\"data\"><\/td>\n<\/tr>\n<tr>\n<td class=\"title\">Tela de LCD multifuncional touchscreen no painel central<\/td>\n<td class=\"data\">8<\/td>\n<\/tr>\n<tr>\n<td class=\"title\">Tela de LCD multifuncional configur\u00e1vel no painel de intrumentos<\/td>\n<td class=\"data\">2 Telas de 4,2<\/td>\n<\/tr>\n<\/tbody>\n<\/table>\n","protected":false},"excerpt":{"rendered":"<p>Especifica\u00e7\u00f5es\u00a0T\u00e9cnicas Altura do ve\u00edculo (mm) 1493 Capacidade de carga (Kg) 461 Comprimento do ve\u00edculo (mm) 4871 Combust\u00edvel Gasolina Desligamento\/Acionamento autom\u00e1tico do motor (AUTO START-STOP) Dire\u00e7\u00e3o El\u00e9trica Dist\u00e2ncia entre-eixos (mm) 2850 Freios dianteiros A Disco Freios traseiros A Disco Largura do ve\u00edculo sem espelhos (mm) 1852 Largura do ve\u00edculo com espelhos (mm) 2121 Motor 2.0 EcoBoost &hellip;<\/p>\n","protected":false},"author":5,"featured_media":1681,"comment_status":"open","ping_status":"open","sticky":false,"template":"","format":"standard","meta":[],"categories":[274],"tags":[74,168,171,192,276,234,288],"_links":{"self":[{"href":"https:\/\/www.brasal.com.br\/veiculos\/blog\/wp-json\/wp\/v2\/posts\/1674"}],"collection":[{"href":"https:\/\/www.brasal.com.br\/veiculos\/blog\/wp-json\/wp\/v2\/posts"}],"about":[{"href":"https:\/\/www.brasal.com.br\/veiculos\/blog\/wp-json\/wp\/v2\/types\/post"}],"author":[{"embeddable":true,"href":"https:\/\/www.brasal.com.br\/veiculos\/blog\/wp-json\/wp\/v2\/users\/5"}],"replies":[{"embeddable":true,"href":"https:\/\/www.brasal.com.br\/veiculos\/blog\/wp-json\/wp\/v2\/comments?post=1674"}],"version-history":[{"count":4,"href":"https:\/\/www.brasal.com.br\/veiculos\/blog\/wp-json\/wp\/v2\/posts\/1674\/revisions"}],"predecessor-version":[{"id":1684,"href":"https:\/\/www.brasal.com.br\/veiculos\/blog\/wp-json\/wp\/v2\/posts\/1674\/revisions\/1684"}],"wp:featuredmedia":[{"embeddable":true,"href":"https:\/\/www.brasal.com.br\/veiculos\/blog\/wp-json\/wp\/v2\/media\/1681"}],"wp:attachment":[{"href":"https:\/\/www.brasal.com.br\/veiculos\/blog\/wp-json\/wp\/v2\/media?parent=1674"}],"wp:term":[{"taxonomy":"category","embeddable":true,"href":"https:\/\/www.brasal.com.br\/veiculos\/blog\/wp-json\/wp\/v2\/categories?post=1674"},{"taxonomy":"post_tag","embeddable":true,"href":"https:\/\/www.brasal.com.br\/veiculos\/blog\/wp-json\/wp\/v2\/tags?post=1674"}],"curies":[{"name":"wp","href":"https:\/\/api.w.org\/{rel}","templated":true}]}}